{"id":44654,"date":"2024-08-22T06:24:20","date_gmt":"2024-08-22T11:24:20","guid":{"rendered":"https:\/\/politicosaldesnudo.com.mx\/?p=44654"},"modified":"2024-08-21T21:38:17","modified_gmt":"2024-08-22T02:38:17","slug":"atacan-a-balazos-al-periodista-ariel-grajales-en-villaflores-chiapas","status":"publish","type":"post","link":"https:\/\/politicosaldesnudo.com.mx\/index.php\/2024\/08\/22\/atacan-a-balazos-al-periodista-ariel-grajales-en-villaflores-chiapas\/","title":{"rendered":"Atacan a balazos al periodista Ariel Grajales en Villaflores, Chiapas"},"content":{"rendered":"<div>\n<div id=\"content-body-225-12431999\">\n<p><span style=\"font-size: 14pt;\">En las primeras horas de este mi\u00e9rcoles un grupo armado atac\u00f3 a balazos al\u00a0periodista Ariel Grajales Rodas, director de la p\u00e1gina digital\u00a0Villaflores.com, por lo que fue trasladado a un hospital y su estado de salud se reporta como grave.<\/span><\/p>\n<p><span style=\"font-size: 14pt;\">La Fiscal\u00eda General del Estado (FGE) dijo que se iniciaron las investigaciones correspondientes contra quien o quienes resulten responsables de los hechos donde\u00a0Ariel Grajales fue lesionado con arma de fuego.<\/span><\/p>\n<\/div>\n<\/div>\n<div>\n<div id=\"dfp-nota-1x1s\" data-google-query-id=\"COCk67TIh4gDFeqpAAAddEQ5tA\">\n<div id=\"google_ads_iframe_\/2000002\/la-prensa\/mexico_nota_1x1_0__container__\"><span style=\"font-size: 14pt;\">La Fiscal\u00eda de Distrito Fraylesca detalla que en las primeras horas de este 21 de agosto recibi\u00f3 el reporte de 911 en el que se informaba que en el barrio Esquipulas de Villaflores,\u00a0un grupo de hombres armados ingresaron a la casa de la v\u00edctima, de oficio periodista, lesion\u00e1ndolo con proyectiles de arma de fuego.<\/span><\/div>\n<\/div>\n<\/div>\n<article>\n<div id=\"content-body-5851641-12431999\">\n<p><span style=\"font-size: 14pt;\">El periodista con m\u00e1s de 30 a\u00f1os de experiencia en medios de informaci\u00f3n, era muy activo en sus redes sociales, en donde destacaba denuncias y actos de violencia en el estado. En una de sus \u00faltimas publicaciones resaltaba el cobro de piso en la regi\u00f3n Frailesca.<\/span><\/p>\n<p><span style=\"font-size: 14pt;\">\u201cAgarr\u00e1 tu segundo piso. Va parejo la vara a toda actividad comercial en la Frailesca\u201d, dice el post publicado el d\u00eda de ayer en Facebook.<\/span><\/p>\n<p><span style=\"font-size: 14pt;\">\u00bfCu\u00e1ntos ataques a reporteros se han registrado en Chiapas?<\/span><\/p>\n<p><span style=\"font-size: 14pt;\">En los \u00faltimos seis a\u00f1os se han registrado\u00a0cuatro ataques en contra de periodistas de Chiapas, contando el m\u00e1s reciente de\u00a0Ariel Grajales, en donde han perdido la vida tres de ellos.<\/span><\/p>\n<p><span style=\"font-size: 14pt;\">El 21 de septiembre de 2018,\u00a0Mario G\u00f3mez, periodista y corresponsal de El Heraldo Chiapas, fue asesinado cuando sal\u00eda de su municipio en Yajal\u00f3n.<\/span><\/p>\n<p><span style=\"font-size: 14pt;\">El periodista fue atendido por personal de urgencias del hospital de Yajal\u00f3n, pero debido a la gravedad de las lesiones falleci\u00f3.<\/span><\/p>\n<p><span style=\"font-size: 14pt;\">Tres a\u00f1os despu\u00e9s, el 28 de octubre de 2021,\u00a0Fredy L\u00f3pez Ar\u00e9valo fue asesinado mientras intentaba ingresar a su domicilio\u00a0en San Crist\u00f3bal de las Casas, junto con su esposa Gabriela y sus hijos.<\/span><\/p>\n<p><span style=\"font-size: 14pt;\">El agresor se acerc\u00f3 al director del portal \u201cJovel\u201d para dispararle en la puerta de su casa, ubicada en la colonia Las Rosas, cuando regresaban de un viaje a la ciudad de Tuxtla Guti\u00e9rrez y se encontraba bajando algunas cosas de su autom\u00f3vil para ingresar a su casa.<\/span><\/p>\n<p><span style=\"font-size: 14pt;\">Y el 28 de junio del presente a\u00f1o, el periodista\u00a0V\u00edctor Alonso Morales, director del medio de comunicaci\u00f3n \u2018Realidades\u2019, fue hallado sin vida en el tramo carretero de la autopista Ocozocoautla-Arriaga.<\/span><\/p>\n<p><span style=\"font-size: 14pt;\">El comunicador vest\u00eda playera celeste, pantal\u00f3n de mezclilla azul y tenis negros. Se encontraba atado de manos y ten\u00eda la cabeza cubierta con una manta negra.<\/span><\/p>\n<\/div>\n<\/article>\n","protected":false},"excerpt":{"rendered":"<p>En las primeras horas de este mi\u00e9rcoles un grupo armado atac\u00f3 a balazos al\u00a0periodista Ariel Grajales Rodas, director de la<\/p>\n","protected":false},"author":4,"featured_media":44655,"comment_status":"closed","ping_status":"closed","sticky":false,"template":"","format":"standard","meta":{"colormag_page_container_layout":"default_layout","colormag_page_sidebar_layout":"default_layout","_jetpack_memberships_contains_paid_content":false,"footnotes":"","jetpack_publicize_message":"","jetpack_publicize_feature_enabled":true,"jetpack_social_post_already_shared":false,"jetpack_social_options":{"image_generator_settings":{"template":"highway","default_image_id":0,"font":"","enabled":false},"version":2}},"categories":[33],"tags":[],"class_list":["post-44654","post","type-post","status-publish","format-standard","has-post-thumbnail","hentry","category-nacional"],"jetpack_publicize_connections":[],"jetpack_featured_media_url":"https:\/\/i0.wp.com\/politicosaldesnudo.com.mx\/wp-content\/uploads\/2024\/08\/Periodista-Ariel-Grajales-Rodas.jpg?fit=768%2C479&ssl=1","jetpack-related-posts":[],"jetpack_sharing_enabled":true,"_links":{"self":[{"href":"https:\/\/politicosaldesnudo.com.mx\/index.php\/wp-json\/wp\/v2\/posts\/44654","targetHints":{"allow":["GET"]}}],"collection":[{"href":"https:\/\/politicosaldesnudo.com.mx\/index.php\/wp-json\/wp\/v2\/posts"}],"about":[{"href":"https:\/\/politicosaldesnudo.com.mx\/index.php\/wp-json\/wp\/v2\/types\/post"}],"author":[{"embeddable":true,"href":"https:\/\/politicosaldesnudo.com.mx\/index.php\/wp-json\/wp\/v2\/users\/4"}],"replies":[{"embeddable":true,"href":"https:\/\/politicosaldesnudo.com.mx\/index.php\/wp-json\/wp\/v2\/comments?post=44654"}],"version-history":[{"count":0,"href":"https:\/\/politicosaldesnudo.com.mx\/index.php\/wp-json\/wp\/v2\/posts\/44654\/revisions"}],"wp:featuredmedia":[{"embeddable":true,"href":"https:\/\/politicosaldesnudo.com.mx\/index.php\/wp-json\/wp\/v2\/media\/44655"}],"wp:attachment":[{"href":"https:\/\/politicosaldesnudo.com.mx\/index.php\/wp-json\/wp\/v2\/media?parent=44654"}],"wp:term":[{"taxonomy":"category","embeddable":true,"href":"https:\/\/politicosaldesnudo.com.mx\/index.php\/wp-json\/wp\/v2\/categories?post=44654"},{"taxonomy":"post_tag","embeddable":true,"href":"https:\/\/politicosaldesnudo.com.mx\/index.php\/wp-json\/wp\/v2\/tags?post=44654"}],"curies":[{"name":"wp","href":"https:\/\/api.w.org\/{rel}","templated":true}]}}