{"id":44663,"date":"2024-08-22T06:27:17","date_gmt":"2024-08-22T11:27:17","guid":{"rendered":"https:\/\/politicosaldesnudo.com.mx\/?p=44663"},"modified":"2024-08-21T21:45:07","modified_gmt":"2024-08-22T02:45:07","slug":"piden-regular-circulacion-de-vehiculos-pesados","status":"publish","type":"post","link":"https:\/\/politicosaldesnudo.com.mx\/index.php\/2024\/08\/22\/piden-regular-circulacion-de-vehiculos-pesados\/","title":{"rendered":"Piden regular circulaci\u00f3n de veh\u00edculos pesados"},"content":{"rendered":"<p><span style=\"font-size: 14pt;\">La circulaci\u00f3n de veh\u00edculos de carga pesada y exceso de dimensiones en las calles centrales de la ciudad puede generar destrozos y caos vial, por lo que el Reglamento Municipal de Tr\u00e1nsito y Vialidad ha establecido que solo pueden circular por el libramiento Adolfo L\u00f3pez Mateos.<\/span><\/p>\n<p><span style=\"font-size: 14pt;\">Esto se debe a que la circulaci\u00f3n de estos veh\u00edculos representa un riesgo para la infraestructura de la ciudad, generando baches y deteriorando las vialidades que no est\u00e1n dise\u00f1adas para soportar este tipo de unidades.<\/span><\/p>\n<p><span style=\"font-size: 14pt;\">Adem\u00e1s, la circulaci\u00f3n de veh\u00edculos de carga pesada y exceso de dimensiones puede generar accidentes y choques, especialmente en condiciones clim\u00e1ticas adversas como la neblina.<\/span><\/p>\n<p><span style=\"font-size: 14pt;\">Esto puede afectar no solo a los conductores de los veh\u00edculos de carga, sino tambi\u00e9n a los ciclistas, conductores de veh\u00edculos peque\u00f1os, peatones y pasajeros de autobuses y taxis.<\/span><\/p>\n<p><span style=\"font-size: 14pt;\">Un automovilista particular relat\u00f3 una experiencia aterradora en la que casi choc\u00f3 con un tr\u00e1iler que estaba dando vuelta en reversa en la Autopista Tuxpan-Tampico. \u00abEs algo peligroso y debe regularizarse\u00bb, afirm\u00f3.<\/span><\/p>\n<p><span style=\"font-size: 14pt;\">Para evitar accidentes, es importante que los conductores de veh\u00edculos de carga pesada y exceso de dimensiones tengan un mayor control de sus unidades y soliciten los permisos de circulaci\u00f3n correspondientes.<\/span><\/p>\n<p><span style=\"font-size: 14pt;\">Las empresas deben solicitar previamente un permiso de carga y descarga ante la Direcci\u00f3n de Tr\u00e1nsito y Vialidad municipal para ingresar a la ciudad.<\/span><\/p>\n<p><span style=\"font-size: 14pt;\">Adem\u00e1s, es fundamental que se realicen inspecciones mec\u00e1nicas, hidr\u00e1ulicas y de neum\u00e1ticos diarios, as\u00ed como la capacitaci\u00f3n de los conductores para garantizar el traslado cuidadoso de mercanc\u00edas.<\/span><\/p>\n<p><span style=\"font-size: 14pt;\">La seguridad vial es un tema que requiere la colaboraci\u00f3n de todos, y es importante que se tomen medidas para prevenir accidentes y proteger la infraestructura de la ciudad.<\/span><\/p>\n<p><span style=\"font-size: 14pt;\">En este sentido conductores de la ciudad se\u00f1alan que los agentes de Tr\u00e1nsito deben estar atentos a estas situaciones, y en dado caso que exista permiso para que una unidad de grandes dimensiones pase por el bulevar, lo hagan en horarios donde no haya movimiento vehicular en exceso.<\/span><\/p>\n","protected":false},"excerpt":{"rendered":"<p>La circulaci\u00f3n de veh\u00edculos de carga pesada y exceso de dimensiones en las calles centrales de la ciudad puede generar<\/p>\n","protected":false},"author":4,"featured_media":44664,"comment_status":"closed","ping_status":"closed","sticky":false,"template":"","format":"standard","meta":{"colormag_page_container_layout":"default_layout","colormag_page_sidebar_layout":"default_layout","_jetpack_memberships_contains_paid_content":false,"footnotes":"","jetpack_publicize_message":"","jetpack_publicize_feature_enabled":true,"jetpack_social_post_already_shared":false,"jetpack_social_options":{"image_generator_settings":{"template":"highway","default_image_id":0,"font":"","enabled":false},"version":2}},"categories":[1082],"tags":[],"class_list":["post-44663","post","type-post","status-publish","format-standard","has-post-thumbnail","hentry","category-tuxpan"],"jetpack_publicize_connections":[],"jetpack_featured_media_url":"https:\/\/i0.wp.com\/politicosaldesnudo.com.mx\/wp-content\/uploads\/2024\/08\/4b1.jpg?fit=1024%2C576&ssl=1","jetpack-related-posts":[],"jetpack_sharing_enabled":true,"_links":{"self":[{"href":"https:\/\/politicosaldesnudo.com.mx\/index.php\/wp-json\/wp\/v2\/posts\/44663","targetHints":{"allow":["GET"]}}],"collection":[{"href":"https:\/\/politicosaldesnudo.com.mx\/index.php\/wp-json\/wp\/v2\/posts"}],"about":[{"href":"https:\/\/politicosaldesnudo.com.mx\/index.php\/wp-json\/wp\/v2\/types\/post"}],"author":[{"embeddable":true,"href":"https:\/\/politicosaldesnudo.com.mx\/index.php\/wp-json\/wp\/v2\/users\/4"}],"replies":[{"embeddable":true,"href":"https:\/\/politicosaldesnudo.com.mx\/index.php\/wp-json\/wp\/v2\/comments?post=44663"}],"version-history":[{"count":0,"href":"https:\/\/politicosaldesnudo.com.mx\/index.php\/wp-json\/wp\/v2\/posts\/44663\/revisions"}],"wp:featuredmedia":[{"embeddable":true,"href":"https:\/\/politicosaldesnudo.com.mx\/index.php\/wp-json\/wp\/v2\/media\/44664"}],"wp:attachment":[{"href":"https:\/\/politicosaldesnudo.com.mx\/index.php\/wp-json\/wp\/v2\/media?parent=44663"}],"wp:term":[{"taxonomy":"category","embeddable":true,"href":"https:\/\/politicosaldesnudo.com.mx\/index.php\/wp-json\/wp\/v2\/categories?post=44663"},{"taxonomy":"post_tag","embeddable":true,"href":"https:\/\/politicosaldesnudo.com.mx\/index.php\/wp-json\/wp\/v2\/tags?post=44663"}],"curies":[{"name":"wp","href":"https:\/\/api.w.org\/{rel}","templated":true}]}}