{"id":44737,"date":"2024-08-23T07:55:02","date_gmt":"2024-08-23T12:55:02","guid":{"rendered":"https:\/\/politicosaldesnudo.com.mx\/?p=44737"},"modified":"2024-08-23T07:55:02","modified_gmt":"2024-08-23T12:55:02","slug":"confirman-muerte-de-jonathan-bloomer-presidente-de-morgan-stanley-tras-hundimiento-de-un-yate","status":"publish","type":"post","link":"https:\/\/politicosaldesnudo.com.mx\/index.php\/2024\/08\/23\/confirman-muerte-de-jonathan-bloomer-presidente-de-morgan-stanley-tras-hundimiento-de-un-yate\/","title":{"rendered":"Confirman muerte de Jonathan Bloomer, presidente de Morgan Stanley, tras hundimiento de un yate"},"content":{"rendered":"<div>\n<div id=\"content-body-225-12438179\">\n<p><span style=\"font-size: 14pt;\">Jonathan Bloomer, presidente de\u00a0Morgan Stanley International, as\u00ed como su esposa, murieron tras el hundimiento del yate del empresario\u00a0Mike Lynch\u00a0en Italia el pasado 19 de agosto.<\/span><\/p>\n<p><span style=\"font-size: 14pt;\">\u00abEran personas incre\u00edbles y una fuente de inspiraci\u00f3n para muchos, pero por encima de todo se centraban en su familia y la amaban\u00bb, declar\u00f3 su familia en un comunicado el jueves.<\/span><\/p>\n<\/div>\n<\/div>\n<div>\n<div id=\"dfp-nota-1x3s\" data-google-query-id=\"CMmd1omUi4gDFa_5GAIdz6oTVQ\">\n<div id=\"google_ads_iframe_\/2000002\/la-prensa\/mexico_nota_1x3_0__container__\">\n<div id=\"inArticle_1\">\n<div>\n<div>\n<div>\n<div><span style=\"font-size: 14pt;\">\u00abJuntos durante cinco d\u00e9cadas, nuestro \u00fanico consuelo es que siguen juntos hoy\u00bb, dijeron.<\/span><\/div>\n<\/div>\n<\/div>\n<\/div>\n<\/div>\n<\/div>\n<\/div>\n<\/div>\n<article>\n<div id=\"content-body-5851641-12438179\">\n<p><span style=\"font-size: 14pt;\">Los testigos iniciales informaron de que el alt\u00edsimo m\u00e1stil de 75 metros del yate se hab\u00eda roto, pero nueva informaci\u00f3n indic\u00f3 el mi\u00e9rcoles que puede no haber sido as\u00ed.<\/span><\/p>\n<p><span style=\"font-size: 14pt;\">La\u00a0velocidad a la que se hundi\u00f3 el barco\u00a0y el hecho de que las dem\u00e1s embarcaciones a su alrededor no se vieran afectadas plantean dudas, en particular sobre si la quilla lastrada, que act\u00faa como contrapeso del imponente m\u00e1stil, estaba bajada o subida en el momento de la tormenta.<\/span><\/p>\n<p><span style=\"font-size: 14pt;\">El patr\u00f3n de The Italian Sea Group, propietario del astillero Perini Navi que construy\u00f3 el \u00abBayesian\u00bb, apunt\u00f3 a un\u00a0error humano.<\/span><\/p>\n<section>\n<div>\n<div><span style=\"font-size: 14pt;\">\u00abTodo lo ocurrido apunta a una larga serie de errores.\u00a0Los pasajeros no deb\u00edan estar en los camarotes, el barco no deb\u00eda estar fondeado\u00bb, declar\u00f3 el jueves Giovanni Costantino en una entrevista al diario italiano Corriere della Sera.<\/span><\/div>\n<\/div>\n<\/section>\n<p><span style=\"font-size: 14pt;\">\u00abUn barco de Perini resisti\u00f3 al hurac\u00e1n Katrina, un hurac\u00e1n de categor\u00eda 5\u00bb que devast\u00f3 Estados Unidos en 2005, subray\u00f3. \u00ab\u00bfLe parece que no puede resistir un tornado de aqu\u00ed?\u00bb.<\/span><\/p>\n<p><span style=\"font-size: 14pt;\">\u00abEs costumbre que cuando el barco est\u00e1 fondeado haya un guardia en cubierta, y si estaba all\u00ed, no pod\u00eda no haber visto venir la tormenta\u00bb, subray\u00f3 el armador.<\/span><\/p>\n<p><span style=\"font-size: 14pt;\">\u00abEn cambio, (este yate) hizo agua mientras los invitados segu\u00edan en sus camarotes. Basta con un \u00e1ngulo de 40 grados para que las personas en un camarote se encuentren con la puerta encima: \u00bfse imagina a un hombre de 60 o 70 a\u00f1os escalando para salir?\u00bb, lanz\u00f3.<\/span><\/p>\n<p><span style=\"font-size: 14pt;\">\u00abCayeron en una trampa, estas pobre gente acab\u00f3 como ratones\u00bb, afirm\u00f3 Costantino.<\/span><\/p>\n<\/div>\n<\/article>\n","protected":false},"excerpt":{"rendered":"<p>Jonathan Bloomer, presidente de\u00a0Morgan Stanley International, as\u00ed como su esposa, murieron tras el hundimiento del yate del empresario\u00a0Mike Lynch\u00a0en Italia<\/p>\n","protected":false},"author":4,"featured_media":44738,"comment_status":"closed","ping_status":"closed","sticky":false,"template":"","format":"standard","meta":{"colormag_page_container_layout":"default_layout","colormag_page_sidebar_layout":"default_layout","_jetpack_memberships_contains_paid_content":false,"footnotes":"","jetpack_publicize_message":"","jetpack_publicize_feature_enabled":true,"jetpack_social_post_already_shared":false,"jetpack_social_options":{"image_generator_settings":{"template":"highway","default_image_id":0,"font":"","enabled":false},"version":2}},"categories":[28],"tags":[],"class_list":["post-44737","post","type-post","status-publish","format-standard","has-post-thumbnail","hentry","category-internacional"],"jetpack_publicize_connections":[],"jetpack_featured_media_url":"https:\/\/i0.wp.com\/politicosaldesnudo.com.mx\/wp-content\/uploads\/2024\/08\/Jonathan-Bloomer.jpg?fit=768%2C479&ssl=1","jetpack-related-posts":[],"jetpack_sharing_enabled":true,"_links":{"self":[{"href":"https:\/\/politicosaldesnudo.com.mx\/index.php\/wp-json\/wp\/v2\/posts\/44737","targetHints":{"allow":["GET"]}}],"collection":[{"href":"https:\/\/politicosaldesnudo.com.mx\/index.php\/wp-json\/wp\/v2\/posts"}],"about":[{"href":"https:\/\/politicosaldesnudo.com.mx\/index.php\/wp-json\/wp\/v2\/types\/post"}],"author":[{"embeddable":true,"href":"https:\/\/politicosaldesnudo.com.mx\/index.php\/wp-json\/wp\/v2\/users\/4"}],"replies":[{"embeddable":true,"href":"https:\/\/politicosaldesnudo.com.mx\/index.php\/wp-json\/wp\/v2\/comments?post=44737"}],"version-history":[{"count":0,"href":"https:\/\/politicosaldesnudo.com.mx\/index.php\/wp-json\/wp\/v2\/posts\/44737\/revisions"}],"wp:featuredmedia":[{"embeddable":true,"href":"https:\/\/politicosaldesnudo.com.mx\/index.php\/wp-json\/wp\/v2\/media\/44738"}],"wp:attachment":[{"href":"https:\/\/politicosaldesnudo.com.mx\/index.php\/wp-json\/wp\/v2\/media?parent=44737"}],"wp:term":[{"taxonomy":"category","embeddable":true,"href":"https:\/\/politicosaldesnudo.com.mx\/index.php\/wp-json\/wp\/v2\/categories?post=44737"},{"taxonomy":"post_tag","embeddable":true,"href":"https:\/\/politicosaldesnudo.com.mx\/index.php\/wp-json\/wp\/v2\/tags?post=44737"}],"curies":[{"name":"wp","href":"https:\/\/api.w.org\/{rel}","templated":true}]}}