{"id":44756,"date":"2024-08-24T01:01:03","date_gmt":"2024-08-24T06:01:03","guid":{"rendered":"https:\/\/politicosaldesnudo.com.mx\/?p=44756"},"modified":"2024-08-23T23:50:50","modified_gmt":"2024-08-24T04:50:50","slug":"presos-se-amotinan-en-una-carcel-de-rusia-para-pedirle-dinero-y-un-helicoptero-a-putin","status":"publish","type":"post","link":"https:\/\/politicosaldesnudo.com.mx\/index.php\/2024\/08\/24\/presos-se-amotinan-en-una-carcel-de-rusia-para-pedirle-dinero-y-un-helicoptero-a-putin\/","title":{"rendered":"Presos se amotinan en una c\u00e1rcel de Rusia para pedirle dinero y un helic\u00f3ptero a Putin"},"content":{"rendered":"<div>\n<div id=\"content-body-225-12443477\">\n<p><span style=\"font-size: 14pt;\">Un grupo de\u00a0presos del penal 19\u00a0(IK-19) de la sure\u00f1a regi\u00f3n rusa de Volgogrado\u00a0se amotinaron y tomaron rehenes, seg\u00fan inform\u00f3 el departamento de prensa del Servicio Federal Penitenciario (FSIN) ruso.<\/span><\/p>\n<p><span style=\"font-size: 14pt;\">\u00abEn la IK-19 del Servicio Penitenciario de la regi\u00f3n de Volgogrado (prisi\u00f3n de alta seguridad) durante una reuni\u00f3n de la comisi\u00f3n disciplinaria los condenados tomaron como rehenes a empleados de la instituci\u00f3n penal\u00bb, indic\u00f3 el FSIN en Telegram.<\/span><\/p>\n<\/div>\n<\/div>\n<div>\n<div id=\"dfp-nota-1x3s\" data-google-query-id=\"CPnD1uTpjIgDFZaoAAAdrCApVQ\">\n<div id=\"google_ads_iframe_\/2000002\/la-prensa\/mexico_nota_1x3_0__container__\">\n<div id=\"inArticle_1\">\n<div>\n<div>\n<div>\n<div><span style=\"font-size: 14pt;\">Seg\u00fan el servicio penal, \u00aben estos momentos se toman medidas para liberar a los rehenes. Hay heridos\u00bb.<\/span><\/div>\n<\/div>\n<\/div>\n<\/div>\n<\/div>\n<\/div>\n<\/div>\n<\/div>\n<article>\n<div id=\"content-body-5851641-12443477\">\n<p><span style=\"font-size: 14pt;\">Por su parte, fuentes citadas por la agencia rusa TASS informaron de que \u00abseg\u00fan datos preliminares al menos tres presos atacaron a los empleados de la prisi\u00f3n\u00bb y uno de ellos podr\u00eda haber resultado muerto.<\/span><\/p>\n<p><span style=\"font-size: 14pt;\">El Comit\u00e9 de Instrucci\u00f3n de Rusia ha abierto una\u00a0causa penal por captura de rehenes, mientras que el FSIN federal ha enviado al lugar a un equipo para \u00abllevar a cabo una inspecci\u00f3n\u00bb.<\/span><\/p>\n<p><span style=\"font-size: 14pt;\">Por su parte, el ministro del Interior y los jefes de la Guardia Nacional y de los servicios penitenciarios informaron al presidente Putin sobre la situaci\u00f3n en la c\u00e1rcel 19 (IK-19),\u00a0donde los amotinados se han identificado como miembros del Estado Isl\u00e1mico, seg\u00fan el canal de Telegram Baza.<\/span><\/p>\n<p><span style=\"font-size: 14pt;\">La prisi\u00f3n, a la que ha llegado el im\u00e1n de la mezquita local para negociar con los amotinados, ya ha sido rodeada por las fuerzas especiales de la polic\u00eda, que preparar\u00edan un asalto.<\/span><\/p>\n<p><span style=\"font-size: 14pt;\">La prensa rusa ha identificado a\u00a0los cuatro presos, que tienen apellidos centroasi\u00e1ticos, como tres\u00a0condenados por narcotr\u00e1fico y un cuarto por agresi\u00f3n.<\/span><\/p>\n<p><span style=\"font-size: 14pt;\">Los amotinados obligaron a uno de los rehenes a dirigirse a Putin para que cumpla con sus demandas: dos millones de d\u00f3lares y un helic\u00f3ptero para desplazarse a Georgia.<\/span><\/p>\n<p><span style=\"font-size: 14pt;\">Los amotinados amenazaron con matar a todos los rehenes si eran perseguidos\u00a0en su intento de fuga.<\/span><\/p>\n<p><span style=\"font-size: 14pt;\">\u00abEn la IK-19 del Servicio Penitenciario de la regi\u00f3n de Volgogrado (prisi\u00f3n de alta seguridad), durante una reuni\u00f3n de la comisi\u00f3n disciplinaria, los condenados tomaron como rehenes a empleados de la instituci\u00f3n penal\u00bb, informaron pocos minutos despu\u00e9s de las 13.30 los servicios penitenciarios rusos (FSIN) en Telegram.<\/span><\/p>\n<p><span style=\"font-size: 14pt;\">El IK-19 de la regi\u00f3n de Volgogrado, con una capacidad de hasta mil 229 reclusos, se halla junto a la ciudad de Surov\u00edkino.<\/span><\/p>\n<\/div>\n<\/article>\n","protected":false},"excerpt":{"rendered":"<p>Un grupo de\u00a0presos del penal 19\u00a0(IK-19) de la sure\u00f1a regi\u00f3n rusa de Volgogrado\u00a0se amotinaron y tomaron rehenes, seg\u00fan inform\u00f3 el<\/p>\n","protected":false},"author":4,"featured_media":44757,"comment_status":"closed","ping_status":"closed","sticky":false,"template":"","format":"standard","meta":{"colormag_page_container_layout":"default_layout","colormag_page_sidebar_layout":"default_layout","_jetpack_memberships_contains_paid_content":false,"footnotes":"","jetpack_publicize_message":"","jetpack_publicize_feature_enabled":true,"jetpack_social_post_already_shared":false,"jetpack_social_options":{"image_generator_settings":{"template":"highway","default_image_id":0,"font":"","enabled":false},"version":2}},"categories":[28],"tags":[],"class_list":["post-44756","post","type-post","status-publish","format-standard","has-post-thumbnail","hentry","category-internacional"],"jetpack_publicize_connections":[],"jetpack_featured_media_url":"https:\/\/i0.wp.com\/politicosaldesnudo.com.mx\/wp-content\/uploads\/2024\/08\/Motin-carcel-Rusia.jpg?fit=768%2C479&ssl=1","jetpack-related-posts":[],"jetpack_sharing_enabled":true,"_links":{"self":[{"href":"https:\/\/politicosaldesnudo.com.mx\/index.php\/wp-json\/wp\/v2\/posts\/44756","targetHints":{"allow":["GET"]}}],"collection":[{"href":"https:\/\/politicosaldesnudo.com.mx\/index.php\/wp-json\/wp\/v2\/posts"}],"about":[{"href":"https:\/\/politicosaldesnudo.com.mx\/index.php\/wp-json\/wp\/v2\/types\/post"}],"author":[{"embeddable":true,"href":"https:\/\/politicosaldesnudo.com.mx\/index.php\/wp-json\/wp\/v2\/users\/4"}],"replies":[{"embeddable":true,"href":"https:\/\/politicosaldesnudo.com.mx\/index.php\/wp-json\/wp\/v2\/comments?post=44756"}],"version-history":[{"count":0,"href":"https:\/\/politicosaldesnudo.com.mx\/index.php\/wp-json\/wp\/v2\/posts\/44756\/revisions"}],"wp:featuredmedia":[{"embeddable":true,"href":"https:\/\/politicosaldesnudo.com.mx\/index.php\/wp-json\/wp\/v2\/media\/44757"}],"wp:attachment":[{"href":"https:\/\/politicosaldesnudo.com.mx\/index.php\/wp-json\/wp\/v2\/media?parent=44756"}],"wp:term":[{"taxonomy":"category","embeddable":true,"href":"https:\/\/politicosaldesnudo.com.mx\/index.php\/wp-json\/wp\/v2\/categories?post=44756"},{"taxonomy":"post_tag","embeddable":true,"href":"https:\/\/politicosaldesnudo.com.mx\/index.php\/wp-json\/wp\/v2\/tags?post=44756"}],"curies":[{"name":"wp","href":"https:\/\/api.w.org\/{rel}","templated":true}]}}