{"id":44777,"date":"2024-08-24T01:13:13","date_gmt":"2024-08-24T06:13:13","guid":{"rendered":"https:\/\/politicosaldesnudo.com.mx\/?p=44777"},"modified":"2024-08-24T00:12:58","modified_gmt":"2024-08-24T05:12:58","slug":"actividad-economica-de-argentina-volvio-a-caer-en-junio","status":"publish","type":"post","link":"https:\/\/politicosaldesnudo.com.mx\/index.php\/2024\/08\/24\/actividad-economica-de-argentina-volvio-a-caer-en-junio\/","title":{"rendered":"Actividad econ\u00f3mica de Argentina volvi\u00f3 a caer en junio"},"content":{"rendered":"<div class=\"jsx-3315747106 resumeNew\">\n<p><span style=\"font-size: 14pt;\">El Instituto Nacional de Estad\u00edstica y Censos (INDEC) de Argentina public\u00f3 los resultados de la actividad econ\u00f3mica de junio, mes en el que se volvi\u00f3 a registrar una ca\u00edda luego de un mayo: cu\u00e1les fueron los sectores que mayores ca\u00eddas registraron y cu\u00e1les permanecieron en verde.<\/span><\/p>\n<\/div>\n<div class=\"jsx-1764542821 newsbody\">\n<div class=\"jsx-1764542821\">\n<div id=\"readNote\" class=\"jsx-1764542821\">\n<div class=\"jsx-537108098\">\n<p class=\"jsx-3954459878\"><span style=\"font-size: 14pt;\">Seg\u00fan el organismo estad\u00edstico, respecto al mismo mes del a\u00f1o 2023, la actividad est\u00e1 un 3.9% por debajo, mientras que en la medici\u00f3n tanto mes a mes como desestacionalizada, el resultado es de una ca\u00edda del -0.3% comunic\u00f3 en el informe de esta tarde.<\/span><\/p>\n<p><span style=\"font-size: 14pt;\">\u00abCon relaci\u00f3n a igual mes de 2023, seis sectores de actividad que conforman el EMAE registraron subas en junio, entre los que se destacan Agricultura, ganader\u00eda, caza y silvicultura (+82.4%) y Explotaci\u00f3n de minas y canteras (+4.6%)\u00bb, revelaron desde el INDEC.<\/span><\/p>\n<p><span style=\"font-size: 14pt;\">Por su parte, nueve sectores de actividad registraron ca\u00eddas en la comparaci\u00f3n interanual, entre los que se destacan Construcci\u00f3n (-23.6%) e Industria manufacturera (-20.4%). Junto con Comercio mayorista, minorista y reparaciones (-18.6%) le restan 6.8 puntos porcentuales a la variaci\u00f3n interanual del indicador de la econom\u00eda.<\/span><\/p>\n<p><span style=\"font-size: 14pt;\">Estos n\u00fameros muestran un retroceso en la recuperaci\u00f3n que festej\u00f3 el Gobierno en mayo, mes en el que comenz\u00f3 a vislumbrarse un final en la recesi\u00f3n de la actividad econ\u00f3mica tras tocar un piso en abril, y tambi\u00e9n se retrasa la recuperaci\u00f3n que se esperaba con el freno en la ca\u00edda de salarios.<\/span><\/p>\n<\/div>\n<\/div>\n<\/div>\n<\/div>\n","protected":false},"excerpt":{"rendered":"<p>El Instituto Nacional de Estad\u00edstica y Censos (INDEC) de Argentina public\u00f3 los resultados de la actividad econ\u00f3mica de junio, mes<\/p>\n","protected":false},"author":4,"featured_media":44778,"comment_status":"closed","ping_status":"closed","sticky":false,"template":"","format":"standard","meta":{"colormag_page_container_layout":"default_layout","colormag_page_sidebar_layout":"default_layout","_jetpack_memberships_contains_paid_content":false,"footnotes":"","jetpack_publicize_message":"","jetpack_publicize_feature_enabled":true,"jetpack_social_post_already_shared":false,"jetpack_social_options":{"image_generator_settings":{"template":"highway","default_image_id":0,"font":"","enabled":false},"version":2}},"categories":[2050],"tags":[],"class_list":["post-44777","post","type-post","status-publish","format-standard","has-post-thumbnail","hentry","category-economia"],"jetpack_publicize_connections":[],"jetpack_featured_media_url":"https:\/\/i0.wp.com\/politicosaldesnudo.com.mx\/wp-content\/uploads\/2024\/08\/buenos_aires_shutterstock_5.jpg_554688468.jpg?fit=1200%2C675&ssl=1","jetpack-related-posts":[],"jetpack_sharing_enabled":true,"_links":{"self":[{"href":"https:\/\/politicosaldesnudo.com.mx\/index.php\/wp-json\/wp\/v2\/posts\/44777","targetHints":{"allow":["GET"]}}],"collection":[{"href":"https:\/\/politicosaldesnudo.com.mx\/index.php\/wp-json\/wp\/v2\/posts"}],"about":[{"href":"https:\/\/politicosaldesnudo.com.mx\/index.php\/wp-json\/wp\/v2\/types\/post"}],"author":[{"embeddable":true,"href":"https:\/\/politicosaldesnudo.com.mx\/index.php\/wp-json\/wp\/v2\/users\/4"}],"replies":[{"embeddable":true,"href":"https:\/\/politicosaldesnudo.com.mx\/index.php\/wp-json\/wp\/v2\/comments?post=44777"}],"version-history":[{"count":0,"href":"https:\/\/politicosaldesnudo.com.mx\/index.php\/wp-json\/wp\/v2\/posts\/44777\/revisions"}],"wp:featuredmedia":[{"embeddable":true,"href":"https:\/\/politicosaldesnudo.com.mx\/index.php\/wp-json\/wp\/v2\/media\/44778"}],"wp:attachment":[{"href":"https:\/\/politicosaldesnudo.com.mx\/index.php\/wp-json\/wp\/v2\/media?parent=44777"}],"wp:term":[{"taxonomy":"category","embeddable":true,"href":"https:\/\/politicosaldesnudo.com.mx\/index.php\/wp-json\/wp\/v2\/categories?post=44777"},{"taxonomy":"post_tag","embeddable":true,"href":"https:\/\/politicosaldesnudo.com.mx\/index.php\/wp-json\/wp\/v2\/tags?post=44777"}],"curies":[{"name":"wp","href":"https:\/\/api.w.org\/{rel}","templated":true}]}}