{"id":44840,"date":"2024-08-25T00:13:57","date_gmt":"2024-08-25T05:13:57","guid":{"rendered":"https:\/\/politicosaldesnudo.com.mx\/?p=44840"},"modified":"2024-08-24T15:43:41","modified_gmt":"2024-08-24T20:43:41","slug":"pluralidad-es-necesaria-para-la-democracia-dice-coparmex","status":"publish","type":"post","link":"https:\/\/politicosaldesnudo.com.mx\/index.php\/2024\/08\/25\/pluralidad-es-necesaria-para-la-democracia-dice-coparmex\/","title":{"rendered":"Pluralidad es necesaria para la democracia, dice Coparmex"},"content":{"rendered":"<p><span style=\"font-size: 14pt;\">La Confederaci\u00f3n Patronal de la Rep\u00fablica Mexicana (Coparmex) consider\u00f3 que la votaci\u00f3n dividida que se observ\u00f3 en el Instituto Nacional Electoral (INE) para asignar las diputaciones de representaci\u00f3n proporcional, es \u201cuna muestra clara\u201d para hacer una lectura integral de la Constituci\u00f3n, la cual respete la voluntad del electorado.<\/span><\/p>\n<p><span style=\"font-size: 14pt;\">Luego de que el Consejo General del INE otorg\u00f3 la mayor\u00eda calificada de Morena, PVEM y PT en la C\u00e1mara de Diputados, el organismo del sector privado indic\u00f3 con lo ocurrido se abre un debate sobre la interpretaci\u00f3n de la Carta Magna en torno a la sobrerrepresentaci\u00f3n.<\/span><\/p>\n<div class=\"teads-inread sm-screen\">\n<div>\n<div id=\"teads0\" class=\"teads-player\"><span style=\"font-size: 14pt;\">La Coparmex consider\u00f3 que la discusi\u00f3n en el instituto subraya \u201cla importancia de la pluralidad y fortaleciendo la vida democr\u00e1tica del pa\u00eds\u201d.<\/span><\/div>\n<\/div>\n<\/div>\n<p><span style=\"font-size: 14pt;\">\u201cLa diversidad de opiniones es fundamental para asegurar que nuestras instituciones funcionen de manera justa y representativa\u201d, dijo.<\/span><\/p>\n<p><span style=\"font-size: 14pt;\">La Coparmex inst\u00f3 al Tribunal Electoral del Poder Judicial de la Federaci\u00f3n (TEPJF) a que la voluntad ciudadana se vea reflejada de manera fiel en la integraci\u00f3n del Congreso, respetando los porcentajes de representaci\u00f3n proporcional y garantizando el cumplimiento del art\u00edculo 54 de la Constituci\u00f3n.<\/span><\/p>\n<p><span style=\"font-size: 14pt;\">Consider\u00f3 aue \u201ces necesario equiparar la figura de partido con la de coalici\u00f3n, como se hace en otras interpretaciones de la norma constitucional, para que ninguna fuerza pol\u00edtica tuviera m\u00e1s de 300 curules ni m\u00e1s del 8 por ciento de representaci\u00f3n\u201d.<\/span><\/p>\n<div class=\"teads-inread sm-screen\">\n<div>\n<div id=\"teads1\" class=\"teads-player\"><span style=\"font-size: 14pt;\">Insisti\u00f3 que cualquier cambio constitucional \u201csea producto del consenso de todas las fuerzas pol\u00edticas y no de una mayor\u00eda abrumadora\u201d.<\/span><\/div>\n<\/div>\n<\/div>\n<p><span style=\"font-size: 14pt;\">\u201cEs crucial el derecho a promover acciones de inconstitucionalidad, garantizando que una oposici\u00f3n que alcance el 33 por ciento pueda presentar dichas acciones, evitando un retroceso hacia un modelo pol\u00edtico hegem\u00f3nico, como el vivido en M\u00e9xico en los a\u00f1os 70\u201d, agreg\u00f3.<\/span><\/p>\n<p><span style=\"font-size: 14pt;\">Concluy\u00f3 que ahora corresponde al TEPJF continuar esta reflexi\u00f3n y \u201casumir con car\u00e1cter su responsabilidad hist\u00f3rica\u201d.<\/span><\/p>\n<p><span style=\"font-size: 14pt;\">Apunto que los magistrados no se deben ce\u00f1ir a una f\u00f3rmula, sino hacer un an\u00e1lisis que debe ir m\u00e1s all\u00e1 de lo t\u00e9cnico y adentrarse en los aspectos jur\u00eddicos, pol\u00edticos y \u00e9ticos que aseguren una interpretaci\u00f3n justa del marco constitucional.<\/span><\/p>\n<p><span style=\"font-size: 14pt;\">\u201cExhortamos al TEPJF a que en su determinaci\u00f3n, se respete la voluntad ciudadana expresada en las urnas y se asegure que cualquier sobrerrepresentaci\u00f3n no distorsione el equilibrio democr\u00e1tico\u201d, dijo.<\/span><\/p>\n","protected":false},"excerpt":{"rendered":"<p>La Confederaci\u00f3n Patronal de la Rep\u00fablica Mexicana (Coparmex) consider\u00f3 que la votaci\u00f3n dividida que se observ\u00f3 en el Instituto Nacional<\/p>\n","protected":false},"author":4,"featured_media":44841,"comment_status":"closed","ping_status":"closed","sticky":false,"template":"","format":"standard","meta":{"colormag_page_container_layout":"default_layout","colormag_page_sidebar_layout":"default_layout","_jetpack_memberships_contains_paid_content":false,"footnotes":"","jetpack_publicize_message":"","jetpack_publicize_feature_enabled":true,"jetpack_social_post_already_shared":false,"jetpack_social_options":{"image_generator_settings":{"template":"highway","default_image_id":0,"font":"","enabled":false},"version":2}},"categories":[2050],"tags":[],"class_list":["post-44840","post","type-post","status-publish","format-standard","has-post-thumbnail","hentry","category-economia"],"jetpack_publicize_connections":[],"jetpack_featured_media_url":"https:\/\/i0.wp.com\/politicosaldesnudo.com.mx\/wp-content\/uploads\/2024\/08\/Coparmex.jpg?fit=400%2C250&ssl=1","jetpack-related-posts":[],"jetpack_sharing_enabled":true,"_links":{"self":[{"href":"https:\/\/politicosaldesnudo.com.mx\/index.php\/wp-json\/wp\/v2\/posts\/44840","targetHints":{"allow":["GET"]}}],"collection":[{"href":"https:\/\/politicosaldesnudo.com.mx\/index.php\/wp-json\/wp\/v2\/posts"}],"about":[{"href":"https:\/\/politicosaldesnudo.com.mx\/index.php\/wp-json\/wp\/v2\/types\/post"}],"author":[{"embeddable":true,"href":"https:\/\/politicosaldesnudo.com.mx\/index.php\/wp-json\/wp\/v2\/users\/4"}],"replies":[{"embeddable":true,"href":"https:\/\/politicosaldesnudo.com.mx\/index.php\/wp-json\/wp\/v2\/comments?post=44840"}],"version-history":[{"count":0,"href":"https:\/\/politicosaldesnudo.com.mx\/index.php\/wp-json\/wp\/v2\/posts\/44840\/revisions"}],"wp:featuredmedia":[{"embeddable":true,"href":"https:\/\/politicosaldesnudo.com.mx\/index.php\/wp-json\/wp\/v2\/media\/44841"}],"wp:attachment":[{"href":"https:\/\/politicosaldesnudo.com.mx\/index.php\/wp-json\/wp\/v2\/media?parent=44840"}],"wp:term":[{"taxonomy":"category","embeddable":true,"href":"https:\/\/politicosaldesnudo.com.mx\/index.php\/wp-json\/wp\/v2\/categories?post=44840"},{"taxonomy":"post_tag","embeddable":true,"href":"https:\/\/politicosaldesnudo.com.mx\/index.php\/wp-json\/wp\/v2\/tags?post=44840"}],"curies":[{"name":"wp","href":"https:\/\/api.w.org\/{rel}","templated":true}]}}