{"id":44846,"date":"2024-08-25T00:15:50","date_gmt":"2024-08-25T05:15:50","guid":{"rendered":"https:\/\/politicosaldesnudo.com.mx\/?p=44846"},"modified":"2024-08-24T15:49:03","modified_gmt":"2024-08-24T20:49:03","slug":"hallan-tres-cadaveres-en-edificio-de-paseo-de-la-reforma","status":"publish","type":"post","link":"https:\/\/politicosaldesnudo.com.mx\/index.php\/2024\/08\/25\/hallan-tres-cadaveres-en-edificio-de-paseo-de-la-reforma\/","title":{"rendered":"Hallan tres cad\u00e1veres en edificio de Paseo de la Reforma"},"content":{"rendered":"<div dir=\"ltr\"><span style=\"font-size: 14pt;\">El hallazgo de tres personas sin vida, en un edificio de departamentos marcado con el n\u00famero 378 de la avenida Paseo de la Reforma, moviliz\u00f3 a elementos del Grupo Especial de Regi\u00f3n e Intervenci\u00f3n de la Fiscal\u00eda General de Justicia de la Ciudad de M\u00e9xico.<\/span><\/div>\n<div dir=\"ltr\">\n<p><span style=\"font-size: 14pt;\">El inmueble, localizado en pleno centro de la capital en la colonia Ju\u00e1rez, alcald\u00eda de Cuauht\u00e9moc se encuentra fuertemente custodiado y al sitio han llegado personal ministerial y de servicios periciales.<\/span><\/p>\n<p><span style=\"font-size: 14pt;\">Las primeras versiones que se han difundido, se\u00f1alan que se trata de dos mujeres y un hombre, que est\u00e1n relacionados con una investigaci\u00f3n que lleva la fiscal\u00eda capitalina.<\/span><\/p>\n<\/div>\n","protected":false},"excerpt":{"rendered":"<p>El hallazgo de tres personas sin vida, en un edificio de departamentos marcado con el n\u00famero 378 de la avenida<\/p>\n","protected":false},"author":4,"featured_media":44847,"comment_status":"closed","ping_status":"closed","sticky":false,"template":"","format":"standard","meta":{"colormag_page_container_layout":"default_layout","colormag_page_sidebar_layout":"default_layout","_jetpack_memberships_contains_paid_content":false,"footnotes":"","jetpack_publicize_message":"","jetpack_publicize_feature_enabled":true,"jetpack_social_post_already_shared":false,"jetpack_social_options":{"image_generator_settings":{"template":"highway","default_image_id":0,"font":"","enabled":false},"version":2}},"categories":[33],"tags":[],"class_list":["post-44846","post","type-post","status-publish","format-standard","has-post-thumbnail","hentry","category-nacional"],"jetpack_publicize_connections":[],"jetpack_featured_media_url":"https:\/\/i0.wp.com\/politicosaldesnudo.com.mx\/wp-content\/uploads\/2024\/08\/hallan-cadaveres-de-tres-en-inmueble-de-paseo-de-la-reforma-focus-0-0-1044-675.jpg?fit=1044%2C675&ssl=1","jetpack-related-posts":[],"jetpack_sharing_enabled":true,"_links":{"self":[{"href":"https:\/\/politicosaldesnudo.com.mx\/index.php\/wp-json\/wp\/v2\/posts\/44846","targetHints":{"allow":["GET"]}}],"collection":[{"href":"https:\/\/politicosaldesnudo.com.mx\/index.php\/wp-json\/wp\/v2\/posts"}],"about":[{"href":"https:\/\/politicosaldesnudo.com.mx\/index.php\/wp-json\/wp\/v2\/types\/post"}],"author":[{"embeddable":true,"href":"https:\/\/politicosaldesnudo.com.mx\/index.php\/wp-json\/wp\/v2\/users\/4"}],"replies":[{"embeddable":true,"href":"https:\/\/politicosaldesnudo.com.mx\/index.php\/wp-json\/wp\/v2\/comments?post=44846"}],"version-history":[{"count":0,"href":"https:\/\/politicosaldesnudo.com.mx\/index.php\/wp-json\/wp\/v2\/posts\/44846\/revisions"}],"wp:featuredmedia":[{"embeddable":true,"href":"https:\/\/politicosaldesnudo.com.mx\/index.php\/wp-json\/wp\/v2\/media\/44847"}],"wp:attachment":[{"href":"https:\/\/politicosaldesnudo.com.mx\/index.php\/wp-json\/wp\/v2\/media?parent=44846"}],"wp:term":[{"taxonomy":"category","embeddable":true,"href":"https:\/\/politicosaldesnudo.com.mx\/index.php\/wp-json\/wp\/v2\/categories?post=44846"},{"taxonomy":"post_tag","embeddable":true,"href":"https:\/\/politicosaldesnudo.com.mx\/index.php\/wp-json\/wp\/v2\/tags?post=44846"}],"curies":[{"name":"wp","href":"https:\/\/api.w.org\/{rel}","templated":true}]}}