{"id":44852,"date":"2024-08-25T00:16:46","date_gmt":"2024-08-25T05:16:46","guid":{"rendered":"https:\/\/politicosaldesnudo.com.mx\/?p=44852"},"modified":"2024-08-24T15:55:59","modified_gmt":"2024-08-24T20:55:59","slug":"descarta-beltrones-abandonar-pri-en-el-senado-mi-adn-no-ha-cambiado","status":"publish","type":"post","link":"https:\/\/politicosaldesnudo.com.mx\/index.php\/2024\/08\/25\/descarta-beltrones-abandonar-pri-en-el-senado-mi-adn-no-ha-cambiado\/","title":{"rendered":"Descarta Beltrones abandonar PRI en el Senado: \u201cmi ADN no ha cambiado\u201d"},"content":{"rendered":"<p class=\"western\"><span style=\"font-size: 14pt;\">El senador Manlio Fabio Beltrones aclar\u00f3 que no ser\u00e1 legislador independiente, ya que es pri\u00edsta desde hace 50 a\u00f1os y as\u00ed se mantendr\u00e1, aunque no quiso aclarar cual ser\u00e1 su relaci\u00f3n con el grupo parlamentario del tricolor, que coordinar\u00e1 Alejandro Moreno C\u00e1rdenas, pero adelant\u00f3 que el hecho de que Morena y aliados est\u00e1 a tres votos de la mayor\u00eda calificada, \u201char\u00e1 el debate muy intenso\u201d.<\/span><\/p>\n<p class=\"western\"><span style=\"font-size: 14pt;\">\u201cHoy en la ma\u00f1ana me levant\u00e9 y revis\u00e9 mi ADN y no ha cambiado, es totalmente pri\u00edsta desde hace cinco d\u00e9cadas, de tal suerte que no tengo esa intenci\u00f3n\u201d, respondi\u00f3 a la interrogante de si optar\u00e1 por mantenerse como independiente, despu\u00e9s de que Alito lo excluy\u00f3 del grupo del PRI.<\/span><\/p>\n<div class=\"teads-inread sm-screen\">\n<div>\n<div id=\"teads0\" class=\"teads-player\"><span style=\"font-size: 14pt;\">Entrevistado despu\u00e9s de que se registr\u00f3 como senador y recibi\u00f3 su credencial que los acredita como integrantes de la nueva legislatura, resalt\u00f3 que lo que s\u00ed ha hecho en las varias ocasiones en que fue coordinador de la bancada del PRI en ambas c\u00e1maras, es procurar que \u201ctodos quienes pertenecen a mi partido conserven su autonom\u00eda de pensamiento\u201d.<\/span><\/div>\n<\/div>\n<\/div>\n<p class=\"western\"><span style=\"font-size: 14pt;\">Adem\u00e1s, agreg\u00f3, \u201cde que representen los intereses m\u00e1s importantes que pueden ellos estar enarbolando cuando son electos, como yo lo soy por el estado de Sonora y los intereses de los sonorenses est\u00e9n salvaguardados en el trabajo legislativo.<\/span><\/p>\n<p class=\"western\"><span style=\"font-size: 14pt;\">\u00bf Tendr\u00e1 alg\u00fan acercamiento con Alejandro Moreno?.<\/span><\/p>\n<p class=\"western\"><span style=\"font-size: 14pt;\">&#8211; La \u00faltima ocasi\u00f3n en que tuve oportunidad, vi que llev\u00f3 a cabo algunas declaraciones de car\u00e1cter p\u00fablico con algunas expresiones sobre mi persona que no tienen que ver con la realidad, sino que son calumnias o mentiras, pero este momento ha sido transitado. Voy viendo c\u00f3mo se instala la c\u00e1mara de senadores.<\/span><\/p>\n","protected":false},"excerpt":{"rendered":"<p>El senador Manlio Fabio Beltrones aclar\u00f3 que no ser\u00e1 legislador independiente, ya que es pri\u00edsta desde hace 50 a\u00f1os y<\/p>\n","protected":false},"author":4,"featured_media":44853,"comment_status":"closed","ping_status":"closed","sticky":false,"template":"","format":"standard","meta":{"colormag_page_container_layout":"default_layout","colormag_page_sidebar_layout":"default_layout","_jetpack_memberships_contains_paid_content":false,"footnotes":"","jetpack_publicize_message":"","jetpack_publicize_feature_enabled":true,"jetpack_social_post_already_shared":false,"jetpack_social_options":{"image_generator_settings":{"template":"highway","default_image_id":0,"font":"","enabled":false},"version":2}},"categories":[33],"tags":[],"class_list":["post-44852","post","type-post","status-publish","format-standard","has-post-thumbnail","hentry","category-nacional"],"jetpack_publicize_connections":[],"jetpack_featured_media_url":"https:\/\/i0.wp.com\/politicosaldesnudo.com.mx\/wp-content\/uploads\/2024\/08\/images-1-5.jpg?fit=300%2C168&ssl=1","jetpack-related-posts":[],"jetpack_sharing_enabled":true,"_links":{"self":[{"href":"https:\/\/politicosaldesnudo.com.mx\/index.php\/wp-json\/wp\/v2\/posts\/44852","targetHints":{"allow":["GET"]}}],"collection":[{"href":"https:\/\/politicosaldesnudo.com.mx\/index.php\/wp-json\/wp\/v2\/posts"}],"about":[{"href":"https:\/\/politicosaldesnudo.com.mx\/index.php\/wp-json\/wp\/v2\/types\/post"}],"author":[{"embeddable":true,"href":"https:\/\/politicosaldesnudo.com.mx\/index.php\/wp-json\/wp\/v2\/users\/4"}],"replies":[{"embeddable":true,"href":"https:\/\/politicosaldesnudo.com.mx\/index.php\/wp-json\/wp\/v2\/comments?post=44852"}],"version-history":[{"count":0,"href":"https:\/\/politicosaldesnudo.com.mx\/index.php\/wp-json\/wp\/v2\/posts\/44852\/revisions"}],"wp:featuredmedia":[{"embeddable":true,"href":"https:\/\/politicosaldesnudo.com.mx\/index.php\/wp-json\/wp\/v2\/media\/44853"}],"wp:attachment":[{"href":"https:\/\/politicosaldesnudo.com.mx\/index.php\/wp-json\/wp\/v2\/media?parent=44852"}],"wp:term":[{"taxonomy":"category","embeddable":true,"href":"https:\/\/politicosaldesnudo.com.mx\/index.php\/wp-json\/wp\/v2\/categories?post=44852"},{"taxonomy":"post_tag","embeddable":true,"href":"https:\/\/politicosaldesnudo.com.mx\/index.php\/wp-json\/wp\/v2\/tags?post=44852"}],"curies":[{"name":"wp","href":"https:\/\/api.w.org\/{rel}","templated":true}]}}