{"id":44876,"date":"2024-08-26T07:54:20","date_gmt":"2024-08-26T12:54:20","guid":{"rendered":"https:\/\/politicosaldesnudo.com.mx\/?p=44876"},"modified":"2024-08-26T07:54:20","modified_gmt":"2024-08-26T12:54:20","slug":"el-futuro-del-pri","status":"publish","type":"post","link":"https:\/\/politicosaldesnudo.com.mx\/index.php\/2024\/08\/26\/el-futuro-del-pri\/","title":{"rendered":"El futuro del PRI"},"content":{"rendered":"<ul>\n<li><span style=\"font-size: 14pt;\">Hay inter\u00e9s de participar en las pr\u00f3ximas elecciones municipales<\/span><\/li>\n<li><span style=\"font-size: 14pt;\">La militancia del partido est\u00e1 fuerte y pujante: Ram\u00edrez Arana<\/span><\/li>\n<li><span style=\"font-size: 14pt;\">Pero tenemos que darnos a la tarea de conseguir m\u00e1s militantes<\/span><\/li>\n<\/ul>\n<div><\/div>\n<div><span style=\"font-size: 14pt;\"><strong>Por Miguel \u00c1ngel Cristiani G.<\/strong><\/span><\/div>\n<div><span style=\"font-size: 14pt;\">Adolfo Ram\u00edrez Arana, presidente del Comit\u00e9 Directivo Estatal del PRI se muestra optimista respecto al futuro de ese partido, que pese a los resultados obtenidos en las pasadas elecciones federales y estatal, hay inter\u00e9s en la participaci\u00f3n en las pr\u00f3ximas contiendas del a\u00f1o entrante, para elegir a los 212 presidentes municipales.<\/span><\/div>\n<div><span style=\"font-size: 14pt;\">En la pl\u00e1tica cordial y de amigos, con integrantes del grupo de periodistas de los 10, Ram\u00edrez Arana reconoce que \u201cEs evidente lo que dices de que el PRI ha ca\u00eddo en votaciones, eso no lo podemos negar est\u00e1 a la vista de todos, sin embargo, el PRI es un partido que va a seguir existiendo a lo largo de los a\u00f1os, ha ca\u00eddo varias veces, en el 2000 se dec\u00eda que \u00edbamos a desaparecer y regresamos, vamos a regresar otra vez, la militancia del PRI ah\u00ed est\u00e1, fuerte pujante, a lo mejor ha disminuido, s\u00ed, pero tenemos que darnos a la tarea de conseguir m\u00e1s militantes.<\/span><\/div>\n<div><span style=\"font-size: 14pt;\">Nuestros cuadros juveniles se est\u00e1n moviendo, creando estructuras, est\u00e1n movi\u00e9ndose, est\u00e1n llegando nuevos cuadros al partido y tenemos que ir a una reflexi\u00f3n profunda, de qu\u00e9 estamos haciendo mal y qu\u00e9 es lo que nos ha funcionado, yo creo que nosotros tenemos una prueba inmediata en el 25.<\/span><\/div>\n<div><span style=\"font-size: 14pt;\">En la pl\u00e1tica en la que estuvieron presentes Silvia Dom\u00ednguez, secretaria de Operaci\u00f3n Pol\u00edtica del partido, tambi\u00e9n Carlos Morales, secretario de Organizaci\u00f3n y Ram\u00f3n Reyes, secretario de Comunicaci\u00f3n, se le cuestion\u00f3 el hecho de que antes los candidatos a alcaldes del PRI hac\u00edan cola en el edificio para registrarse, se llevaban acarreados, porras y aquello era una verdadera fiesta, durante el tiempo que era el registro, el problema de ahora es que ya nadie quiere ser candidato del PRI, son 212 municipios \u00bfQu\u00e9 tal dif\u00edcil va a ser para ustedes, escoger a 212 hombre y mujeres por partes iguales, sobre todo que resulten candidatos ganadores?<\/span><\/div>\n<div><span style=\"font-size: 14pt;\">\u00a0Ram\u00edrez Arana respondi\u00f3: A ver primero, todav\u00eda no son los tiempos de los registros y de la pasarela y de los aspirantes precandidatos, todav\u00eda no terminan el per\u00edodo electoral, que tuvimos este a\u00f1o lo del Gobernador y los que ya sabemos, las 5 lecciones que ya sabemos.<\/span><\/div>\n<div><span style=\"font-size: 14pt;\">Hay participaci\u00f3n, estoy recibiendo en oficina todo el tiempo a aspirantes de lo largo y ancho del Estado, do\u00f1a Silvia Dominguez no me va a dejar mentir, los lunes por lo regular, recibimos a quienes aspiran a ser presidentas o presidentes municipales y estamos desde muy temprano hasta muy tarde, recibiendo a personas que quieren participar<\/span><\/div>\n<div><span style=\"font-size: 14pt;\">Y s\u00ed lo que dices de c\u00f3mo vamos a conseguir 212 candidatos que quieran participar en sus municipios, los vamos a tener naturalmente y hay muchos municipios que hay dos a 3 aspirantes.<\/span><\/div>\n<div><span style=\"font-size: 14pt;\">La elecci\u00f3n municipal es muy diferente a la elecci\u00f3n que acabamos de vivir, va a ser un sola, es una lucha hombro a hombro y los priistas sabemos hacer campanas de esas, la del caminar la est\u00e1 en contacto, \u00bfqu\u00e9 tiene que hacer el partido?,\u00a0\u00a0no equivocarse al seleccionar a sus candidatos, y para eso estamos ocupados todo el tiempo, con los comit\u00e9s municipales, hablando con quienes aspiran, viendo quienes van a ser los perfiles, para que en su momento dado, el \u00f3rgano encargado de escoger quienes sean los candidatos, no se equivoquen, vamos a ir con los mejores.<\/span><\/div>\n<div><span style=\"font-size: 14pt;\">Vamos a salir de esta crisis pol\u00edtica en la que estamos, hay que decirlo, al interior, y vamos a hacer las cosas bien, todo el tiempo con trabajo se puede lograr, y vamos a acatar lo que venga las instrucciones del nacional, lo que se platic\u00f3 en la asamblea, la forma de reconstruir nuestro partido al interior y nos vamos a quedar con los buenos militantes<\/span><\/div>\n<div><span style=\"font-size: 14pt;\">Pero expresamente a tu pregunta por qu\u00e9 no hay ahorita la gran participaci\u00f3n, porque no es el momento todav\u00eda electoral en el que el partido abre sus registros para candidatos, sin embargo, s\u00ed estamos recibiendo aspirantes todo el tiempo, nuestros comit\u00e9s municipales, est\u00e1n trabajando, vamos a ir pronto a una gran gira por el estado a sacar un an\u00e1lisis a evaluar quienes de los comit\u00e9s municipales, van a continuar y donde haga falta hacer cambio lo vamos a hacer, pero si hay participaci\u00f3n dentro del PRI, nosotros estamos muy contentos con esa participaci\u00f3n, nos vamos a alistar para ir a la contienda con alianza y sin alianza, porque todav\u00eda no est\u00e1 definido eso tambi\u00e9n, puede que hagamos una alianza parcial, vamos a empezar las pl\u00e1ticas, ayer estuve con Federico Salom\u00f3n, l\u00edder del PAN con una pl\u00e1tica amplia, analizando que es lo que es lo mejor para nuestros partidos, si podemos ir juntos, si no vamos juntos, y todo conforme se vaya llegando el tiempo lo vamos a ir haciendo, vamos a estar ah\u00ed y va a llegar el tiempo de la pasarela de los registros con todos ustedes como invitados<\/span><\/div>\n","protected":false},"excerpt":{"rendered":"<p>Hay inter\u00e9s de participar en las pr\u00f3ximas elecciones municipales La militancia del partido est\u00e1 fuerte y pujante: Ram\u00edrez Arana Pero<\/p>\n","protected":false},"author":4,"featured_media":783,"comment_status":"closed","ping_status":"closed","sticky":false,"template":"","format":"standard","meta":{"colormag_page_container_layout":"default_layout","colormag_page_sidebar_layout":"default_layout","_jetpack_memberships_contains_paid_content":false,"footnotes":"","jetpack_publicize_message":"","jetpack_publicize_feature_enabled":true,"jetpack_social_post_already_shared":false,"jetpack_social_options":{"image_generator_settings":{"template":"highway","default_image_id":0,"font":"","enabled":false},"version":2}},"categories":[26],"tags":[],"class_list":["post-44876","post","type-post","status-publish","format-standard","has-post-thumbnail","hentry","category-columnistas"],"jetpack_publicize_connections":[],"jetpack_featured_media_url":"https:\/\/i0.wp.com\/politicosaldesnudo.com.mx\/wp-content\/uploads\/2021\/12\/CRISTIANI.png?fit=1816%2C1016&ssl=1","jetpack-related-posts":[],"jetpack_sharing_enabled":true,"_links":{"self":[{"href":"https:\/\/politicosaldesnudo.com.mx\/index.php\/wp-json\/wp\/v2\/posts\/44876","targetHints":{"allow":["GET"]}}],"collection":[{"href":"https:\/\/politicosaldesnudo.com.mx\/index.php\/wp-json\/wp\/v2\/posts"}],"about":[{"href":"https:\/\/politicosaldesnudo.com.mx\/index.php\/wp-json\/wp\/v2\/types\/post"}],"author":[{"embeddable":true,"href":"https:\/\/politicosaldesnudo.com.mx\/index.php\/wp-json\/wp\/v2\/users\/4"}],"replies":[{"embeddable":true,"href":"https:\/\/politicosaldesnudo.com.mx\/index.php\/wp-json\/wp\/v2\/comments?post=44876"}],"version-history":[{"count":0,"href":"https:\/\/politicosaldesnudo.com.mx\/index.php\/wp-json\/wp\/v2\/posts\/44876\/revisions"}],"wp:featuredmedia":[{"embeddable":true,"href":"https:\/\/politicosaldesnudo.com.mx\/index.php\/wp-json\/wp\/v2\/media\/783"}],"wp:attachment":[{"href":"https:\/\/politicosaldesnudo.com.mx\/index.php\/wp-json\/wp\/v2\/media?parent=44876"}],"wp:term":[{"taxonomy":"category","embeddable":true,"href":"https:\/\/politicosaldesnudo.com.mx\/index.php\/wp-json\/wp\/v2\/categories?post=44876"},{"taxonomy":"post_tag","embeddable":true,"href":"https:\/\/politicosaldesnudo.com.mx\/index.php\/wp-json\/wp\/v2\/tags?post=44876"}],"curies":[{"name":"wp","href":"https:\/\/api.w.org\/{rel}","templated":true}]}}