{"id":44881,"date":"2024-08-26T08:01:52","date_gmt":"2024-08-26T13:01:52","guid":{"rendered":"https:\/\/politicosaldesnudo.com.mx\/?p=44881"},"modified":"2024-08-26T08:01:52","modified_gmt":"2024-08-26T13:01:52","slug":"policia-de-venezuela-detiene-a-otra-periodista-la-acusaran-de-terrorismo-denuncia-sindicato","status":"publish","type":"post","link":"https:\/\/politicosaldesnudo.com.mx\/index.php\/2024\/08\/26\/policia-de-venezuela-detiene-a-otra-periodista-la-acusaran-de-terrorismo-denuncia-sindicato\/","title":{"rendered":"Polic\u00eda de Venezuela detiene a otra periodista; la acusar\u00e1n de terrorismo, denuncia sindicato"},"content":{"rendered":"<div class=\"content-body clearfix \">\n<div id=\"content-body-225-12455345\">\n<p><span style=\"font-size: 14pt;\">La periodista de espect\u00e1culos venezolana Carmela Longo, detenida este domingo luego de un \u00aballanamiento\u00bb de su vivienda en Caracas, ser\u00e1 presentada el pr\u00f3ximo martes ante un tribunal antiterrorismo, denunci\u00f3 el Sindicato Nacional de Trabajadores de la Prensa (SNTP).<\/span><\/p>\n<p><span style=\"font-size: 14pt;\">A trav\u00e9s de X, la organizaci\u00f3n indic\u00f3 que funcionarios de la Divisi\u00f3n de Investigaciones Penales (DIP) de la Polic\u00eda Nacional Bolivariana (PNB) \u00abconfirman\u00bb la detenci\u00f3n de Longo, a quien el Ministerio P\u00fablico (MP, Fiscal\u00eda) \u00abacusar\u00eda de instigaci\u00f3n al odio y terrorismo\u00bb.<\/span><\/p>\n<\/div>\n<\/div>\n<div class=\"advertisment \">\n<div id=\"dfp-nota-1x3s\" data-google-query-id=\"CJWdhJfbkogDFW2GpgQdTrM2cg\">\n<div id=\"google_ads_iframe_\/2000002\/la-prensa\/mexico_nota_1x3_0__container__\">\n<div id=\"inArticle_1\" class=\"st-placement inArticle_1 inArticle\">\n<div class=\"st-adunit st-adunit-tagged st-reset st-show\">\n<div class=\"st-adunit-ad st-reset\">\n<div class=\"st-display-render st-reset open 728x90\">\n<div class=\"st-canvas st-reset horizontal-static\"><span style=\"font-size: 14pt;\">El sindicato, que exige su liberaci\u00f3n, denunci\u00f3 horas antes que agentes de la PNB \u00aballanaron\u00bb la vivienda de la periodista, a quien luego \u00abse llevaron\u00bb junto con su hijo, un operativo durante el que los funcionarios tomaron \u00abalgunos equipos de computadora\u00bb y que se llev\u00f3 a cabo cinco d\u00edas despu\u00e9s de su despido del diario nacional \u00daltimas Noticias, af\u00edn al oficialismo.<\/span><\/div>\n<\/div>\n<\/div>\n<\/div>\n<\/div>\n<\/div>\n<\/div>\n<\/div>\n<article class=\"content-continued-body clearfix \">\n<div id=\"content-body-5851641-12455345\">\n<p><span style=\"font-size: 14pt;\">En esa red social, el sindicato comparti\u00f3 un video del momento en el que la periodista y su hijo son llevados a uno de los dos veh\u00edculos policiales que se encontraban estacionados a las afueras del edificio.<\/span><\/p>\n<p><span style=\"font-size: 14pt;\">El pasado martes, Longo expres\u00f3, a trav\u00e9s de X, que le \u00abterminaron una etapa\u00bb de su \u00abvida de casi 20 a\u00f1os, y a cuatro d\u00edas de salir de vacaciones\u00bb, en referencia a su trabajo en el diario, donde -se\u00f1al\u00f3- fue delegada sindical \u00abpor m\u00e1s de la mitad de ese tiempo\u00bb.<\/span><\/p>\n<p><span style=\"font-size: 14pt;\">Estas acciones fueron rechazadas por organizaciones no gubernamentales y dirigentes opositores, que denuncian una \u00abrepresi\u00f3n\u00bb contra \u00abla prensa libre\u00bb en el pa\u00eds caribe\u00f1o.<\/span><\/p>\n<p><span style=\"font-size: 14pt;\">Hasta el mi\u00e9rcoles, el SNTP computaba seis periodistas detenidos luego de las elecciones presidenciales del 28 de julio, tras las cuales se desat\u00f3 una crisis pol\u00edtica en el pa\u00eds, seg\u00fan dijo a EFE el secretario general de la uni\u00f3n, Marco Ruiz, para un total de diez, incluidos los cuatro aprehendidos en los meses anteriores a los comicios, algunos durante la cobertura de las actividades de campa\u00f1a.<\/span><\/p>\n<p><span style=\"font-size: 14pt;\">Al menos cuatro, se\u00f1ala el SNTP, han sido imputados por el delito de \u00abterrorismo\u00bb tras ser detenidos durante las protestas contra el resultado oficial de los comicios, que ratific\u00f3 a Nicol\u00e1s Maduro como presidente electo para un tercer per\u00edodo consecutivo.<\/span><\/p>\n<p><span style=\"font-size: 14pt;\">A trav\u00e9s de X, la gremial ha alertado de un \u00abuso ilegal y arbitrario de las leyes antiterrorismo (\u2026), especialmente contra los periodistas y reporteros gr\u00e1ficos detenidos durante las protestas postelectorales\u00bb.<\/span><\/p>\n<p><span style=\"font-size: 14pt;\">La Sociedad Interamericana de Prensa (SIP) rechaz\u00f3 el pasado 14 de agosto la imputaci\u00f3n de este delito y conden\u00f3 el aumento de las detenciones arbitrarias, censura y bloqueos contra la prensa en la naci\u00f3n caribe\u00f1a.<\/span><\/p>\n<p><span style=\"font-size: 14pt;\">Este s\u00e1bado, la l\u00edder opositora Mar\u00eda Corina Machado llam\u00f3 a la comunidad internacional a responsabilizar a Maduro de \u00abla represi\u00f3n desatada\u00bb, sobre todo, tras las elecciones del pasado mes.<\/span><\/p>\n<\/div>\n<\/article>\n","protected":false},"excerpt":{"rendered":"<p>La periodista de espect\u00e1culos venezolana Carmela Longo, detenida este domingo luego de un \u00aballanamiento\u00bb de su vivienda en Caracas, ser\u00e1<\/p>\n","protected":false},"author":4,"featured_media":44882,"comment_status":"closed","ping_status":"closed","sticky":false,"template":"","format":"standard","meta":{"colormag_page_container_layout":"default_layout","colormag_page_sidebar_layout":"default_layout","_jetpack_memberships_contains_paid_content":false,"footnotes":"","jetpack_publicize_message":"","jetpack_publicize_feature_enabled":true,"jetpack_social_post_already_shared":false,"jetpack_social_options":{"image_generator_settings":{"template":"highway","default_image_id":0,"font":"","enabled":false},"version":2}},"categories":[28],"tags":[],"class_list":["post-44881","post","type-post","status-publish","format-standard","has-post-thumbnail","hentry","category-internacional"],"jetpack_publicize_connections":[],"jetpack_featured_media_url":"https:\/\/i0.wp.com\/politicosaldesnudo.com.mx\/wp-content\/uploads\/2024\/08\/Detienen-a-periodista-en-Venezuela.png?fit=768%2C479&ssl=1","jetpack-related-posts":[],"jetpack_sharing_enabled":true,"_links":{"self":[{"href":"https:\/\/politicosaldesnudo.com.mx\/index.php\/wp-json\/wp\/v2\/posts\/44881","targetHints":{"allow":["GET"]}}],"collection":[{"href":"https:\/\/politicosaldesnudo.com.mx\/index.php\/wp-json\/wp\/v2\/posts"}],"about":[{"href":"https:\/\/politicosaldesnudo.com.mx\/index.php\/wp-json\/wp\/v2\/types\/post"}],"author":[{"embeddable":true,"href":"https:\/\/politicosaldesnudo.com.mx\/index.php\/wp-json\/wp\/v2\/users\/4"}],"replies":[{"embeddable":true,"href":"https:\/\/politicosaldesnudo.com.mx\/index.php\/wp-json\/wp\/v2\/comments?post=44881"}],"version-history":[{"count":0,"href":"https:\/\/politicosaldesnudo.com.mx\/index.php\/wp-json\/wp\/v2\/posts\/44881\/revisions"}],"wp:featuredmedia":[{"embeddable":true,"href":"https:\/\/politicosaldesnudo.com.mx\/index.php\/wp-json\/wp\/v2\/media\/44882"}],"wp:attachment":[{"href":"https:\/\/politicosaldesnudo.com.mx\/index.php\/wp-json\/wp\/v2\/media?parent=44881"}],"wp:term":[{"taxonomy":"category","embeddable":true,"href":"https:\/\/politicosaldesnudo.com.mx\/index.php\/wp-json\/wp\/v2\/categories?post=44881"},{"taxonomy":"post_tag","embeddable":true,"href":"https:\/\/politicosaldesnudo.com.mx\/index.php\/wp-json\/wp\/v2\/tags?post=44881"}],"curies":[{"name":"wp","href":"https:\/\/api.w.org\/{rel}","templated":true}]}}