{"id":44908,"date":"2024-08-26T08:27:20","date_gmt":"2024-08-26T13:27:20","guid":{"rendered":"https:\/\/politicosaldesnudo.com.mx\/?p=44908"},"modified":"2024-08-26T08:27:20","modified_gmt":"2024-08-26T13:27:20","slug":"presupuesto-de-ramos-autonomos-representa-0-05-del-gasto-publico","status":"publish","type":"post","link":"https:\/\/politicosaldesnudo.com.mx\/index.php\/2024\/08\/26\/presupuesto-de-ramos-autonomos-representa-0-05-del-gasto-publico\/","title":{"rendered":"Presupuesto de ramos aut\u00f3nomos representa 0.05% del gasto p\u00fablico"},"content":{"rendered":"<p><span style=\"font-size: 14pt;\"><em><strong>En el dictamen dice que estos recursos ir\u00e1n al Fondo de Pensiones para el Bienestar.<\/strong><\/em><\/span><\/p>\n<p><span style=\"font-size: 14pt;\">El presupuesto de los siete ramos aut\u00f3nomos que el gobierno de Andr\u00e9s Manuel L\u00f3pez Obrador busca desaparecer representa apenas 0.05% del gasto p\u00fablico total aprobado para este a\u00f1o, indic\u00f3 la organizaci\u00f3n M\u00e9xico Eval\u00faa.<\/span><\/p>\n<p><span style=\"font-size: 14pt;\">La organizaci\u00f3n civil destac\u00f3 que para este a\u00f1o, se aprob\u00f3 un presupuesto de 4,534 millones de pesos a los siete \u00f3rganos en conjunto: Instituto Nacional de Transparencia, Acceso a la Informaci\u00f3n y Protecci\u00f3n de Datos Personales (INAI), Consejo Nacional de Evaluaci\u00f3n de la Pol\u00edtica de Desarrollo Social (Coneval), Comisi\u00f3n Federal de Competencia Econ\u00f3mica (Cofece), Instituto Federal de Telecomunicaciones (IFT), Comisi\u00f3n Nacional de Hidrocarburos (CNH), Comisi\u00f3n Reguladora de Energ\u00eda (CRE) y la Comisi\u00f3n Nacional para la Mejora Continua de la Educaci\u00f3n (Mejoredu).<\/span><\/p>\n<p><span style=\"font-size: 14pt;\">\u201cEl presupuesto de los organismos aut\u00f3nomos no es una carga en el presupuesto federal, solo representa 0.05% del mismo\u201d, expres\u00f3 M\u00e9xico Eval\u00faa, contrario a lo que dicho sobre el gasto de estos ramos.<\/span><\/p>\n<p><span style=\"font-size: 14pt;\">Es decir, de los m\u00e1s de 9.06 billones de pesos que se aprobaron de gasto para el 2024, apenas 0.05 pesos de cada 100 ser\u00e1 ejercido por alguno de estos ramos aut\u00f3nomos.<\/span><\/p>\n<p><span style=\"font-size: 14pt;\">El viernes pasado, la Comisi\u00f3n de Puntos Constitucionales de la C\u00e1mara de Diputados aval\u00f3 el dictamen para reformar la Constituci\u00f3n y eliminar estos ramos aut\u00f3nomos, cuyas funciones pasar\u00edan a otras dependencias del gobierno federal y al Instituto Nacional de Estad\u00edstica y Geograf\u00eda en el caso del Coneval.<\/span><\/p>\n<p><span style=\"font-size: 14pt;\">Se espera que el dictamen sea discutido por el pleno de San L\u00e1zaro al inicio de la siguiente Legislatura, que empezar\u00e1 el 1 de septiembre.<\/span><\/p>\n<p><span style=\"font-size: 14pt;\">\u201cExtinguirlos para transferir sus funciones a la administraci\u00f3n p\u00fablica federal, podr\u00eda incrementar los riesgos de corrupci\u00f3n, la concentraci\u00f3n de los mercados, elevar los precios y generar desabasto de bienes y servicios\u201d, alert\u00f3 M\u00e9xico Eval\u00faa.<\/span><\/p>\n<p><span style=\"font-size: 14pt;\">\u00bfQu\u00e9 pasar\u00e1 con su presupuesto?<\/span><\/p>\n<p><span style=\"font-size: 14pt;\">La Secretar\u00eda de Hacienda y Cr\u00e9dito P\u00fablico dijo hace algunas semanas que, de aprobarse la eliminaci\u00f3n de estos ramos aut\u00f3nomos, su presupuesto se ir\u00eda a las dependencias que absorber\u00e1n sus funciones; sin embargo, el dictamen aprobado en comisiones de San L\u00e1zaro estipula que el dinero ir\u00e1 al Fondo de Pensiones para el Bienestar.<\/span><\/p>\n<p><span style=\"font-size: 14pt;\">\u201cLas econom\u00edas y ahorros que se generen con la extinci\u00f3n de los entes p\u00fablicos materia del presente decreto se destinar\u00e1n al Fondo de Pensiones para el Bienestar\u201d, dice el dictamen.<\/span><\/p>\n","protected":false},"excerpt":{"rendered":"<p>En el dictamen dice que estos recursos ir\u00e1n al Fondo de Pensiones para el Bienestar. El presupuesto de los siete<\/p>\n","protected":false},"author":4,"featured_media":44909,"comment_status":"closed","ping_status":"closed","sticky":false,"template":"","format":"standard","meta":{"colormag_page_container_layout":"default_layout","colormag_page_sidebar_layout":"default_layout","_jetpack_memberships_contains_paid_content":false,"footnotes":"","jetpack_publicize_message":"","jetpack_publicize_feature_enabled":true,"jetpack_social_post_already_shared":false,"jetpack_social_options":{"image_generator_settings":{"template":"highway","default_image_id":0,"font":"","enabled":false},"version":2}},"categories":[2050],"tags":[],"class_list":["post-44908","post","type-post","status-publish","format-standard","has-post-thumbnail","hentry","category-economia"],"jetpack_publicize_connections":[],"jetpack_featured_media_url":"https:\/\/i0.wp.com\/politicosaldesnudo.com.mx\/wp-content\/uploads\/2024\/08\/letrero_coneval__elr_-5.jpg_270939306.jpg?fit=1200%2C750&ssl=1","jetpack-related-posts":[],"jetpack_sharing_enabled":true,"_links":{"self":[{"href":"https:\/\/politicosaldesnudo.com.mx\/index.php\/wp-json\/wp\/v2\/posts\/44908","targetHints":{"allow":["GET"]}}],"collection":[{"href":"https:\/\/politicosaldesnudo.com.mx\/index.php\/wp-json\/wp\/v2\/posts"}],"about":[{"href":"https:\/\/politicosaldesnudo.com.mx\/index.php\/wp-json\/wp\/v2\/types\/post"}],"author":[{"embeddable":true,"href":"https:\/\/politicosaldesnudo.com.mx\/index.php\/wp-json\/wp\/v2\/users\/4"}],"replies":[{"embeddable":true,"href":"https:\/\/politicosaldesnudo.com.mx\/index.php\/wp-json\/wp\/v2\/comments?post=44908"}],"version-history":[{"count":0,"href":"https:\/\/politicosaldesnudo.com.mx\/index.php\/wp-json\/wp\/v2\/posts\/44908\/revisions"}],"wp:featuredmedia":[{"embeddable":true,"href":"https:\/\/politicosaldesnudo.com.mx\/index.php\/wp-json\/wp\/v2\/media\/44909"}],"wp:attachment":[{"href":"https:\/\/politicosaldesnudo.com.mx\/index.php\/wp-json\/wp\/v2\/media?parent=44908"}],"wp:term":[{"taxonomy":"category","embeddable":true,"href":"https:\/\/politicosaldesnudo.com.mx\/index.php\/wp-json\/wp\/v2\/categories?post=44908"},{"taxonomy":"post_tag","embeddable":true,"href":"https:\/\/politicosaldesnudo.com.mx\/index.php\/wp-json\/wp\/v2\/tags?post=44908"}],"curies":[{"name":"wp","href":"https:\/\/api.w.org\/{rel}","templated":true}]}}