{"id":44924,"date":"2024-08-26T08:53:17","date_gmt":"2024-08-26T13:53:17","guid":{"rendered":"https:\/\/politicosaldesnudo.com.mx\/?p=44924"},"modified":"2024-08-26T08:53:17","modified_gmt":"2024-08-26T13:53:17","slug":"mueren-nueve-policias-municipales-en-coahuayana-michoacan-durante-enfrentamiento","status":"publish","type":"post","link":"https:\/\/politicosaldesnudo.com.mx\/index.php\/2024\/08\/26\/mueren-nueve-policias-municipales-en-coahuayana-michoacan-durante-enfrentamiento\/","title":{"rendered":"Mueren nueve polic\u00edas municipales en Coahuayana, Michoac\u00e1n, durante enfrentamiento"},"content":{"rendered":"<div>\n<div id=\"content-body-225-12453542\">\n<p><span style=\"font-size: 14pt;\">Nueve polic\u00edas perdieron la vida tras enfrentarse a un grupo del crimen organizado en el municipio de Coahuayana, en los l\u00edmites de Michoac\u00e1n y Colima.<\/span><\/p>\n<p><span style=\"font-size: 14pt;\">El presidente municipal, Gildardo Ar\u00e9valo se\u00f1al\u00f3 que sin el apoyo de fuerzas federales o estatales, la noche del s\u00e1bado los uniformados intentaron frenar el paso de una c\u00e9lula delictiva, hechos en los que perdieron la vida un total de ocho polic\u00edas municipales.<\/span><\/p>\n<\/div>\n<\/div>\n<div>\n<div id=\"dfp-nota-1x3s\" data-google-query-id=\"CLKUpt_mkogDFU_t9QId6hkt6A\">\n<div id=\"google_ads_iframe_\/2000002\/la-prensa\/mexico_nota_1x3_0__container__\">\n<div id=\"inArticle_1\">\n<div>\n<div>\n<div>\n<div><span style=\"font-size: 14pt;\">Durante la refriega, uno m\u00e1s qued\u00f3 gravemente lesionado, perdiendo la vida al recibir las primeras atenciones m\u00e9dicas, con lo que el saldo se elev\u00f3 a 9 v\u00edctimas.<\/span><\/div>\n<\/div>\n<\/div>\n<\/div>\n<\/div>\n<\/div>\n<\/div>\n<\/div>\n<article>\n<div id=\"content-body-5851641-12453542\">\n<p><span style=\"font-size: 14pt;\">Las primeras investigaciones se\u00f1alan que habr\u00edan sido integrantes del C\u00e1rtel Jalisco Nueva Generaci\u00f3n (CJNG)\u00a0quienes, provenientes de Colima, intentaron irrumpir en la cabecera municipal.<\/span><\/p>\n<p><span style=\"font-size: 14pt;\">Del hecho, autoridades estatales no han dado a conocer su postura, sin embargo, el alcalde se\u00f1al\u00f3 que tras lo ocurrido personal del\u00a0Ej\u00e9rcito y la Guardia Nacional ya se han desplegado en la zona para resguardar el orden.<\/span><\/p>\n<p><span style=\"font-size: 14pt;\">En redes sociales, circulan esquelas en donde se lamenta la muerte de los polic\u00edas municipales y se anuncia una misa de cuerpo presente para este mismo d\u00eda.<\/span><\/p>\n<p><span style=\"font-size: 14pt;\">Este hecho se suma al secuestro de siete elementos de la polic\u00eda comunitaria de La Cantera, en el municipio de Tangamandapio, ocurrido el pasado martes y al anuncio de instalaci\u00f3n de barricadas en la comunidad de San \u00c1ngel Zurumucapio, en el municipio de Ziracuaretiro.<\/span><\/p>\n<\/div>\n<\/article>\n","protected":false},"excerpt":{"rendered":"<p>Nueve polic\u00edas perdieron la vida tras enfrentarse a un grupo del crimen organizado en el municipio de Coahuayana, en los<\/p>\n","protected":false},"author":4,"featured_media":44925,"comment_status":"closed","ping_status":"closed","sticky":false,"template":"","format":"standard","meta":{"colormag_page_container_layout":"default_layout","colormag_page_sidebar_layout":"default_layout","_jetpack_memberships_contains_paid_content":false,"footnotes":"","jetpack_publicize_message":"","jetpack_publicize_feature_enabled":true,"jetpack_social_post_already_shared":false,"jetpack_social_options":{"image_generator_settings":{"template":"highway","default_image_id":0,"font":"","enabled":false},"version":2}},"categories":[33],"tags":[],"class_list":["post-44924","post","type-post","status-publish","format-standard","has-post-thumbnail","hentry","category-nacional"],"jetpack_publicize_connections":[],"jetpack_featured_media_url":"https:\/\/i0.wp.com\/politicosaldesnudo.com.mx\/wp-content\/uploads\/2024\/08\/guardia-civil-michoacan.jpg?fit=768%2C479&ssl=1","jetpack-related-posts":[],"jetpack_sharing_enabled":true,"_links":{"self":[{"href":"https:\/\/politicosaldesnudo.com.mx\/index.php\/wp-json\/wp\/v2\/posts\/44924","targetHints":{"allow":["GET"]}}],"collection":[{"href":"https:\/\/politicosaldesnudo.com.mx\/index.php\/wp-json\/wp\/v2\/posts"}],"about":[{"href":"https:\/\/politicosaldesnudo.com.mx\/index.php\/wp-json\/wp\/v2\/types\/post"}],"author":[{"embeddable":true,"href":"https:\/\/politicosaldesnudo.com.mx\/index.php\/wp-json\/wp\/v2\/users\/4"}],"replies":[{"embeddable":true,"href":"https:\/\/politicosaldesnudo.com.mx\/index.php\/wp-json\/wp\/v2\/comments?post=44924"}],"version-history":[{"count":0,"href":"https:\/\/politicosaldesnudo.com.mx\/index.php\/wp-json\/wp\/v2\/posts\/44924\/revisions"}],"wp:featuredmedia":[{"embeddable":true,"href":"https:\/\/politicosaldesnudo.com.mx\/index.php\/wp-json\/wp\/v2\/media\/44925"}],"wp:attachment":[{"href":"https:\/\/politicosaldesnudo.com.mx\/index.php\/wp-json\/wp\/v2\/media?parent=44924"}],"wp:term":[{"taxonomy":"category","embeddable":true,"href":"https:\/\/politicosaldesnudo.com.mx\/index.php\/wp-json\/wp\/v2\/categories?post=44924"},{"taxonomy":"post_tag","embeddable":true,"href":"https:\/\/politicosaldesnudo.com.mx\/index.php\/wp-json\/wp\/v2\/tags?post=44924"}],"curies":[{"name":"wp","href":"https:\/\/api.w.org\/{rel}","templated":true}]}}