{"id":44927,"date":"2024-08-26T08:55:28","date_gmt":"2024-08-26T13:55:28","guid":{"rendered":"https:\/\/politicosaldesnudo.com.mx\/?p=44927"},"modified":"2024-08-26T08:55:28","modified_gmt":"2024-08-26T13:55:28","slug":"baja-mas-de-un-metro-el-nivel-de-las-presas-la-boquilla-y-las-virgenes-chihuahua","status":"publish","type":"post","link":"https:\/\/politicosaldesnudo.com.mx\/index.php\/2024\/08\/26\/baja-mas-de-un-metro-el-nivel-de-las-presas-la-boquilla-y-las-virgenes-chihuahua\/","title":{"rendered":"Baja m\u00e1s de un metro el nivel de las presas La Boquilla y Las V\u00edrgenes Chihuahua"},"content":{"rendered":"<div>\n<div id=\"content-body-225-12453203\">\n<p><span style=\"font-size: 14pt;\">En\u00a0m\u00e1s de un metro se redujo el nivel de las presas La Boquilla y Francisco I. Madero\u00a0durante este mes de agosto, debido a la\u00a0ausencia generalizada de lluvias\u00a0y a que contin\u00faa la extracci\u00f3n de agua para cumplir con el plan de riegos en los campos del Distrito 005 en\u00a0Chihuahua.<\/span><\/p>\n<p><span style=\"font-size: 14pt;\">A poco m\u00e1s de un mes de que finalice el presente\u00a0ciclo agr\u00edcola primavera- verano, los niveles de\u00a0almacenamiento de los dos embalses no se han recuperado y siguen a la baja, lo cual es motivo de preocupaci\u00f3n para los usuarios del distrito de riego.<\/span><\/p>\n<\/div>\n<\/div>\n<div>\n<div id=\"dfp-nota-1x3s\" data-google-query-id=\"CMv4uZnnkogDFZvMGAId9J80lw\">\n<div id=\"google_ads_iframe_\/2000002\/la-prensa\/mexico_nota_1x3_0__container__\">\n<div id=\"inArticle_1\">\n<div>\n<div>\n<div>\n<div><span style=\"font-size: 14pt;\">Con base en la informaci\u00f3n que proporcion\u00f3 la Comisi\u00f3n Nacional del Agua,\u00a0el 1 de agosto La Boquilla almacenaba 513.134 millones de metros c\u00fabicos\u00a0y su escala era de 1293.29 metros sobre el nivel del mar; este\u00a0s\u00e1bado 24 de agosto, el volumen almacenado era de\u00a0468.369 millones de metros c\u00fabicos y su escala era de 1292.25 metros sobre el nivel del mar.<\/span><\/div>\n<\/div>\n<\/div>\n<\/div>\n<\/div>\n<\/div>\n<\/div>\n<\/div>\n<article>\n<div id=\"content-body-5851641-12453203\">\n<p><span style=\"font-size: 14pt;\">Lo anterior significa que\u00a0la presa m\u00e1s grande del distrito redujo en 44.765 millones de metros c\u00fabicos\u00a0y su escala baj\u00f3 1.04 metros. Asimismo, pas\u00f3 del 18.02 por ciento al 16.45 por ciento de su capacidad en los \u00faltimos veinticuatro d\u00edas.<\/span><\/p>\n<p><span style=\"font-size: 14pt;\">Por otro lado,\u00a0la presa Francisco I. Madero almacenaba 54.500 millones de metros c\u00fabicos al iniciar este mes\u00a0y su escala era de 1225.95 metros sobre el nivel del mar; este s\u00e1bado,\u00a0\u201cLas V\u00edrgenes\u201d almacenaba un volumen de 42.443 millones de metros c\u00fabicos\u00a0y su escala era de 1224.56 metros sobre el nivel del mar.<\/span><\/p>\n<p><span style=\"font-size: 14pt;\">Del embalse ubicado en el municipio de Rosales\u00a0se han extra\u00eddo este mes 12.057 millones de metros c\u00fabicos,\u00a0por lo que su escala se redujo en 1.39 metros, pues desde finales del mes de julio ya no recibi\u00f3 m\u00e1s escurrimientos por la falta de precipitaciones pluviales en la cuenca del r\u00edo San Pedro. Adem\u00e1s, la presa Francisco I. Madero pas\u00f3 del 16.35 por ciento al 12.73 por ciento de su capacidad en lo que va de este mes de agosto.<\/span><\/p>\n<p><span style=\"font-size: 14pt;\">Cabe mencionar que el\u00a0gasto de extracci\u00f3n en las dos presas del Distrito de Riego 005 ha registrado un aumento ligero durante las \u00faltimas tres semanas, pues en La Boquilla pas\u00f3 de 21 a 27 metros c\u00fabicos por segundo, y en\u00a0\u201cLas V\u00edrgenes\u201d\u00a0de tres a cuatro metros c\u00fabicos por segundo, ya que las lluvias han sido escasas este agosto.<\/span><\/p>\n<p><span style=\"font-size: 14pt;\">Sin embargo, el Servicio Meteorol\u00f3gico Nacional pronostic\u00f3 que\u00a0se presentar\u00e1n lluvias en las pr\u00f3ximas 72 horas en la Sierra Tarahumara y en el altiplano, lo cual podr\u00eda traer alg\u00fan beneficio a las presas.<\/span><\/p>\n<\/div>\n<\/article>\n","protected":false},"excerpt":{"rendered":"<p>En\u00a0m\u00e1s de un metro se redujo el nivel de las presas La Boquilla y Francisco I. Madero\u00a0durante este mes de<\/p>\n","protected":false},"author":4,"featured_media":44928,"comment_status":"closed","ping_status":"closed","sticky":false,"template":"","format":"standard","meta":{"colormag_page_container_layout":"default_layout","colormag_page_sidebar_layout":"default_layout","_jetpack_memberships_contains_paid_content":false,"footnotes":"","jetpack_publicize_message":"","jetpack_publicize_feature_enabled":true,"jetpack_social_post_already_shared":false,"jetpack_social_options":{"image_generator_settings":{"template":"highway","default_image_id":0,"font":"","enabled":false},"version":2}},"categories":[33],"tags":[],"class_list":["post-44927","post","type-post","status-publish","format-standard","has-post-thumbnail","hentry","category-nacional"],"jetpack_publicize_connections":[],"jetpack_featured_media_url":"https:\/\/i0.wp.com\/politicosaldesnudo.com.mx\/wp-content\/uploads\/2024\/08\/PRESA-LA-BOQUILLA.jpg?fit=768%2C479&ssl=1","jetpack-related-posts":[],"jetpack_sharing_enabled":true,"_links":{"self":[{"href":"https:\/\/politicosaldesnudo.com.mx\/index.php\/wp-json\/wp\/v2\/posts\/44927","targetHints":{"allow":["GET"]}}],"collection":[{"href":"https:\/\/politicosaldesnudo.com.mx\/index.php\/wp-json\/wp\/v2\/posts"}],"about":[{"href":"https:\/\/politicosaldesnudo.com.mx\/index.php\/wp-json\/wp\/v2\/types\/post"}],"author":[{"embeddable":true,"href":"https:\/\/politicosaldesnudo.com.mx\/index.php\/wp-json\/wp\/v2\/users\/4"}],"replies":[{"embeddable":true,"href":"https:\/\/politicosaldesnudo.com.mx\/index.php\/wp-json\/wp\/v2\/comments?post=44927"}],"version-history":[{"count":0,"href":"https:\/\/politicosaldesnudo.com.mx\/index.php\/wp-json\/wp\/v2\/posts\/44927\/revisions"}],"wp:featuredmedia":[{"embeddable":true,"href":"https:\/\/politicosaldesnudo.com.mx\/index.php\/wp-json\/wp\/v2\/media\/44928"}],"wp:attachment":[{"href":"https:\/\/politicosaldesnudo.com.mx\/index.php\/wp-json\/wp\/v2\/media?parent=44927"}],"wp:term":[{"taxonomy":"category","embeddable":true,"href":"https:\/\/politicosaldesnudo.com.mx\/index.php\/wp-json\/wp\/v2\/categories?post=44927"},{"taxonomy":"post_tag","embeddable":true,"href":"https:\/\/politicosaldesnudo.com.mx\/index.php\/wp-json\/wp\/v2\/tags?post=44927"}],"curies":[{"name":"wp","href":"https:\/\/api.w.org\/{rel}","templated":true}]}}