{"id":44930,"date":"2024-08-26T08:57:24","date_gmt":"2024-08-26T13:57:24","guid":{"rendered":"https:\/\/politicosaldesnudo.com.mx\/?p=44930"},"modified":"2024-08-26T08:57:24","modified_gmt":"2024-08-26T13:57:24","slug":"nueva-rina-en-el-penal-de-koben-en-campeche-deja-varios-heridos","status":"publish","type":"post","link":"https:\/\/politicosaldesnudo.com.mx\/index.php\/2024\/08\/26\/nueva-rina-en-el-penal-de-koben-en-campeche-deja-varios-heridos\/","title":{"rendered":"Nueva ri\u00f1a en el penal de Kob\u00e9n, en Campeche, deja varios heridos"},"content":{"rendered":"<div>\n<div id=\"content-body-225-12455630\">\n<p><span style=\"font-size: 14pt;\">Al menos\u00a0seis lesi\u00f3nados\u00a0fue el saldo de una \u00df al interior del Centro de Rehabilitaci\u00f3n Social (CERESO) de\u00a0Kob\u00e9n, la tarde de este domingo.<\/span><\/p>\n<p><span style=\"font-size: 14pt;\">Alrededor de las 18:00 horas, familiares de algunas personas privadas de su libertad (PPL) salieron alarmados, llorando, mientras se escuchaban\u00a0detonaciones de armas de fuego, que, seg\u00fan la narraci\u00f3n de las personas que dejaban el penal, eran de los propios custodios.<\/span><\/p>\n<\/div>\n<\/div>\n<div>\n<div id=\"dfp-nota-1x3s\" data-google-query-id=\"CIKUtdfnkogDFSXnGAId38gLDA\">\n<div id=\"google_ads_iframe_\/2000002\/la-prensa\/mexico_nota_1x3_0__container__\"><span style=\"font-size: 14pt;\">\u00abLes dispararon desde arriba, desde las torres\u00bb, dijo una mujer en medio del llanto.<\/span><\/div>\n<\/div>\n<\/div>\n<article>\n<div id=\"content-body-5851641-12455630\">\n<p><span style=\"font-size: 14pt;\">Una de las personas que se encontraba en el penal coment\u00f3 que escuch\u00f3 alrededor de 20 disparos, y preocupada por la integridad de su pariente, se qued\u00f3 a montar guardia desde el otro lado de la carretera, a unos 100 metros de la entrada.<\/span><\/p>\n<p><span style=\"font-size: 14pt;\">Elementos de la\u00a0Secretar\u00eda de Seguridad estatal, entre ellos el comandante\u00a0Manuel Tacu Maldonado, arribaron a las instalaciones con\u00a0apoyo de la Guardia Nacional.<\/span><\/p>\n<p><span style=\"font-size: 14pt;\">Alrededor de las 19:00 horas\u00a0arribaron al Cereso dos ambulancias, en las que se presume fueron trasladadas algunas de las personas lesionadas.<\/span><\/p>\n<p><span style=\"font-size: 14pt;\">En este penal fue donde a principios de este a\u00f1o se realiz\u00f3 un\u00a0operativo fallido para trasladar a reos peligrosos, lo que desat\u00f3 un enfrentamiento en el cual\u00a050 personas resultaron lesionadas, entre ellos mujeres polic\u00edas.<\/span><\/p>\n<p><span style=\"font-size: 14pt;\">El operativo desencaden\u00f3 un\u00a0paro de polic\u00edas\u00a0de la Secretar\u00eda de Seguridad que se prolong\u00f3 durante cuatro meses.<\/span><\/p>\n<\/div>\n<\/article>\n","protected":false},"excerpt":{"rendered":"<p>Al menos\u00a0seis lesi\u00f3nados\u00a0fue el saldo de una \u00df al interior del Centro de Rehabilitaci\u00f3n Social (CERESO) de\u00a0Kob\u00e9n, la tarde de<\/p>\n","protected":false},"author":4,"featured_media":44931,"comment_status":"closed","ping_status":"closed","sticky":false,"template":"","format":"standard","meta":{"colormag_page_container_layout":"default_layout","colormag_page_sidebar_layout":"default_layout","_jetpack_memberships_contains_paid_content":false,"footnotes":"","jetpack_publicize_message":"","jetpack_publicize_feature_enabled":true,"jetpack_social_post_already_shared":false,"jetpack_social_options":{"image_generator_settings":{"template":"highway","default_image_id":0,"font":"","enabled":false},"version":2}},"categories":[33],"tags":[],"class_list":["post-44930","post","type-post","status-publish","format-standard","has-post-thumbnail","hentry","category-nacional"],"jetpack_publicize_connections":[],"jetpack_featured_media_url":"https:\/\/i0.wp.com\/politicosaldesnudo.com.mx\/wp-content\/uploads\/2024\/08\/Rina-en-el-penal-de-Koben-Campeche-.png?fit=768%2C479&ssl=1","jetpack-related-posts":[],"jetpack_sharing_enabled":true,"_links":{"self":[{"href":"https:\/\/politicosaldesnudo.com.mx\/index.php\/wp-json\/wp\/v2\/posts\/44930","targetHints":{"allow":["GET"]}}],"collection":[{"href":"https:\/\/politicosaldesnudo.com.mx\/index.php\/wp-json\/wp\/v2\/posts"}],"about":[{"href":"https:\/\/politicosaldesnudo.com.mx\/index.php\/wp-json\/wp\/v2\/types\/post"}],"author":[{"embeddable":true,"href":"https:\/\/politicosaldesnudo.com.mx\/index.php\/wp-json\/wp\/v2\/users\/4"}],"replies":[{"embeddable":true,"href":"https:\/\/politicosaldesnudo.com.mx\/index.php\/wp-json\/wp\/v2\/comments?post=44930"}],"version-history":[{"count":0,"href":"https:\/\/politicosaldesnudo.com.mx\/index.php\/wp-json\/wp\/v2\/posts\/44930\/revisions"}],"wp:featuredmedia":[{"embeddable":true,"href":"https:\/\/politicosaldesnudo.com.mx\/index.php\/wp-json\/wp\/v2\/media\/44931"}],"wp:attachment":[{"href":"https:\/\/politicosaldesnudo.com.mx\/index.php\/wp-json\/wp\/v2\/media?parent=44930"}],"wp:term":[{"taxonomy":"category","embeddable":true,"href":"https:\/\/politicosaldesnudo.com.mx\/index.php\/wp-json\/wp\/v2\/categories?post=44930"},{"taxonomy":"post_tag","embeddable":true,"href":"https:\/\/politicosaldesnudo.com.mx\/index.php\/wp-json\/wp\/v2\/tags?post=44930"}],"curies":[{"name":"wp","href":"https:\/\/api.w.org\/{rel}","templated":true}]}}