{"id":44973,"date":"2024-08-27T05:07:50","date_gmt":"2024-08-27T10:07:50","guid":{"rendered":"https:\/\/politicosaldesnudo.com.mx\/?p=44973"},"modified":"2024-08-26T20:47:38","modified_gmt":"2024-08-27T01:47:38","slug":"industria-automotriz-de-queretaro-avanza-conforme-a-sus-proyecciones-de-produccion","status":"publish","type":"post","link":"https:\/\/politicosaldesnudo.com.mx\/index.php\/2024\/08\/27\/industria-automotriz-de-queretaro-avanza-conforme-a-sus-proyecciones-de-produccion\/","title":{"rendered":"Industria automotriz de Quer\u00e9taro avanza conforme a sus proyecciones de producci\u00f3n"},"content":{"rendered":"<div class=\"jsx-3315747106 resumeNew\">\n<p><span style=\"font-size: 14pt;\"><em><strong>El director del Cl\u00faster Automotriz de Quer\u00e9taro, Daniel Hern\u00e1ndez Camacho\u00a0reconoci\u00f3 que hay elementos internacionales que podr\u00edan impactar en la producci\u00f3n automotriz, pero reiter\u00f3 que no se ha ralentizado la industria en la entidad.<\/strong><\/em><\/span><\/p>\n<\/div>\n<div class=\"jsx-1764542821 newsbody\">\n<div class=\"jsx-670345696 share fixed\">\n<div class=\"jsx-670345696 \"><span style=\"font-size: 14pt;\">La industria automotriz local\u00a0avanza conforme a sus proyecciones de producci\u00f3n y crecimiento.<\/span><\/div>\n<\/div>\n<div class=\"jsx-1764542821\">\n<div id=\"readNote\" class=\"jsx-1764542821\">\n<div class=\"jsx-537108098\">\n<p class=\"jsx-3954459878\"><span style=\"font-size: 14pt;\">Por ahora, no se percibe una desaceleraci\u00f3n en la industria, expres\u00f3 el director del Cl\u00faster Automotriz de Quer\u00e9taro, Daniel Hern\u00e1ndez Camacho, al analizar factores nacionales e internacionales que impactan en el sector.<\/span><\/p>\n<p class=\"jsx-3954459878\"><span style=\"font-size: 14pt;\">Sin embargo, podr\u00eda ser en los pr\u00f3ximos meses cuando haya m\u00e1s claridad del comportamiento que mantendr\u00e1 la industria, una vez que los fabricantes de equipo original (Original Equipment Manufacturer, OEM) emitan sus previsiones.<\/span><\/p>\n<p class=\"jsx-3954459878\"><span style=\"font-size: 14pt;\">\u201cTodos estos factores realmente tienen unas semanas que comenzaron a moverse un poquito m\u00e1s intensamente, tal vez en uno o dos meses ya con el an\u00e1lisis, (\u2026) que comiencen a enviar los OEM en Estados Unidos veremos si hay una expectativa realmente de recorte, en este momento, todo parece que camina como estaba proyectado\u201d, dijo.<\/span><\/p>\n<\/div>\n<\/div>\n<\/div>\n<\/div>\n","protected":false},"excerpt":{"rendered":"<p>El director del Cl\u00faster Automotriz de Quer\u00e9taro, Daniel Hern\u00e1ndez Camacho\u00a0reconoci\u00f3 que hay elementos internacionales que podr\u00edan impactar en la producci\u00f3n<\/p>\n","protected":false},"author":4,"featured_media":44974,"comment_status":"closed","ping_status":"closed","sticky":false,"template":"","format":"standard","meta":{"colormag_page_container_layout":"default_layout","colormag_page_sidebar_layout":"default_layout","_jetpack_memberships_contains_paid_content":false,"footnotes":"","jetpack_publicize_message":"","jetpack_publicize_feature_enabled":true,"jetpack_social_post_already_shared":false,"jetpack_social_options":{"image_generator_settings":{"template":"highway","default_image_id":0,"font":"","enabled":false},"version":2}},"categories":[30],"tags":[],"class_list":["post-44973","post","type-post","status-publish","format-standard","has-post-thumbnail","hentry","category-estados"],"jetpack_publicize_connections":[],"jetpack_featured_media_url":"https:\/\/i0.wp.com\/politicosaldesnudo.com.mx\/wp-content\/uploads\/2024\/08\/autopartes_autopartistas_fabrica_automotriz_canacintra_queretaro_cortesia.jpg_554688468.jpg?fit=1200%2C675&ssl=1","jetpack-related-posts":[],"jetpack_sharing_enabled":true,"_links":{"self":[{"href":"https:\/\/politicosaldesnudo.com.mx\/index.php\/wp-json\/wp\/v2\/posts\/44973","targetHints":{"allow":["GET"]}}],"collection":[{"href":"https:\/\/politicosaldesnudo.com.mx\/index.php\/wp-json\/wp\/v2\/posts"}],"about":[{"href":"https:\/\/politicosaldesnudo.com.mx\/index.php\/wp-json\/wp\/v2\/types\/post"}],"author":[{"embeddable":true,"href":"https:\/\/politicosaldesnudo.com.mx\/index.php\/wp-json\/wp\/v2\/users\/4"}],"replies":[{"embeddable":true,"href":"https:\/\/politicosaldesnudo.com.mx\/index.php\/wp-json\/wp\/v2\/comments?post=44973"}],"version-history":[{"count":0,"href":"https:\/\/politicosaldesnudo.com.mx\/index.php\/wp-json\/wp\/v2\/posts\/44973\/revisions"}],"wp:featuredmedia":[{"embeddable":true,"href":"https:\/\/politicosaldesnudo.com.mx\/index.php\/wp-json\/wp\/v2\/media\/44974"}],"wp:attachment":[{"href":"https:\/\/politicosaldesnudo.com.mx\/index.php\/wp-json\/wp\/v2\/media?parent=44973"}],"wp:term":[{"taxonomy":"category","embeddable":true,"href":"https:\/\/politicosaldesnudo.com.mx\/index.php\/wp-json\/wp\/v2\/categories?post=44973"},{"taxonomy":"post_tag","embeddable":true,"href":"https:\/\/politicosaldesnudo.com.mx\/index.php\/wp-json\/wp\/v2\/tags?post=44973"}],"curies":[{"name":"wp","href":"https:\/\/api.w.org\/{rel}","templated":true}]}}