{"id":4498,"date":"2022-04-27T12:58:42","date_gmt":"2022-04-27T17:58:42","guid":{"rendered":"https:\/\/politicosaldesnudo.com.mx\/?p=4498"},"modified":"2022-04-27T13:00:22","modified_gmt":"2022-04-27T18:00:22","slug":"en-mayo-gobierno-4t-anunciara-plan-contra-inflacion","status":"publish","type":"post","link":"https:\/\/politicosaldesnudo.com.mx\/index.php\/2022\/04\/27\/en-mayo-gobierno-4t-anunciara-plan-contra-inflacion\/","title":{"rendered":"En mayo, Gobierno 4T anunciar\u00e1 plan contra inflaci\u00f3n"},"content":{"rendered":"<p class=\"p1\"><em><strong>Ciudad de M\u00e9xico.<\/strong> <\/em>El <strong>4 de mayo el Gobierno de la Cuarta Transformaci\u00f3n dar\u00e1 a conocer el plan para hacer frente a la inflaci\u00f3n y la carest\u00eda<\/strong>, anunci\u00f3 el presidente <strong>Andr\u00e9s Manuel L\u00f3pez Obrador.<\/strong><\/p>\n<p class=\"p1\"><strong>Sostuvo que actualmente el mayor impacto inflacionario se observa en alimentos y no en energ\u00e9ticos.<\/strong><\/p>\n<p class=\"p1\">En conferencia de prensa matutina, el jefe del Ejecutivo precis\u00f3 que la estrategia incluye el impulso de las actividades productivas, principalmente de la agricultura a fin de reforzar la autosuficiencia.<\/p>\n<blockquote>\n<p class=\"p1\">Que se siembre ma\u00edz, frijol, lo b\u00e1sico, porque se enfrenta la carest\u00eda, la inflaci\u00f3n, con el autoconsumo, no solo con la producci\u00f3n comercial. Si somos autosuficientes en alimentos, vamos de gane. No es lo mismo comprar el frijol, el ma\u00edz, que tenerlo en la troje, en la casa. Entonces hay que sembrar todo lo que se pueda para el autoconsumo\u201d, enfatiz\u00f3.<\/p>\n<\/blockquote>\n<p class=\"p1\">A estas acciones se suman los<strong> apoyos de los Programas para el Bienestar<\/strong>, los cuales record\u00f3 que llegan de manera directa y no a trav\u00e9s de organizaciones.<\/p>\n<p class=\"p1\">Entre las iniciativas se encuentra la ampliaci\u00f3n de la entrega de fertilizantes. A trav\u00e9s de esta, <strong>el a\u00f1o pasado se registr\u00f3 una buena producci\u00f3n de ma\u00edz en Guerrero<\/strong>, tanto para <strong>autoconsumo como para el mercado<\/strong>, resalt\u00f3 el presidente.<\/p>\n<p>&nbsp;<\/p>\n<figure id=\"attachment_4500\" aria-describedby=\"caption-attachment-4500\" style=\"width: 800px\" class=\"wp-caption aligncenter\"><img data-recalc-dims=\"1\" loading=\"lazy\" decoding=\"async\" class=\"wp-image-4500 size-large\" src=\"https:\/\/i0.wp.com\/politicosaldesnudo.com.mx\/wp-content\/uploads\/2022\/04\/P-INFLACIO%CC%81N2-1024x573.png?resize=800%2C448&#038;ssl=1\" alt=\"\" width=\"800\" height=\"448\" srcset=\"https:\/\/i0.wp.com\/politicosaldesnudo.com.mx\/wp-content\/uploads\/2022\/04\/P-INFLACIO%CC%81N2.png?resize=1024%2C573&amp;ssl=1 1024w, https:\/\/i0.wp.com\/politicosaldesnudo.com.mx\/wp-content\/uploads\/2022\/04\/P-INFLACIO%CC%81N2.png?resize=300%2C168&amp;ssl=1 300w, https:\/\/i0.wp.com\/politicosaldesnudo.com.mx\/wp-content\/uploads\/2022\/04\/P-INFLACIO%CC%81N2.png?resize=768%2C430&amp;ssl=1 768w, https:\/\/i0.wp.com\/politicosaldesnudo.com.mx\/wp-content\/uploads\/2022\/04\/P-INFLACIO%CC%81N2.png?resize=1536%2C859&amp;ssl=1 1536w, https:\/\/i0.wp.com\/politicosaldesnudo.com.mx\/wp-content\/uploads\/2022\/04\/P-INFLACIO%CC%81N2.png?w=1816&amp;ssl=1 1816w, https:\/\/i0.wp.com\/politicosaldesnudo.com.mx\/wp-content\/uploads\/2022\/04\/P-INFLACIO%CC%81N2.png?w=1600&amp;ssl=1 1600w\" sizes=\"auto, (max-width: 800px) 100vw, 800px\" \/><figcaption id=\"caption-attachment-4500\" class=\"wp-caption-text\">El presidente Andr\u00e9s Manuel L\u00f3pez Obrador durante la conferencia matutina.<\/figcaption><\/figure>\n<p>&nbsp;<\/p>\n<p class=\"p1\"><strong>Como parte del plan se mantendr\u00e1n los precios de garant\u00eda en ma\u00edz, frijol, arroz y leche y ya se dialoga con la iniciativa privada para fijar costos similares<\/strong> en productos de primera necesidad en el interior de la Rep\u00fablica.<\/p>\n<blockquote>\n<p class=\"p1\">Sin establecer control de precios, estamos llegando a un acuerdo con grandes productores de alimentos y con distribuidores, con las tiendas, y casi todos est\u00e1n aceptando ayudar. Lo que les estamos proponiendo es que tengamos un precio parejo de una canasta b\u00e1sica; que se pueda comprar al mismo precio en la Ciudad de M\u00e9xico o en Tijuana, en Valladolid o en Tapachula, un precio justo\u201d, explic\u00f3.<\/p>\n<\/blockquote>\n<p class=\"p1\"><strong>El mandatario agradeci\u00f3 la sensibilidad y disposici\u00f3n de productores para contribuir a bajar precios a los consumidores \u201csin imponer nada\u201d.<\/strong><\/p>\n<blockquote>\n<p class=\"p1\">Es una contribuci\u00f3n de los productores, distribuidores y las grandes tiendas departamentales que van a ayudarnos. Estamos definiendo que sean 24 productos b\u00e1sicos para que la gente m\u00e1s humilde no padezca y tenga garantizado lo b\u00e1sico a un precio justo\u201d, detall\u00f3.<\/p>\n<p class=\"p1\">Estamos trabajando de manera conjunta al interior del gobierno, todas las \u00e1reas. (\u2026) Los precios de gasolinas, del gas, del di\u00e9sel, les adelanto, no van a aumentar, la luz tampoco; es parte de ese plan\u201d, agreg\u00f3.<\/p>\n<\/blockquote>\n<p>&nbsp;<\/p>\n<p>&nbsp;<\/p>\n<p>&nbsp;<\/p>\n","protected":false},"excerpt":{"rendered":"<p>Ciudad de M\u00e9xico. El 4 de mayo el Gobierno de la Cuarta Transformaci\u00f3n dar\u00e1 a conocer el plan para hacer<\/p>\n","protected":false},"author":4,"featured_media":4501,"comment_status":"closed","ping_status":"closed","sticky":false,"template":"","format":"standard","meta":{"colormag_page_container_layout":"default_layout","colormag_page_sidebar_layout":"default_layout","_jetpack_memberships_contains_paid_content":false,"footnotes":"","jetpack_publicize_message":"","jetpack_publicize_feature_enabled":true,"jetpack_social_post_already_shared":false,"jetpack_social_options":{"image_generator_settings":{"template":"highway","default_image_id":0,"font":"","enabled":false},"version":2}},"categories":[33],"tags":[95,47,560,42],"class_list":["post-4498","post","type-post","status-publish","format-standard","has-post-thumbnail","hentry","category-nacional","tag-andres-manuel-lopez-obrador","tag-inflacion","tag-mayo","tag-mexico"],"jetpack_publicize_connections":[],"jetpack_featured_media_url":"https:\/\/i0.wp.com\/politicosaldesnudo.com.mx\/wp-content\/uploads\/2022\/04\/P-INFLACIO%CC%81N4.png?fit=1816%2C1016&ssl=1","jetpack-related-posts":[],"jetpack_sharing_enabled":true,"_links":{"self":[{"href":"https:\/\/politicosaldesnudo.com.mx\/index.php\/wp-json\/wp\/v2\/posts\/4498","targetHints":{"allow":["GET"]}}],"collection":[{"href":"https:\/\/politicosaldesnudo.com.mx\/index.php\/wp-json\/wp\/v2\/posts"}],"about":[{"href":"https:\/\/politicosaldesnudo.com.mx\/index.php\/wp-json\/wp\/v2\/types\/post"}],"author":[{"embeddable":true,"href":"https:\/\/politicosaldesnudo.com.mx\/index.php\/wp-json\/wp\/v2\/users\/4"}],"replies":[{"embeddable":true,"href":"https:\/\/politicosaldesnudo.com.mx\/index.php\/wp-json\/wp\/v2\/comments?post=4498"}],"version-history":[{"count":0,"href":"https:\/\/politicosaldesnudo.com.mx\/index.php\/wp-json\/wp\/v2\/posts\/4498\/revisions"}],"wp:featuredmedia":[{"embeddable":true,"href":"https:\/\/politicosaldesnudo.com.mx\/index.php\/wp-json\/wp\/v2\/media\/4501"}],"wp:attachment":[{"href":"https:\/\/politicosaldesnudo.com.mx\/index.php\/wp-json\/wp\/v2\/media?parent=4498"}],"wp:term":[{"taxonomy":"category","embeddable":true,"href":"https:\/\/politicosaldesnudo.com.mx\/index.php\/wp-json\/wp\/v2\/categories?post=4498"},{"taxonomy":"post_tag","embeddable":true,"href":"https:\/\/politicosaldesnudo.com.mx\/index.php\/wp-json\/wp\/v2\/tags?post=4498"}],"curies":[{"name":"wp","href":"https:\/\/api.w.org\/{rel}","templated":true}]}}