{"id":45010,"date":"2024-08-27T05:18:40","date_gmt":"2024-08-27T10:18:40","guid":{"rendered":"https:\/\/politicosaldesnudo.com.mx\/?p=45010"},"modified":"2024-08-26T21:40:59","modified_gmt":"2024-08-27T02:40:59","slug":"delegacion-tuxpena-presente-en-manifestacion-nacional-contra-reforma-judicial","status":"publish","type":"post","link":"https:\/\/politicosaldesnudo.com.mx\/index.php\/2024\/08\/27\/delegacion-tuxpena-presente-en-manifestacion-nacional-contra-reforma-judicial\/","title":{"rendered":"Delegaci\u00f3n tuxpe\u00f1a presente en manifestaci\u00f3n nacional contra Reforma Judicial"},"content":{"rendered":"<p><span style=\"font-size: 14pt;\">Personal de los Juzgados S\u00e9ptimo y Octavo de Distrito con sede en Tuxpan, estuvieron presentes en la concentraci\u00f3n efectuada este lunes en la Ciudad de M\u00e9xico en el Poder Judicial de la Federaci\u00f3n, con sede en San L\u00e1zaro, la cual tuvo como finalidad expresar su inconformidad ante la Reforma Judicial.<\/span><\/p>\n<p><span style=\"font-size: 14pt;\">En el marco del inicio de la discusi\u00f3n de este proyecto de Ley por la Comisi\u00f3n de Puntos Constitucionales de la C\u00e1mara de Diputados, los manifestantes reiteraron que esta reforma atenta contra la Divisi\u00f3n de Poderes.<\/span><\/p>\n<p><span style=\"font-size: 14pt;\">Representantes de Tuxpan se sumaron al acompa\u00f1amiento de la representante de la Asociaci\u00f3n Nacional de Magistrados de Circuito y Jueces de Distrito del Poder Judicial de la Federaci\u00f3n para la entrega de una petici\u00f3n de di\u00e1logo que contemple a los 32 representantes de cada Distrito Judicial.<\/span><\/p>\n<p><span style=\"font-size: 14pt;\">En tanto, desde lo local, personal de los Juzgados Federales contin\u00faan con la entrega de folletos informativos que dan cuenta de las funciones de este organismo y la importancia de su defensa ante las confusiones existentes que los ligan incluso con quehaceres de Polic\u00eda y Fiscal\u00edas Estatales, las cuales son ajenas a tal Poder.<\/span><\/p>\n<p><span style=\"font-size: 14pt;\">Dicha iniciativa busca que Jueces, Magistrados y Ministros sean electos a trav\u00e9s del voto popular, adem\u00e1s de que se reduzcan los integrantes de la Suprema Corte de Justicia Nacional y la eliminaci\u00f3n de sus dos salas, por citar, adem\u00e1s de destruir la carrera judicial de los servidores p\u00fablicos quienes durante a\u00f1os se han preparado para llegar a la categor\u00eda de jueces, pasando por ex\u00e1menes, diplomados y cursos de acreditaci\u00f3n para lograr subir de escal\u00f3n.<\/span><\/p>\n","protected":false},"excerpt":{"rendered":"<p>Personal de los Juzgados S\u00e9ptimo y Octavo de Distrito con sede en Tuxpan, estuvieron presentes en la concentraci\u00f3n efectuada este<\/p>\n","protected":false},"author":4,"featured_media":45011,"comment_status":"closed","ping_status":"closed","sticky":false,"template":"","format":"standard","meta":{"colormag_page_container_layout":"default_layout","colormag_page_sidebar_layout":"default_layout","_jetpack_memberships_contains_paid_content":false,"footnotes":"","jetpack_publicize_message":"","jetpack_publicize_feature_enabled":true,"jetpack_social_post_already_shared":false,"jetpack_social_options":{"image_generator_settings":{"template":"highway","default_image_id":0,"font":"","enabled":false},"version":2}},"categories":[1082],"tags":[],"class_list":["post-45010","post","type-post","status-publish","format-standard","has-post-thumbnail","hentry","category-tuxpan"],"jetpack_publicize_connections":[],"jetpack_featured_media_url":"https:\/\/i0.wp.com\/politicosaldesnudo.com.mx\/wp-content\/uploads\/2024\/08\/delegacion-tuxpena-presente-en-manifestacion-nacional-contra-reforma-judicial-545531.jpeg?fit=800%2C600&ssl=1","jetpack-related-posts":[],"jetpack_sharing_enabled":true,"_links":{"self":[{"href":"https:\/\/politicosaldesnudo.com.mx\/index.php\/wp-json\/wp\/v2\/posts\/45010","targetHints":{"allow":["GET"]}}],"collection":[{"href":"https:\/\/politicosaldesnudo.com.mx\/index.php\/wp-json\/wp\/v2\/posts"}],"about":[{"href":"https:\/\/politicosaldesnudo.com.mx\/index.php\/wp-json\/wp\/v2\/types\/post"}],"author":[{"embeddable":true,"href":"https:\/\/politicosaldesnudo.com.mx\/index.php\/wp-json\/wp\/v2\/users\/4"}],"replies":[{"embeddable":true,"href":"https:\/\/politicosaldesnudo.com.mx\/index.php\/wp-json\/wp\/v2\/comments?post=45010"}],"version-history":[{"count":0,"href":"https:\/\/politicosaldesnudo.com.mx\/index.php\/wp-json\/wp\/v2\/posts\/45010\/revisions"}],"wp:featuredmedia":[{"embeddable":true,"href":"https:\/\/politicosaldesnudo.com.mx\/index.php\/wp-json\/wp\/v2\/media\/45011"}],"wp:attachment":[{"href":"https:\/\/politicosaldesnudo.com.mx\/index.php\/wp-json\/wp\/v2\/media?parent=45010"}],"wp:term":[{"taxonomy":"category","embeddable":true,"href":"https:\/\/politicosaldesnudo.com.mx\/index.php\/wp-json\/wp\/v2\/categories?post=45010"},{"taxonomy":"post_tag","embeddable":true,"href":"https:\/\/politicosaldesnudo.com.mx\/index.php\/wp-json\/wp\/v2\/tags?post=45010"}],"curies":[{"name":"wp","href":"https:\/\/api.w.org\/{rel}","templated":true}]}}