{"id":45081,"date":"2024-08-28T08:56:36","date_gmt":"2024-08-28T13:56:36","guid":{"rendered":"https:\/\/politicosaldesnudo.com.mx\/?p=45081"},"modified":"2024-08-28T08:56:36","modified_gmt":"2024-08-28T13:56:36","slug":"veracruz-acumula-mas-de-460-mujeres-desaparecidas-en-2024","status":"publish","type":"post","link":"https:\/\/politicosaldesnudo.com.mx\/index.php\/2024\/08\/28\/veracruz-acumula-mas-de-460-mujeres-desaparecidas-en-2024\/","title":{"rendered":"Veracruz acumula m\u00e1s de 460 mujeres desaparecidas en 2024"},"content":{"rendered":"<p><span style=\"font-size: 14pt;\">Al corte del mes de julio, 462 mujeres han desaparecido en el Estado de Veracruz en lo que va del 2024, de las cuales 291 corresponden a la regi\u00f3n centro de la entidad, 104 a la zona norte y 67 a la regi\u00f3n sur.\u00a0<\/span><\/p>\n<p><span style=\"font-size: 14pt;\">De acuerdo al Observatorio Universitario de Violencias Contra las Mujeres de la Universidad Veracruzana, son los municipios de Veracruz y Xalapa los que encabezan el listado de desapariciones con 65 y 56 casos respectivamente, mientras que en la zona norte es el municipio de Poza Rica el de mayor reincidencia con 30 casos en total.<\/span><\/p>\n<p><span style=\"font-size: 14pt;\">Del total de casos, 166 mujeres siguen sin ser localizadas, y tres de las victimas localizadas han sido hallazgos sin vida.<\/span><\/p>\n<p><span style=\"font-size: 14pt;\">De acuerdo a la informaci\u00f3n, la mayor\u00eda de desapariciones corresponden a mujeres menores de edad, siendo 252 casos, mientras que 198 corresponden a una edad adulta, 11 son adultas mayores y una permanece sin especificarse.\u00a0<\/span><\/p>\n<p><span style=\"font-size: 14pt;\">Durante la actual administraci\u00f3n estatal a cargo del Gobernador Cuitl\u00e1huac Garc\u00eda Jim\u00e9nez, es el a\u00f1o 2023 el que acumula la mayor cantidad de casos con un total de 904 desapariciones.\u00a0\u00a0<\/span><\/p>\n","protected":false},"excerpt":{"rendered":"<p>Al corte del mes de julio, 462 mujeres han desaparecido en el Estado de Veracruz en lo que va del<\/p>\n","protected":false},"author":4,"featured_media":45082,"comment_status":"closed","ping_status":"closed","sticky":false,"template":"","format":"standard","meta":{"colormag_page_container_layout":"default_layout","colormag_page_sidebar_layout":"default_layout","_jetpack_memberships_contains_paid_content":false,"footnotes":"","jetpack_publicize_message":"","jetpack_publicize_feature_enabled":true,"jetpack_social_post_already_shared":false,"jetpack_social_options":{"image_generator_settings":{"template":"highway","default_image_id":0,"font":"","enabled":false},"version":2}},"categories":[1082],"tags":[],"class_list":["post-45081","post","type-post","status-publish","format-standard","has-post-thumbnail","hentry","category-tuxpan"],"jetpack_publicize_connections":[],"jetpack_featured_media_url":"https:\/\/i0.wp.com\/politicosaldesnudo.com.mx\/wp-content\/uploads\/2024\/08\/veracruz-acumula-mas-de-460-mujeres-desaparecidas-en-2024-545898.jpeg?fit=800%2C600&ssl=1","jetpack-related-posts":[],"jetpack_sharing_enabled":true,"_links":{"self":[{"href":"https:\/\/politicosaldesnudo.com.mx\/index.php\/wp-json\/wp\/v2\/posts\/45081","targetHints":{"allow":["GET"]}}],"collection":[{"href":"https:\/\/politicosaldesnudo.com.mx\/index.php\/wp-json\/wp\/v2\/posts"}],"about":[{"href":"https:\/\/politicosaldesnudo.com.mx\/index.php\/wp-json\/wp\/v2\/types\/post"}],"author":[{"embeddable":true,"href":"https:\/\/politicosaldesnudo.com.mx\/index.php\/wp-json\/wp\/v2\/users\/4"}],"replies":[{"embeddable":true,"href":"https:\/\/politicosaldesnudo.com.mx\/index.php\/wp-json\/wp\/v2\/comments?post=45081"}],"version-history":[{"count":0,"href":"https:\/\/politicosaldesnudo.com.mx\/index.php\/wp-json\/wp\/v2\/posts\/45081\/revisions"}],"wp:featuredmedia":[{"embeddable":true,"href":"https:\/\/politicosaldesnudo.com.mx\/index.php\/wp-json\/wp\/v2\/media\/45082"}],"wp:attachment":[{"href":"https:\/\/politicosaldesnudo.com.mx\/index.php\/wp-json\/wp\/v2\/media?parent=45081"}],"wp:term":[{"taxonomy":"category","embeddable":true,"href":"https:\/\/politicosaldesnudo.com.mx\/index.php\/wp-json\/wp\/v2\/categories?post=45081"},{"taxonomy":"post_tag","embeddable":true,"href":"https:\/\/politicosaldesnudo.com.mx\/index.php\/wp-json\/wp\/v2\/tags?post=45081"}],"curies":[{"name":"wp","href":"https:\/\/api.w.org\/{rel}","templated":true}]}}