{"id":45084,"date":"2024-08-28T08:57:49","date_gmt":"2024-08-28T13:57:49","guid":{"rendered":"https:\/\/politicosaldesnudo.com.mx\/?p=45084"},"modified":"2024-08-28T08:57:49","modified_gmt":"2024-08-28T13:57:49","slug":"avanzada-del-gobierno-del-estado-sufre-accidente-carretero-en-tihuatlan","status":"publish","type":"post","link":"https:\/\/politicosaldesnudo.com.mx\/index.php\/2024\/08\/28\/avanzada-del-gobierno-del-estado-sufre-accidente-carretero-en-tihuatlan\/","title":{"rendered":"Avanzada del Gobierno del Estado sufre accidente carretero en Tihuatl\u00e1n"},"content":{"rendered":"<div><span style=\"font-size: 14pt;\">Una camioneta propiedad del Gobierno del Estado de Veracruz sufri\u00f3 un aparatoso accidente, el cual dej\u00f3 como saldo tres personas lesionadas, entre ellas el Coordinador de Giras identificado como Diego Portugal.<\/span><\/div>\n<div><\/div>\n<div><span style=\"font-size: 14pt;\">Los hechos se registraron alrededor de las 12 del d\u00eda en el kil\u00f3metro 190 de la autopista Tuxpan-Totomoxtle,en el tramo Tihuatl\u00e1n-El Palmar. Se presume que el exceso de velocidad caus\u00f3 que el conductor perdiera el control de la unidad, la cual sali\u00f3 de la carretera.<\/span><\/div>\n<div><\/div>\n<div><span style=\"font-size: 14pt;\">Los tres lesionados fueron trasladados a una cl\u00ednica particular de Poza Rica para su atenci\u00f3n, siendo estable su situaci\u00f3n m\u00e9dica. Los da\u00f1os fueron principalmente materiales y la zona fue acordonada por espacio de algunas horas para poder realizar los trabajos de retiro de la unidad con apoyo de una gr\u00faa.<\/span><\/div>\n","protected":false},"excerpt":{"rendered":"<p>Una camioneta propiedad del Gobierno del Estado de Veracruz sufri\u00f3 un aparatoso accidente, el cual dej\u00f3 como saldo tres personas<\/p>\n","protected":false},"author":4,"featured_media":45085,"comment_status":"closed","ping_status":"closed","sticky":false,"template":"","format":"standard","meta":{"colormag_page_container_layout":"default_layout","colormag_page_sidebar_layout":"default_layout","_jetpack_memberships_contains_paid_content":false,"footnotes":"","jetpack_publicize_message":"","jetpack_publicize_feature_enabled":true,"jetpack_social_post_already_shared":false,"jetpack_social_options":{"image_generator_settings":{"template":"highway","default_image_id":0,"font":"","enabled":false},"version":2}},"categories":[1082],"tags":[],"class_list":["post-45084","post","type-post","status-publish","format-standard","has-post-thumbnail","hentry","category-tuxpan"],"jetpack_publicize_connections":[],"jetpack_featured_media_url":"https:\/\/i0.wp.com\/politicosaldesnudo.com.mx\/wp-content\/uploads\/2024\/08\/avanzada-del-gobierno-del-estado-sufre-accidente-carretero-en-tihuatlan-545891.jpeg?fit=800%2C600&ssl=1","jetpack-related-posts":[],"jetpack_sharing_enabled":true,"_links":{"self":[{"href":"https:\/\/politicosaldesnudo.com.mx\/index.php\/wp-json\/wp\/v2\/posts\/45084","targetHints":{"allow":["GET"]}}],"collection":[{"href":"https:\/\/politicosaldesnudo.com.mx\/index.php\/wp-json\/wp\/v2\/posts"}],"about":[{"href":"https:\/\/politicosaldesnudo.com.mx\/index.php\/wp-json\/wp\/v2\/types\/post"}],"author":[{"embeddable":true,"href":"https:\/\/politicosaldesnudo.com.mx\/index.php\/wp-json\/wp\/v2\/users\/4"}],"replies":[{"embeddable":true,"href":"https:\/\/politicosaldesnudo.com.mx\/index.php\/wp-json\/wp\/v2\/comments?post=45084"}],"version-history":[{"count":0,"href":"https:\/\/politicosaldesnudo.com.mx\/index.php\/wp-json\/wp\/v2\/posts\/45084\/revisions"}],"wp:featuredmedia":[{"embeddable":true,"href":"https:\/\/politicosaldesnudo.com.mx\/index.php\/wp-json\/wp\/v2\/media\/45085"}],"wp:attachment":[{"href":"https:\/\/politicosaldesnudo.com.mx\/index.php\/wp-json\/wp\/v2\/media?parent=45084"}],"wp:term":[{"taxonomy":"category","embeddable":true,"href":"https:\/\/politicosaldesnudo.com.mx\/index.php\/wp-json\/wp\/v2\/categories?post=45084"},{"taxonomy":"post_tag","embeddable":true,"href":"https:\/\/politicosaldesnudo.com.mx\/index.php\/wp-json\/wp\/v2\/tags?post=45084"}],"curies":[{"name":"wp","href":"https:\/\/api.w.org\/{rel}","templated":true}]}}