{"id":45090,"date":"2024-08-28T09:00:01","date_gmt":"2024-08-28T14:00:01","guid":{"rendered":"https:\/\/politicosaldesnudo.com.mx\/?p=45090"},"modified":"2024-08-28T09:00:01","modified_gmt":"2024-08-28T14:00:01","slug":"proteccion-civil-y-bomberos-preparados-ante-temporada-de-ciclones","status":"publish","type":"post","link":"https:\/\/politicosaldesnudo.com.mx\/index.php\/2024\/08\/28\/proteccion-civil-y-bomberos-preparados-ante-temporada-de-ciclones\/","title":{"rendered":"Protecci\u00f3n Civil y Bomberos preparados ante temporada de ciclones"},"content":{"rendered":"<p><span style=\"font-size: 14pt;\">Con motivo de la temporada de ciclones y tormentas tropicales, Jos\u00e9 Manuel Pozos Castro, Alcalde de Tuxpan, se\u00f1al\u00f3 que el equipo de Protecci\u00f3n Civil y Bomberos se encuentra debidamente capacitado y equipado para actuar ante cualquier contingencia y brindar las atenciones necesarias por los efectos que estas puedan generar.\u00a0<\/span><\/p>\n<p><span style=\"font-size: 14pt;\">Cabe recordar la temporada de ciclones tropicales en el Atl\u00e1ntico inici\u00f3 el 1 de junio y concluir\u00e1 el pr\u00f3ximo 30 de noviembre; ante ello, las autoridades de Protecci\u00f3n Civil Municipal mantienen un Consejo activo para el monitoreo y atenci\u00f3n ante la presencia de estos fen\u00f3menos meteorol\u00f3gicos en la cuenca de tal Oc\u00e9ano.\u00a0<\/span><\/p>\n<p><span style=\"font-size: 14pt;\">Fue en el 2021, cuando se present\u00f3 uno de los ciclones que dej\u00f3 m\u00e1s estragos en la zona norte del estado de Veracruz. Se trat\u00f3 de Grace, cicl\u00f3n de categor\u00eda 3, el primer gran hurac\u00e1n de la temporada 2021.\u00a0<\/span><\/p>\n","protected":false},"excerpt":{"rendered":"<p>Con motivo de la temporada de ciclones y tormentas tropicales, Jos\u00e9 Manuel Pozos Castro, Alcalde de Tuxpan, se\u00f1al\u00f3 que el<\/p>\n","protected":false},"author":4,"featured_media":45091,"comment_status":"closed","ping_status":"closed","sticky":false,"template":"","format":"standard","meta":{"colormag_page_container_layout":"default_layout","colormag_page_sidebar_layout":"default_layout","_jetpack_memberships_contains_paid_content":false,"footnotes":"","jetpack_publicize_message":"","jetpack_publicize_feature_enabled":true,"jetpack_social_post_already_shared":false,"jetpack_social_options":{"image_generator_settings":{"template":"highway","default_image_id":0,"font":"","enabled":false},"version":2}},"categories":[1082],"tags":[],"class_list":["post-45090","post","type-post","status-publish","format-standard","has-post-thumbnail","hentry","category-tuxpan"],"jetpack_publicize_connections":[],"jetpack_featured_media_url":"https:\/\/i0.wp.com\/politicosaldesnudo.com.mx\/wp-content\/uploads\/2024\/08\/proteccion-civil-y-bomberos-preparados-ante-temporada-de-ciclones-545860.jpeg?fit=800%2C600&ssl=1","jetpack-related-posts":[],"jetpack_sharing_enabled":true,"_links":{"self":[{"href":"https:\/\/politicosaldesnudo.com.mx\/index.php\/wp-json\/wp\/v2\/posts\/45090","targetHints":{"allow":["GET"]}}],"collection":[{"href":"https:\/\/politicosaldesnudo.com.mx\/index.php\/wp-json\/wp\/v2\/posts"}],"about":[{"href":"https:\/\/politicosaldesnudo.com.mx\/index.php\/wp-json\/wp\/v2\/types\/post"}],"author":[{"embeddable":true,"href":"https:\/\/politicosaldesnudo.com.mx\/index.php\/wp-json\/wp\/v2\/users\/4"}],"replies":[{"embeddable":true,"href":"https:\/\/politicosaldesnudo.com.mx\/index.php\/wp-json\/wp\/v2\/comments?post=45090"}],"version-history":[{"count":0,"href":"https:\/\/politicosaldesnudo.com.mx\/index.php\/wp-json\/wp\/v2\/posts\/45090\/revisions"}],"wp:featuredmedia":[{"embeddable":true,"href":"https:\/\/politicosaldesnudo.com.mx\/index.php\/wp-json\/wp\/v2\/media\/45091"}],"wp:attachment":[{"href":"https:\/\/politicosaldesnudo.com.mx\/index.php\/wp-json\/wp\/v2\/media?parent=45090"}],"wp:term":[{"taxonomy":"category","embeddable":true,"href":"https:\/\/politicosaldesnudo.com.mx\/index.php\/wp-json\/wp\/v2\/categories?post=45090"},{"taxonomy":"post_tag","embeddable":true,"href":"https:\/\/politicosaldesnudo.com.mx\/index.php\/wp-json\/wp\/v2\/tags?post=45090"}],"curies":[{"name":"wp","href":"https:\/\/api.w.org\/{rel}","templated":true}]}}