{"id":45105,"date":"2024-08-28T16:51:33","date_gmt":"2024-08-28T21:51:33","guid":{"rendered":"https:\/\/politicosaldesnudo.com.mx\/?p=45105"},"modified":"2024-08-28T16:51:33","modified_gmt":"2024-08-28T21:51:33","slug":"la-justicia-no-se-calla","status":"publish","type":"post","link":"https:\/\/politicosaldesnudo.com.mx\/index.php\/2024\/08\/28\/la-justicia-no-se-calla\/","title":{"rendered":"LA JUSTICIA NO SE CALLA"},"content":{"rendered":"<p><span style=\"font-size: 14pt;\">En la depravaci\u00f3n general de la pol\u00edtica y la lamentable gobernanza de la Cuarta Transformaci\u00f3n de la Naci\u00f3n, la justicia y la probidad tienen millones de partidarios. Este genuino y liberal impulso, que siempre ha sido caracter\u00edstico de los mexicanos patriotas y de la abogac\u00eda independiente, se ha despertado con el ruido causado por una abominable Reforma Judicial que pretende mancillar la Constituci\u00f3n Pol\u00edtica de los Estados Unidos Mexicanos. Ese encendimiento y encabronamiento se ha avivado ante la demagogia de Andr\u00e9s Manuel L\u00f3pez Obrador y la posici\u00f3n de dignidad del Poder Judicial Federal.<\/span><\/p>\n<p><span style=\"font-size: 14pt;\">Los argumentos y fundamentos poderosos de la abogac\u00eda han dado lugar a proteger a nuestro Estado de Derecho, es decir a la justicia, al Pacto Federal, que se regocijan de ver tanto afecto y tan virilmente expuesto. \u00bfSer\u00e1 acaso a los ojos del buen Derecho una raz\u00f3n para ponernos en guardia contra una indignidad m\u00e1s de Andr\u00e9s Manuel L\u00f3pez Obrador?. \u00bfSer\u00e1 que la defensa de la verdad lo justifica?. \u00a1No se\u00f1ores gobernantes!, es una defensa y una lucha por el honor y el inter\u00e9s com\u00fan de nuestro M\u00e9xico!.<\/span><\/p>\n<p><span style=\"font-size: 14pt;\">El Poder Judicial Federal y la abogac\u00eda independiente de la Rep\u00fablica hoy se han entregado a la tesis que defiende como verdadera causa, que lo es, el respeto irrestricto a nuestra Carta Magna.<\/span><\/p>\n<p><span style=\"font-size: 14pt;\">La prioridad de la Constituci\u00f3n Mexicana de 1917 en el establecimiento sistem\u00e1tico de derechos fundamentales de integraci\u00f3n social, am\u00e9n de ser reconocida por los m\u00e1s ilustres catedr\u00e1ticos del hoy y del ayer, se encuentra muy por encima de las tropel\u00edas, ocurrencias e injusticias del Presidente Constitucional de los Estados Unidos Mexicanos. Para justificar la defensa del Poder Judicial Federal es necesario remontarnos al pensar de algunos doctos.<\/span><\/p>\n<p><span style=\"font-size: 14pt;\">Javier Olea Mu\u00f1oz, abogado postulante y pol\u00edtico de excepci\u00f3n, en su momento dijo: \u201cM\u00e9xico es, la Naci\u00f3n que marcha a la vanguardia de los derechos sociales en relaci\u00f3n con la justicia\u2026\u201d \u201cComo podr\u00e1 observarse, la Constituci\u00f3n de M\u00e9xico es la m\u00e1s avanzada en lo que respecta a la \u201cSeparaci\u00f3n de Poderes\u201d. \u201cNinguna otra Constituci\u00f3n del mundo consign\u00f3 entre sus normas tales avances y es por ello que constituye una revoluci\u00f3n en el derecho, la cual tiene que ser defendida siempre con base en la propia ley\u201d.<\/span><\/p>\n<p><span style=\"font-size: 14pt;\">Ricardo Franco Guzm\u00e1n, litigante y profesor de la Facultad de Derecho de la Universidad Nacional Aut\u00f3noma de M\u00e9xico por setenta d\u00e9cadas y cuya opini\u00f3n reconoce la prioridad de la Constituci\u00f3n, dijo: \u201cLas disposiciones jur\u00eddicas y garant\u00edas consagradas en la Carta de Carranza, son una caracter\u00edstica de una ley eminentemente democr\u00e1tica, la Constituci\u00f3n Mexicana afirma una tendencia netamente protectora de nuestro Estado de Derecho\u201d.<\/span><\/p>\n<p><span style=\"font-size: 14pt;\">Salvador Mondrag\u00f3n Guerra, quien fuera un ministro fuera de serie de la Suprema Corte de Justicia de la Naci\u00f3n, tambi\u00e9n refiri\u00f3: \u201cReconozco la superioridad de nuestra Constituci\u00f3n sobre los decires del Poder Ejecutivo, en lo concerniente al respeto del Estado de Derecho, a pesar de los peros que el Ejecutivo anteponga\u201d.<\/span><\/p>\n<p><span style=\"font-size: 14pt;\">Por ello y para ello, las voces del Poder Judicial Federal y la Academia de Derecho Penal del Colegio Nacional de Abogados Foro de M\u00e9xico, no se van a silenciar en la tempestad causada por esa torpeza jur\u00eddica contenida en esa tal Reforma Judicial.<\/span><\/p>\n<p>&nbsp;<\/p>\n<p><span style=\"font-size: 14pt;\">Es cu\u00e1nto.<\/span><\/p>\n<p><span style=\"font-size: 14pt;\">Lic. Alberto Woolrich Ort\u00edz.<\/span><\/p>\n","protected":false},"excerpt":{"rendered":"<p>En la depravaci\u00f3n general de la pol\u00edtica y la lamentable gobernanza de la Cuarta Transformaci\u00f3n de la Naci\u00f3n, la justicia<\/p>\n","protected":false},"author":4,"featured_media":45106,"comment_status":"closed","ping_status":"closed","sticky":false,"template":"","format":"standard","meta":{"colormag_page_container_layout":"default_layout","colormag_page_sidebar_layout":"default_layout","_jetpack_memberships_contains_paid_content":false,"footnotes":"","jetpack_publicize_message":"","jetpack_publicize_feature_enabled":true,"jetpack_social_post_already_shared":false,"jetpack_social_options":{"image_generator_settings":{"template":"highway","default_image_id":0,"font":"","enabled":false},"version":2}},"categories":[26],"tags":[],"class_list":["post-45105","post","type-post","status-publish","format-standard","has-post-thumbnail","hentry","category-columnistas"],"jetpack_publicize_connections":[],"jetpack_featured_media_url":"https:\/\/i0.wp.com\/politicosaldesnudo.com.mx\/wp-content\/uploads\/2024\/08\/WOODLRICH.jpg?fit=800%2C445&ssl=1","jetpack-related-posts":[],"jetpack_sharing_enabled":true,"_links":{"self":[{"href":"https:\/\/politicosaldesnudo.com.mx\/index.php\/wp-json\/wp\/v2\/posts\/45105","targetHints":{"allow":["GET"]}}],"collection":[{"href":"https:\/\/politicosaldesnudo.com.mx\/index.php\/wp-json\/wp\/v2\/posts"}],"about":[{"href":"https:\/\/politicosaldesnudo.com.mx\/index.php\/wp-json\/wp\/v2\/types\/post"}],"author":[{"embeddable":true,"href":"https:\/\/politicosaldesnudo.com.mx\/index.php\/wp-json\/wp\/v2\/users\/4"}],"replies":[{"embeddable":true,"href":"https:\/\/politicosaldesnudo.com.mx\/index.php\/wp-json\/wp\/v2\/comments?post=45105"}],"version-history":[{"count":0,"href":"https:\/\/politicosaldesnudo.com.mx\/index.php\/wp-json\/wp\/v2\/posts\/45105\/revisions"}],"wp:featuredmedia":[{"embeddable":true,"href":"https:\/\/politicosaldesnudo.com.mx\/index.php\/wp-json\/wp\/v2\/media\/45106"}],"wp:attachment":[{"href":"https:\/\/politicosaldesnudo.com.mx\/index.php\/wp-json\/wp\/v2\/media?parent=45105"}],"wp:term":[{"taxonomy":"category","embeddable":true,"href":"https:\/\/politicosaldesnudo.com.mx\/index.php\/wp-json\/wp\/v2\/categories?post=45105"},{"taxonomy":"post_tag","embeddable":true,"href":"https:\/\/politicosaldesnudo.com.mx\/index.php\/wp-json\/wp\/v2\/tags?post=45105"}],"curies":[{"name":"wp","href":"https:\/\/api.w.org\/{rel}","templated":true}]}}