{"id":45115,"date":"2024-08-29T05:02:03","date_gmt":"2024-08-29T10:02:03","guid":{"rendered":"https:\/\/politicosaldesnudo.com.mx\/?p=45115"},"modified":"2024-08-28T23:14:18","modified_gmt":"2024-08-29T04:14:18","slug":"departamento-de-estado-de-eu-respalda-a-su-embajador-sobre-preocupacion-por-reforma-judicial","status":"publish","type":"post","link":"https:\/\/politicosaldesnudo.com.mx\/index.php\/2024\/08\/29\/departamento-de-estado-de-eu-respalda-a-su-embajador-sobre-preocupacion-por-reforma-judicial\/","title":{"rendered":"Departamento de Estado de EU respalda a su embajador sobre preocupaci\u00f3n por reforma judicial"},"content":{"rendered":"<div>\n<div id=\"content-body-225-12468777\">\n<p><span style=\"font-size: 14pt;\">Estados Unidos\u00a0apoy\u00f3 este mi\u00e9rcoles a su embajador en M\u00e9xico,\u00a0Ken Salazar, diciendo que comparte \u00absus preocupaciones\u00bb por la pol\u00e9mica\u00a0reforma judicial\u00a0impulsada por el gobierno del presidente\u00a0Andr\u00e9s Manuel L\u00f3pez Obrador.<\/span><\/p>\n<p><span style=\"font-size: 14pt;\">\u00abComo socios y amigos, compartimos nuestras preocupaciones sobre las reformas constitucionales propuestas\u00bb, public\u00f3 el jefe de la diplomacia estadounidense para Am\u00e9rica Latina,\u00a0Brian Nichols, en la red social X.<\/span><\/p>\n<\/div>\n<\/div>\n<div>\n<div id=\"dfp-nota-1x1s\" data-google-query-id=\"COSl6_aqmYgDFSbxGAIdrwYExg\">\n<div id=\"google_ads_iframe_\/2000002\/la-prensa\/mexico_nota_1x1_0__container__\"><span style=\"font-size: 14pt;\">La controvertida reforma, que se abordar\u00e1 en la legislatura que comenzar\u00e1 el 1 de septiembre, incluye la propuesta de que jueces y magistrados sean elegidos por voto popular.<\/span><\/div>\n<\/div>\n<\/div>\n<article>\n<div id=\"content-body-5851641-12468777\">\n<p><span style=\"font-size: 14pt;\">D\u00edas atr\u00e1s Salazar estim\u00f3 que la reforma \u00abamenaza\u00bb la relaci\u00f3n comercial entre ambos pa\u00edses y es un \u00abriesgo\u00bb para la democracia mexicana.<\/span><\/p>\n<p><span style=\"font-size: 14pt;\">Esas afirmaciones llevaron a L\u00f3pez Obrador a enviar una nota diplom\u00e1tica en protesta contra la \u00abdeclaraci\u00f3n injerencista\u00bb del embajador y a poner \u00aben pausa\u00bb el martes su relaci\u00f3n con Salazar y con la\u00a0embajada de Canad\u00e1, muy cr\u00edtica asimismo con los planes de M\u00e9xico.<\/span><\/p>\n<\/div>\n<\/article>\n","protected":false},"excerpt":{"rendered":"<p>Estados Unidos\u00a0apoy\u00f3 este mi\u00e9rcoles a su embajador en M\u00e9xico,\u00a0Ken Salazar, diciendo que comparte \u00absus preocupaciones\u00bb por la pol\u00e9mica\u00a0reforma judicial\u00a0impulsada por<\/p>\n","protected":false},"author":4,"featured_media":45116,"comment_status":"closed","ping_status":"closed","sticky":false,"template":"","format":"standard","meta":{"colormag_page_container_layout":"default_layout","colormag_page_sidebar_layout":"default_layout","_jetpack_memberships_contains_paid_content":false,"footnotes":"","jetpack_publicize_message":"","jetpack_publicize_feature_enabled":true,"jetpack_social_post_already_shared":false,"jetpack_social_options":{"image_generator_settings":{"template":"highway","default_image_id":0,"font":"","enabled":false},"version":2}},"categories":[28],"tags":[],"class_list":["post-45115","post","type-post","status-publish","format-standard","has-post-thumbnail","hentry","category-internacional"],"jetpack_publicize_connections":[],"jetpack_featured_media_url":"https:\/\/i0.wp.com\/politicosaldesnudo.com.mx\/wp-content\/uploads\/2024\/08\/Protestas-PJ.png?fit=768%2C479&ssl=1","jetpack-related-posts":[],"jetpack_sharing_enabled":true,"_links":{"self":[{"href":"https:\/\/politicosaldesnudo.com.mx\/index.php\/wp-json\/wp\/v2\/posts\/45115","targetHints":{"allow":["GET"]}}],"collection":[{"href":"https:\/\/politicosaldesnudo.com.mx\/index.php\/wp-json\/wp\/v2\/posts"}],"about":[{"href":"https:\/\/politicosaldesnudo.com.mx\/index.php\/wp-json\/wp\/v2\/types\/post"}],"author":[{"embeddable":true,"href":"https:\/\/politicosaldesnudo.com.mx\/index.php\/wp-json\/wp\/v2\/users\/4"}],"replies":[{"embeddable":true,"href":"https:\/\/politicosaldesnudo.com.mx\/index.php\/wp-json\/wp\/v2\/comments?post=45115"}],"version-history":[{"count":0,"href":"https:\/\/politicosaldesnudo.com.mx\/index.php\/wp-json\/wp\/v2\/posts\/45115\/revisions"}],"wp:featuredmedia":[{"embeddable":true,"href":"https:\/\/politicosaldesnudo.com.mx\/index.php\/wp-json\/wp\/v2\/media\/45116"}],"wp:attachment":[{"href":"https:\/\/politicosaldesnudo.com.mx\/index.php\/wp-json\/wp\/v2\/media?parent=45115"}],"wp:term":[{"taxonomy":"category","embeddable":true,"href":"https:\/\/politicosaldesnudo.com.mx\/index.php\/wp-json\/wp\/v2\/categories?post=45115"},{"taxonomy":"post_tag","embeddable":true,"href":"https:\/\/politicosaldesnudo.com.mx\/index.php\/wp-json\/wp\/v2\/tags?post=45115"}],"curies":[{"name":"wp","href":"https:\/\/api.w.org\/{rel}","templated":true}]}}