{"id":45121,"date":"2024-08-29T05:04:02","date_gmt":"2024-08-29T10:04:02","guid":{"rendered":"https:\/\/politicosaldesnudo.com.mx\/?p=45121"},"modified":"2024-08-28T23:27:03","modified_gmt":"2024-08-29T04:27:03","slug":"ampppac-y-canaco-monterrey-anuncian-el-xxx-congreso-internacional-sobre-seguridad-y-proteccion","status":"publish","type":"post","link":"https:\/\/politicosaldesnudo.com.mx\/index.php\/2024\/08\/29\/ampppac-y-canaco-monterrey-anuncian-el-xxx-congreso-internacional-sobre-seguridad-y-proteccion\/","title":{"rendered":"Ampppac y Canaco Monterrey anuncian el XXX Congreso Internacional sobre Seguridad y Protecci\u00f3n"},"content":{"rendered":"<p><span style=\"font-size: 14pt;\">El XXX Congreso Internacional \u00abLa Seguridad y Protecci\u00f3n Hoy 2024\u00bb, se realizar\u00e1 los pr\u00f3ximos 11 y 12 de septiembre, en la Torre III del Metropolitan Center. Un tema clave ser\u00e1 el uso de la Inteligencia Artificial en la Seguridad Privada.<\/span><\/p>\n<p><span style=\"font-size: 14pt;\">La Asociaci\u00f3n Mexicana de Profesionales en Prevenci\u00f3n de P\u00e9rdidas, A.C. (Ampppac), apoyada por la C\u00e1mara Nacional de Comercio, Servicios y Turismo de Monterrey (Canaco Monterrey), inform\u00f3 que el XXX Congreso Internacional \u201cLa Seguridad y Protecci\u00f3n Hoy 2024\u201d, se enfocar\u00e1 en la actualizaci\u00f3n de servicios de seguridad privada para las empresas.<\/span><\/p>\n<p><span style=\"font-size: 14pt;\">El Congreso Internacional est\u00e1 programado para realizarse el 11 y 12 de septiembre, en la Torre III del Metropolitan Center.<\/span><\/p>\n<p><span style=\"font-size: 14pt;\">El presidente de Ampppac, Ignacio Goytortua del \u00c1ngel, destac\u00f3 que durante el Congreso se abordar\u00e1 el tema del uso de la Inteligencia Artificial en la Seguridad Privada, indica un comunicado de Canaco Monterrey.<\/span><\/p>\n<p><span style=\"font-size: 14pt;\">\u201cActualmente 8 de cada 10 delitos que se cometen en el mundo son de car\u00e1cter cibern\u00e9tico, de ah\u00ed la importancia de adicionar a los temas que veremos en el Congreso, lo relacionado con Inteligencia Artificial\u201d, expres\u00f3 Goytortua del \u00c1ngel.<\/span><\/p>\n<p><span style=\"font-size: 14pt;\">Por su parte, H\u00e9ctor Villarreal Muraira, director general de Canaco Monterrey, expuso: \u201cEn la C\u00e1mara celebramos la realizaci\u00f3n del XXX Congreso Internacional &#8216;La Seguridad y Protecci\u00f3n Hoy&#8217;, que organiza la Ampppac. 30 a\u00f1os se dicen f\u00e1ciles, pero es todo un reto poder realizar este evento durante tanto tiempo\u201d.<\/span><\/p>\n","protected":false},"excerpt":{"rendered":"<p>El XXX Congreso Internacional \u00abLa Seguridad y Protecci\u00f3n Hoy 2024\u00bb, se realizar\u00e1 los pr\u00f3ximos 11 y 12 de septiembre, en<\/p>\n","protected":false},"author":4,"featured_media":45122,"comment_status":"closed","ping_status":"closed","sticky":false,"template":"","format":"standard","meta":{"colormag_page_container_layout":"default_layout","colormag_page_sidebar_layout":"default_layout","_jetpack_memberships_contains_paid_content":false,"footnotes":"","jetpack_publicize_message":"","jetpack_publicize_feature_enabled":true,"jetpack_social_post_already_shared":false,"jetpack_social_options":{"image_generator_settings":{"template":"highway","default_image_id":0,"font":"","enabled":false},"version":2}},"categories":[30],"tags":[],"class_list":["post-45121","post","type-post","status-publish","format-standard","has-post-thumbnail","hentry","category-estados"],"jetpack_publicize_connections":[],"jetpack_featured_media_url":"https:\/\/i0.wp.com\/politicosaldesnudo.com.mx\/wp-content\/uploads\/2024\/08\/ampppac_nuevo_leon_congreso_seguridad_cortesia.png_554688468.png?fit=1200%2C675&ssl=1","jetpack-related-posts":[],"jetpack_sharing_enabled":true,"_links":{"self":[{"href":"https:\/\/politicosaldesnudo.com.mx\/index.php\/wp-json\/wp\/v2\/posts\/45121","targetHints":{"allow":["GET"]}}],"collection":[{"href":"https:\/\/politicosaldesnudo.com.mx\/index.php\/wp-json\/wp\/v2\/posts"}],"about":[{"href":"https:\/\/politicosaldesnudo.com.mx\/index.php\/wp-json\/wp\/v2\/types\/post"}],"author":[{"embeddable":true,"href":"https:\/\/politicosaldesnudo.com.mx\/index.php\/wp-json\/wp\/v2\/users\/4"}],"replies":[{"embeddable":true,"href":"https:\/\/politicosaldesnudo.com.mx\/index.php\/wp-json\/wp\/v2\/comments?post=45121"}],"version-history":[{"count":0,"href":"https:\/\/politicosaldesnudo.com.mx\/index.php\/wp-json\/wp\/v2\/posts\/45121\/revisions"}],"wp:featuredmedia":[{"embeddable":true,"href":"https:\/\/politicosaldesnudo.com.mx\/index.php\/wp-json\/wp\/v2\/media\/45122"}],"wp:attachment":[{"href":"https:\/\/politicosaldesnudo.com.mx\/index.php\/wp-json\/wp\/v2\/media?parent=45121"}],"wp:term":[{"taxonomy":"category","embeddable":true,"href":"https:\/\/politicosaldesnudo.com.mx\/index.php\/wp-json\/wp\/v2\/categories?post=45121"},{"taxonomy":"post_tag","embeddable":true,"href":"https:\/\/politicosaldesnudo.com.mx\/index.php\/wp-json\/wp\/v2\/tags?post=45121"}],"curies":[{"name":"wp","href":"https:\/\/api.w.org\/{rel}","templated":true}]}}