{"id":45124,"date":"2024-08-29T05:06:11","date_gmt":"2024-08-29T10:06:11","guid":{"rendered":"https:\/\/politicosaldesnudo.com.mx\/?p=45124"},"modified":"2024-08-28T23:28:32","modified_gmt":"2024-08-29T04:28:32","slug":"caintra-y-conalep-refuerzan-alianza-para-capacitar-a-jovenes-tecnicos-en-nuevo-leon","status":"publish","type":"post","link":"https:\/\/politicosaldesnudo.com.mx\/index.php\/2024\/08\/29\/caintra-y-conalep-refuerzan-alianza-para-capacitar-a-jovenes-tecnicos-en-nuevo-leon\/","title":{"rendered":"Caintra y Conalep refuerzan alianza para capacitar a j\u00f3venes t\u00e9cnicos en Nuevo Le\u00f3n"},"content":{"rendered":"<p><span style=\"font-size: 14pt;\">La C\u00e1mara de la Industria de Transformaci\u00f3n de Nuevo Le\u00f3n y Conalep ratifican convenio para impulsar la Alianza Empresarial por la Educaci\u00f3n T\u00e9cnica. M\u00e1s de 30 empresas apoyar\u00e1n a 200 j\u00f3venes con becas en carreras t\u00e9cnicas clave para el sector.<\/span><\/p>\n<p><span style=\"font-size: 14pt;\">La C\u00e1mara de la Industria de Transformaci\u00f3n de Nuevo Le\u00f3n (Caintra) ratific\u00f3 un convenio de colaboraci\u00f3n con el Conalep para afianzar la Alianza Empresarial por la Educaci\u00f3n T\u00e9cnica de Nuevo Le\u00f3n. El objetivo es preparar a m\u00e1s y mejores t\u00e9cnicos que puedan integrarse al talento productivo de Nuevo Le\u00f3n, respondiendo a la necesidad de la industria de contar con personal altamente capacitado.<\/span><\/p>\n<p><span style=\"font-size: 14pt;\">Juan Pablo Garc\u00eda, director general de Caintra, y Andr\u00e9s Pintos Caballero, nuevo director general de Conalep en Nuevo Le\u00f3n, encabezaron la firma de ratificaci\u00f3n del convenio de colaboraci\u00f3n.<\/span><\/p>\n<p><span style=\"font-size: 14pt;\">Juan Pablo Garc\u00eda coment\u00f3 que 30 empresas estar\u00e1n apoyando en este nuevo ciclo escolar a 200 j\u00f3venes de entre 14 y 18 a\u00f1os, con el 50% de la beca, y el otro 50% lo aporta Conalep; incluye colegiaturas, gastos de transporte, alimentos y equipamiento, \u201ces una beca muy completa\u201d.<\/span><\/p>\n<p><span style=\"font-size: 14pt;\">Detall\u00f3 que de las 30 empresas, 20 de ellas son medianas y grandes y 10 son peque\u00f1as.<\/span><\/p>\n<p><span style=\"font-size: 14pt;\">\u201cLa beca es por tres a\u00f1os, si el muchacho desatiende sus estudios se habla con \u00e9l. Es un tema aspiracional, el joven debe poner de su parte para que salga bien y sea aceptado por las empresas\u201d enfatiz\u00f3 el director general de Caintra.<\/span><\/p>\n<p><span style=\"font-size: 14pt;\">El programa inici\u00f3 en 2003 como un fondo filantr\u00f3pico de Caintra y en 2022 cambi\u00f3 su nombre a Alianza Empresarial. A la fecha, m\u00e1s de 690 j\u00f3venes han sido apoyados por esta iniciativa.<\/span><\/p>\n","protected":false},"excerpt":{"rendered":"<p>La C\u00e1mara de la Industria de Transformaci\u00f3n de Nuevo Le\u00f3n y Conalep ratifican convenio para impulsar la Alianza Empresarial por<\/p>\n","protected":false},"author":4,"featured_media":45125,"comment_status":"closed","ping_status":"closed","sticky":false,"template":"","format":"standard","meta":{"colormag_page_container_layout":"default_layout","colormag_page_sidebar_layout":"default_layout","_jetpack_memberships_contains_paid_content":false,"footnotes":"","jetpack_publicize_message":"","jetpack_publicize_feature_enabled":true,"jetpack_social_post_already_shared":false,"jetpack_social_options":{"image_generator_settings":{"template":"highway","default_image_id":0,"font":"","enabled":false},"version":2}},"categories":[30],"tags":[],"class_list":["post-45124","post","type-post","status-publish","format-standard","has-post-thumbnail","hentry","category-estados"],"jetpack_publicize_connections":[],"jetpack_featured_media_url":"https:\/\/i0.wp.com\/politicosaldesnudo.com.mx\/wp-content\/uploads\/2024\/08\/caintra_conalep_nuevo_leon_cortesia.png_554688468.png?fit=1200%2C675&ssl=1","jetpack-related-posts":[],"jetpack_sharing_enabled":true,"_links":{"self":[{"href":"https:\/\/politicosaldesnudo.com.mx\/index.php\/wp-json\/wp\/v2\/posts\/45124","targetHints":{"allow":["GET"]}}],"collection":[{"href":"https:\/\/politicosaldesnudo.com.mx\/index.php\/wp-json\/wp\/v2\/posts"}],"about":[{"href":"https:\/\/politicosaldesnudo.com.mx\/index.php\/wp-json\/wp\/v2\/types\/post"}],"author":[{"embeddable":true,"href":"https:\/\/politicosaldesnudo.com.mx\/index.php\/wp-json\/wp\/v2\/users\/4"}],"replies":[{"embeddable":true,"href":"https:\/\/politicosaldesnudo.com.mx\/index.php\/wp-json\/wp\/v2\/comments?post=45124"}],"version-history":[{"count":0,"href":"https:\/\/politicosaldesnudo.com.mx\/index.php\/wp-json\/wp\/v2\/posts\/45124\/revisions"}],"wp:featuredmedia":[{"embeddable":true,"href":"https:\/\/politicosaldesnudo.com.mx\/index.php\/wp-json\/wp\/v2\/media\/45125"}],"wp:attachment":[{"href":"https:\/\/politicosaldesnudo.com.mx\/index.php\/wp-json\/wp\/v2\/media?parent=45124"}],"wp:term":[{"taxonomy":"category","embeddable":true,"href":"https:\/\/politicosaldesnudo.com.mx\/index.php\/wp-json\/wp\/v2\/categories?post=45124"},{"taxonomy":"post_tag","embeddable":true,"href":"https:\/\/politicosaldesnudo.com.mx\/index.php\/wp-json\/wp\/v2\/tags?post=45124"}],"curies":[{"name":"wp","href":"https:\/\/api.w.org\/{rel}","templated":true}]}}