{"id":45130,"date":"2024-08-29T05:10:27","date_gmt":"2024-08-29T10:10:27","guid":{"rendered":"https:\/\/politicosaldesnudo.com.mx\/?p=45130"},"modified":"2024-08-28T23:34:02","modified_gmt":"2024-08-29T04:34:02","slug":"regreso-a-clases-aumento-en-precios-de-servicios-educativos-por-encima-de-la-inflacion-general","status":"publish","type":"post","link":"https:\/\/politicosaldesnudo.com.mx\/index.php\/2024\/08\/29\/regreso-a-clases-aumento-en-precios-de-servicios-educativos-por-encima-de-la-inflacion-general\/","title":{"rendered":"Regreso a clases: aumento en precios de servicios educativos, por encima de la inflaci\u00f3n general"},"content":{"rendered":"<div class=\"jsx-3315747106 resumeNew\">\n<p><span style=\"font-size: 14pt;\">Existen factores tanto de oferta como de demanda que impactan en inflaci\u00f3n educativa, como puede ser el precio de electricidad y servicios de educaci\u00f3n, as\u00ed como el trabajo calificado.<\/span><\/p>\n<\/div>\n<div class=\"jsx-1764542821 newsbody\">\n<div class=\"jsx-670345696 share fixed\">\n<div class=\"jsx-670345696 \"><span style=\"font-size: 14pt;\">El regreso a clases de este ciclo escolar se vio acompa\u00f1ado de un incremento en los precios relacionados con la educaci\u00f3n ligeramente por encima de la inflaci\u00f3n general, la cual contin\u00faa en niveles altos, de acuerdo con la informaci\u00f3n divulgada por el Instituto Nacional de Estad\u00edstica y Geograf\u00eda (Inegi).<\/span><\/div>\n<\/div>\n<div class=\"jsx-1764542821\">\n<div id=\"readNote\" class=\"jsx-1764542821\">\n<div class=\"jsx-537108098\">\n<p class=\"jsx-3954459878\"><span style=\"font-size: 14pt;\">Los datos mostraron que mientras la inflaci\u00f3n general fue de 5.16% anual en la primera quincena de agosto, el incremento en los precios de la educaci\u00f3n aument\u00f3 en 5.24% en su comparaci\u00f3n anual.<\/span><\/p>\n<\/div>\n<\/div>\n<\/div>\n<\/div>\n","protected":false},"excerpt":{"rendered":"<p>Existen factores tanto de oferta como de demanda que impactan en inflaci\u00f3n educativa, como puede ser el precio de electricidad<\/p>\n","protected":false},"author":4,"featured_media":45131,"comment_status":"closed","ping_status":"closed","sticky":false,"template":"","format":"standard","meta":{"colormag_page_container_layout":"default_layout","colormag_page_sidebar_layout":"default_layout","_jetpack_memberships_contains_paid_content":false,"footnotes":"","jetpack_publicize_message":"","jetpack_publicize_feature_enabled":true,"jetpack_social_post_already_shared":false,"jetpack_social_options":{"image_generator_settings":{"template":"highway","default_image_id":0,"font":"","enabled":false},"version":2}},"categories":[2050],"tags":[],"class_list":["post-45130","post","type-post","status-publish","format-standard","has-post-thumbnail","hentry","category-economia"],"jetpack_publicize_connections":[],"jetpack_featured_media_url":"https:\/\/i0.wp.com\/politicosaldesnudo.com.mx\/wp-content\/uploads\/2024\/08\/clases_0_crop1724625948780.jpg_552841426.jpg?fit=1200%2C677&ssl=1","jetpack-related-posts":[],"jetpack_sharing_enabled":true,"_links":{"self":[{"href":"https:\/\/politicosaldesnudo.com.mx\/index.php\/wp-json\/wp\/v2\/posts\/45130","targetHints":{"allow":["GET"]}}],"collection":[{"href":"https:\/\/politicosaldesnudo.com.mx\/index.php\/wp-json\/wp\/v2\/posts"}],"about":[{"href":"https:\/\/politicosaldesnudo.com.mx\/index.php\/wp-json\/wp\/v2\/types\/post"}],"author":[{"embeddable":true,"href":"https:\/\/politicosaldesnudo.com.mx\/index.php\/wp-json\/wp\/v2\/users\/4"}],"replies":[{"embeddable":true,"href":"https:\/\/politicosaldesnudo.com.mx\/index.php\/wp-json\/wp\/v2\/comments?post=45130"}],"version-history":[{"count":0,"href":"https:\/\/politicosaldesnudo.com.mx\/index.php\/wp-json\/wp\/v2\/posts\/45130\/revisions"}],"wp:featuredmedia":[{"embeddable":true,"href":"https:\/\/politicosaldesnudo.com.mx\/index.php\/wp-json\/wp\/v2\/media\/45131"}],"wp:attachment":[{"href":"https:\/\/politicosaldesnudo.com.mx\/index.php\/wp-json\/wp\/v2\/media?parent=45130"}],"wp:term":[{"taxonomy":"category","embeddable":true,"href":"https:\/\/politicosaldesnudo.com.mx\/index.php\/wp-json\/wp\/v2\/categories?post=45130"},{"taxonomy":"post_tag","embeddable":true,"href":"https:\/\/politicosaldesnudo.com.mx\/index.php\/wp-json\/wp\/v2\/tags?post=45130"}],"curies":[{"name":"wp","href":"https:\/\/api.w.org\/{rel}","templated":true}]}}