{"id":45148,"date":"2024-08-29T05:14:28","date_gmt":"2024-08-29T10:14:28","guid":{"rendered":"https:\/\/politicosaldesnudo.com.mx\/?p=45148"},"modified":"2024-08-28T23:48:36","modified_gmt":"2024-08-29T04:48:36","slug":"tepjf-confirma-mayoria-calificada-de-la-4t-en-la-camara-de-diputados","status":"publish","type":"post","link":"https:\/\/politicosaldesnudo.com.mx\/index.php\/2024\/08\/29\/tepjf-confirma-mayoria-calificada-de-la-4t-en-la-camara-de-diputados\/","title":{"rendered":"TEPJF confirma mayor\u00eda calificada de la 4T en la C\u00e1mara de Diputados"},"content":{"rendered":"<p><span style=\"font-size: 14pt;\">A contrarreloj, la\u00a0Sala Superior del Tribunal Electoral del Poder Judicial de la Federaci\u00f3n\u00a0(TEPJF)\u00a0confirm\u00f3\u00a0el acuerdo del\u00a0Instituto Nacional Electoral\u00a0(INE) que otorg\u00f3 a\u00a0Morena, Partido Verde y PT la mayor\u00eda calificada en la C\u00e1mara de Diputados.<\/span><\/p>\n<p><span style=\"font-size: 14pt;\">Con lo aprobado,\u00a0los 500 diputados y 128 senadores podr\u00e1n rendir protesta el d\u00eda de ma\u00f1ana\u00a0y comenzar con el tr\u00e1mite de las reformas constitucionales del presidente\u00a0Andr\u00e9s Manuel L\u00f3pez Obrador, incluida la reforma judicial que propone\u00a0elegir por voto popular a ministros de la Suprema Corte, magistrados y jueces.<\/span><\/p>\n<p><span style=\"font-size: 14pt;\">En sesi\u00f3n p\u00fablica, los magistrados resolvieron las\u00a0impugnaciones que presentaron los partidos PAN, PRI y Movimiento Ciudadano\u00a0en contra del reparto de plurinominales. Cuatro magistrados dieron la raz\u00f3n al INE al estimar que\u00a0el bloque oficialista no incurre en sobrerrepresentaci\u00f3n, pues no supera el l\u00edmite del 8 por ciento que establece la Constituci\u00f3n.<\/span><\/p>\n<p><span style=\"font-size: 14pt;\">Al presentar el proyecto de resoluci\u00f3n, el magistrado Felipe de la Mata Piza\u00f1a acus\u00f3 que la oposici\u00f3n busca \u201ccambiar las reglas del juego una vez que ya se jug\u00f3\u201d, pues en sus impugnaciones ped\u00edan que la Sala Superior hiciera una interpretaci\u00f3n distinta de la norma constitucional que quite a Morena y aliados la mayor\u00eda calificada.<\/span><\/p>\n","protected":false},"excerpt":{"rendered":"<p>A contrarreloj, la\u00a0Sala Superior del Tribunal Electoral del Poder Judicial de la Federaci\u00f3n\u00a0(TEPJF)\u00a0confirm\u00f3\u00a0el acuerdo del\u00a0Instituto Nacional Electoral\u00a0(INE) que otorg\u00f3 a\u00a0Morena,<\/p>\n","protected":false},"author":4,"featured_media":45149,"comment_status":"closed","ping_status":"closed","sticky":false,"template":"","format":"standard","meta":{"colormag_page_container_layout":"default_layout","colormag_page_sidebar_layout":"default_layout","_jetpack_memberships_contains_paid_content":false,"footnotes":"","jetpack_publicize_message":"","jetpack_publicize_feature_enabled":true,"jetpack_social_post_already_shared":false,"jetpack_social_options":{"image_generator_settings":{"template":"highway","default_image_id":0,"font":"","enabled":false},"version":2}},"categories":[33],"tags":[],"class_list":["post-45148","post","type-post","status-publish","format-standard","has-post-thumbnail","hentry","category-nacional"],"jetpack_publicize_connections":[],"jetpack_featured_media_url":"https:\/\/i0.wp.com\/politicosaldesnudo.com.mx\/wp-content\/uploads\/2024\/08\/TEPJF-confirma-mayoria-calificada-para-la-4T-en-la-Camara-de-Diputados.png?fit=768%2C479&ssl=1","jetpack-related-posts":[],"jetpack_sharing_enabled":true,"_links":{"self":[{"href":"https:\/\/politicosaldesnudo.com.mx\/index.php\/wp-json\/wp\/v2\/posts\/45148","targetHints":{"allow":["GET"]}}],"collection":[{"href":"https:\/\/politicosaldesnudo.com.mx\/index.php\/wp-json\/wp\/v2\/posts"}],"about":[{"href":"https:\/\/politicosaldesnudo.com.mx\/index.php\/wp-json\/wp\/v2\/types\/post"}],"author":[{"embeddable":true,"href":"https:\/\/politicosaldesnudo.com.mx\/index.php\/wp-json\/wp\/v2\/users\/4"}],"replies":[{"embeddable":true,"href":"https:\/\/politicosaldesnudo.com.mx\/index.php\/wp-json\/wp\/v2\/comments?post=45148"}],"version-history":[{"count":0,"href":"https:\/\/politicosaldesnudo.com.mx\/index.php\/wp-json\/wp\/v2\/posts\/45148\/revisions"}],"wp:featuredmedia":[{"embeddable":true,"href":"https:\/\/politicosaldesnudo.com.mx\/index.php\/wp-json\/wp\/v2\/media\/45149"}],"wp:attachment":[{"href":"https:\/\/politicosaldesnudo.com.mx\/index.php\/wp-json\/wp\/v2\/media?parent=45148"}],"wp:term":[{"taxonomy":"category","embeddable":true,"href":"https:\/\/politicosaldesnudo.com.mx\/index.php\/wp-json\/wp\/v2\/categories?post=45148"},{"taxonomy":"post_tag","embeddable":true,"href":"https:\/\/politicosaldesnudo.com.mx\/index.php\/wp-json\/wp\/v2\/tags?post=45148"}],"curies":[{"name":"wp","href":"https:\/\/api.w.org\/{rel}","templated":true}]}}