{"id":45151,"date":"2024-08-29T05:15:35","date_gmt":"2024-08-29T10:15:35","guid":{"rendered":"https:\/\/politicosaldesnudo.com.mx\/?p=45151"},"modified":"2024-08-28T23:52:11","modified_gmt":"2024-08-29T04:52:11","slug":"infonavit-y-gobierno-federal-impulsan-acuerdo-nacional-para-accesibilizar-vivienda","status":"publish","type":"post","link":"https:\/\/politicosaldesnudo.com.mx\/index.php\/2024\/08\/29\/infonavit-y-gobierno-federal-impulsan-acuerdo-nacional-para-accesibilizar-vivienda\/","title":{"rendered":"Infonavit y Gobierno Federal impulsan Acuerdo Nacional para accesibilizar vivienda"},"content":{"rendered":"<div>\n<div id=\"content-body-225-12471356\">\n<p><span style=\"font-size: 14pt;\">Para generar el mill\u00f3n de viviendas que propone la presidenta electa\u00a0Claudia Sheinbaum Pardo, el Infonavit puede generar las condiciones jur\u00eddicas, administrativas y t\u00e9cnicas para financiar anualmente\u00a0100 mil acciones de vivienda\u00a0con premio menor a 580 mil pesos.<\/span><\/p>\n<\/div>\n<\/div>\n<div>\n<div id=\"dfp-nota-1x1s\" data-google-query-id=\"CMCLx7GzmYgDFcPp9QIdwFIiEA\">\n<div id=\"google_ads_iframe_\/2000002\/la-prensa\/mexico_nota_1x1_0__container__\"><span style=\"font-size: 14pt;\">\u201cA trav\u00e9s del di\u00e1logo tripartito, podemos atender a los 76 millones de derechohabientes, especialmente a los 5.5 millones que demandan vivienda asequible;\u00a0garantizar el crecimiento de los Polos de Desarrollo; y abrir oportunidades para que los j\u00f3venes construyan su patrimonio\u201d.<\/span><\/div>\n<\/div>\n<\/div>\n<article>\n<div id=\"content-body-5851641-12471356\">\n<p><span style=\"font-size: 14pt;\">Mario Mac\u00edas Robles,\u00a0titular de la Direcci\u00f3n de los Trabajadores (DST) del Infonavit, asegur\u00f3 que el sector que representa, impulsa una transformaci\u00f3n en el Instituto. Y record\u00f3 que a 52 a\u00f1os de su fundaci\u00f3n, \u201cestamos en un momento clave para recuperar su esencia, donde la fuerza laboral se convierta en un actor cr\u00edtico y propositivo en la defensa de sus derechos y por la vivienda\u201d.<\/span><\/p>\n<p><span style=\"font-size: 14pt;\">En su opini\u00f3n, \u201ces momento de que el Infonavit tenga una dirigencia que provenga de los sectores para comprender sus necesidades y\u00a0facilitar la pol\u00edtica social del pr\u00f3ximo gobierno\u201d.<\/span><\/p>\n<p><span style=\"font-size: 14pt;\">Hizo hincapi\u00e9 que la transformaci\u00f3n que impulsa el sector de los trabajadores en el Infonavit para recuperar su esencia, donde la fuerza laboral se convierta en un actor cr\u00edtico y propositivo en la defensa de sus derechos y por la vivienda.<\/span><\/p>\n<p><span style=\"font-size: 14pt;\">En un contexto donde el precio promedio de la vivienda es de\u00a01 mill\u00f3n 724 mil pesos\u00a0y el salario promedio mensual en el sector formal es de\u00a07 mil 300 pesos, seg\u00fan datos de la SHF y la ENOE, se firmar\u00e1 el 30 de agosto el\u00a0primer Acuerdo Nacional por la Prosperidad con Vivienda,\u00a0para impulsar la oferta, abordar la escasez de vivienda, la especulaci\u00f3n, la ocupaci\u00f3n irregular, la gesti\u00f3n del suelo y respaldar las metas en esta materia de la presidenta electa, doctora Claudia Sheinbaum.<\/span><\/p>\n<\/div>\n<\/article>\n","protected":false},"excerpt":{"rendered":"<p>Para generar el mill\u00f3n de viviendas que propone la presidenta electa\u00a0Claudia Sheinbaum Pardo, el Infonavit puede generar las condiciones jur\u00eddicas,<\/p>\n","protected":false},"author":4,"featured_media":45152,"comment_status":"closed","ping_status":"closed","sticky":false,"template":"","format":"standard","meta":{"colormag_page_container_layout":"default_layout","colormag_page_sidebar_layout":"default_layout","_jetpack_memberships_contains_paid_content":false,"footnotes":"","jetpack_publicize_message":"","jetpack_publicize_feature_enabled":true,"jetpack_social_post_already_shared":false,"jetpack_social_options":{"image_generator_settings":{"template":"highway","default_image_id":0,"font":"","enabled":false},"version":2}},"categories":[33],"tags":[],"class_list":["post-45151","post","type-post","status-publish","format-standard","has-post-thumbnail","hentry","category-nacional"],"jetpack_publicize_connections":[],"jetpack_featured_media_url":"https:\/\/i0.wp.com\/politicosaldesnudo.com.mx\/wp-content\/uploads\/2024\/08\/Unamos-Creditos-del-INFONAVIT.jpg?fit=768%2C479&ssl=1","jetpack-related-posts":[],"jetpack_sharing_enabled":true,"_links":{"self":[{"href":"https:\/\/politicosaldesnudo.com.mx\/index.php\/wp-json\/wp\/v2\/posts\/45151","targetHints":{"allow":["GET"]}}],"collection":[{"href":"https:\/\/politicosaldesnudo.com.mx\/index.php\/wp-json\/wp\/v2\/posts"}],"about":[{"href":"https:\/\/politicosaldesnudo.com.mx\/index.php\/wp-json\/wp\/v2\/types\/post"}],"author":[{"embeddable":true,"href":"https:\/\/politicosaldesnudo.com.mx\/index.php\/wp-json\/wp\/v2\/users\/4"}],"replies":[{"embeddable":true,"href":"https:\/\/politicosaldesnudo.com.mx\/index.php\/wp-json\/wp\/v2\/comments?post=45151"}],"version-history":[{"count":0,"href":"https:\/\/politicosaldesnudo.com.mx\/index.php\/wp-json\/wp\/v2\/posts\/45151\/revisions"}],"wp:featuredmedia":[{"embeddable":true,"href":"https:\/\/politicosaldesnudo.com.mx\/index.php\/wp-json\/wp\/v2\/media\/45152"}],"wp:attachment":[{"href":"https:\/\/politicosaldesnudo.com.mx\/index.php\/wp-json\/wp\/v2\/media?parent=45151"}],"wp:term":[{"taxonomy":"category","embeddable":true,"href":"https:\/\/politicosaldesnudo.com.mx\/index.php\/wp-json\/wp\/v2\/categories?post=45151"},{"taxonomy":"post_tag","embeddable":true,"href":"https:\/\/politicosaldesnudo.com.mx\/index.php\/wp-json\/wp\/v2\/tags?post=45151"}],"curies":[{"name":"wp","href":"https:\/\/api.w.org\/{rel}","templated":true}]}}