{"id":45154,"date":"2024-08-29T05:16:02","date_gmt":"2024-08-29T10:16:02","guid":{"rendered":"https:\/\/politicosaldesnudo.com.mx\/?p=45154"},"modified":"2024-08-28T23:56:35","modified_gmt":"2024-08-29T04:56:35","slug":"confirma-gobernador-de-veracruz-salud-estable-de-avanzada-tras-accidente","status":"publish","type":"post","link":"https:\/\/politicosaldesnudo.com.mx\/index.php\/2024\/08\/29\/confirma-gobernador-de-veracruz-salud-estable-de-avanzada-tras-accidente\/","title":{"rendered":"Confirma Gobernador de Veracruz, salud estable de avanzada tras accidente"},"content":{"rendered":"<p><span style=\"font-size: 14pt;\">Luego de que una camioneta en la que viajaba la avanzada del Gobierno de Veracruz, volc\u00f3 en la autopista Poza Rica-Cardel en el tramo Totomoxtle-Tuxpan, a la altura de la comunidad de El Palmar, este martes 27 de agosto, el gobernador Cuitl\u00e1huac Garc\u00eda Jim\u00e9nez, confirm\u00f3 que se encuentran bien de salud.<\/span><\/p>\n<p><span style=\"font-size: 14pt;\">De acuerdo con reportes preliminares, resultaron lesionadas tres personas, entre ellas el secretario particular del gobernador, Diego Portugal.<\/span><\/p>\n<p><span style=\"font-size: 14pt;\">El conductor de la camioneta Dodge Durango, de color blanco, con placas de circulaci\u00f3n del estado de Veracruz, perdi\u00f3 el control de la unidad debido a una falla mec\u00e1nica.<\/span><\/p>\n<p><span style=\"font-size: 14pt;\">Al lugar arribaron param\u00e9dicos de Protecci\u00f3n Civil de Tihuatl\u00e1n, elementos de Caminos y Puentes Federales (Capufe), de la Secretar\u00eda de Seguridad P\u00fablica (SSP) y de la Guardia Nacional.<\/span><\/p>\n<p><span style=\"font-size: 14pt;\">Las personas lesionadas resultaron con heridas menores y se identificaron como personal de la Oficina de la Coordinaci\u00f3n de Giras del Gobierno del Estado de Veracruz, fueron trasladados a un hospital pese a que sus lesiones fueron leves.<\/span><\/p>\n<p><span style=\"font-size: 14pt;\">\u00ab\u00bfC\u00f3mo est\u00e1n las personas de su avanzada? ya se hizo comunicado pero ya les vamos a informar, recuerden que en conferencias de prensa ah\u00ed les informamos, \u00bfEst\u00e1n bien? si bastante bien, un peque\u00f1o percance\u00bb sentenci\u00f3.<\/span><\/p>\n","protected":false},"excerpt":{"rendered":"<p>Luego de que una camioneta en la que viajaba la avanzada del Gobierno de Veracruz, volc\u00f3 en la autopista Poza<\/p>\n","protected":false},"author":4,"featured_media":45155,"comment_status":"closed","ping_status":"closed","sticky":false,"template":"","format":"standard","meta":{"colormag_page_container_layout":"default_layout","colormag_page_sidebar_layout":"default_layout","_jetpack_memberships_contains_paid_content":false,"footnotes":"","jetpack_publicize_message":"","jetpack_publicize_feature_enabled":true,"jetpack_social_post_already_shared":false,"jetpack_social_options":{"image_generator_settings":{"template":"highway","default_image_id":0,"font":"","enabled":false},"version":2}},"categories":[1082],"tags":[],"class_list":["post-45154","post","type-post","status-publish","format-standard","has-post-thumbnail","hentry","category-tuxpan"],"jetpack_publicize_connections":[],"jetpack_featured_media_url":"https:\/\/i0.wp.com\/politicosaldesnudo.com.mx\/wp-content\/uploads\/2024\/08\/confirma-gobernador-de-veracruz-salud-estable-de-avanzada-tras-accidente-546323.jpeg?fit=800%2C600&ssl=1","jetpack-related-posts":[],"jetpack_sharing_enabled":true,"_links":{"self":[{"href":"https:\/\/politicosaldesnudo.com.mx\/index.php\/wp-json\/wp\/v2\/posts\/45154","targetHints":{"allow":["GET"]}}],"collection":[{"href":"https:\/\/politicosaldesnudo.com.mx\/index.php\/wp-json\/wp\/v2\/posts"}],"about":[{"href":"https:\/\/politicosaldesnudo.com.mx\/index.php\/wp-json\/wp\/v2\/types\/post"}],"author":[{"embeddable":true,"href":"https:\/\/politicosaldesnudo.com.mx\/index.php\/wp-json\/wp\/v2\/users\/4"}],"replies":[{"embeddable":true,"href":"https:\/\/politicosaldesnudo.com.mx\/index.php\/wp-json\/wp\/v2\/comments?post=45154"}],"version-history":[{"count":0,"href":"https:\/\/politicosaldesnudo.com.mx\/index.php\/wp-json\/wp\/v2\/posts\/45154\/revisions"}],"wp:featuredmedia":[{"embeddable":true,"href":"https:\/\/politicosaldesnudo.com.mx\/index.php\/wp-json\/wp\/v2\/media\/45155"}],"wp:attachment":[{"href":"https:\/\/politicosaldesnudo.com.mx\/index.php\/wp-json\/wp\/v2\/media?parent=45154"}],"wp:term":[{"taxonomy":"category","embeddable":true,"href":"https:\/\/politicosaldesnudo.com.mx\/index.php\/wp-json\/wp\/v2\/categories?post=45154"},{"taxonomy":"post_tag","embeddable":true,"href":"https:\/\/politicosaldesnudo.com.mx\/index.php\/wp-json\/wp\/v2\/tags?post=45154"}],"curies":[{"name":"wp","href":"https:\/\/api.w.org\/{rel}","templated":true}]}}