{"id":45160,"date":"2024-08-29T05:18:55","date_gmt":"2024-08-29T10:18:55","guid":{"rendered":"https:\/\/politicosaldesnudo.com.mx\/?p=45160"},"modified":"2024-08-28T23:58:47","modified_gmt":"2024-08-29T04:58:47","slug":"preven-clima-despejado-en-la-zona-norte-de-veracruz","status":"publish","type":"post","link":"https:\/\/politicosaldesnudo.com.mx\/index.php\/2024\/08\/29\/preven-clima-despejado-en-la-zona-norte-de-veracruz\/","title":{"rendered":"Prev\u00e9n clima despejado en la zona norte de Veracruz"},"content":{"rendered":"<p><span style=\"font-size: 14pt;\">Una vaguada se analiza en el suroeste del Golfo de M\u00e9xico. En Veracruz favorece un mi\u00e9rcoles despejado a medio nublado en el norte, centro y monta\u00f1as, adem\u00e1s nublados con lluvias y tormentas frente a las costas del centro y sobre el sur de la entidad.<\/span><\/p>\n<p><span style=\"font-size: 14pt;\">En tanto en la zona norte se prev\u00e9 un clima despejado a medio nublado por la ma\u00f1ana, aumentando los nublados y la probabilidad de lluvias con tormentas aisladas por la tarde-noche y madrugada. Acumulados estimados en 24 horas de 5 a 20 mm con m\u00e1ximos de 20 a 30 mm especialmente en zonas monta\u00f1osas, sin descartar mayores de forma m\u00e1s dispersa.<\/span><\/p>\n<p><span style=\"font-size: 14pt;\">Viento dominante del Norte y Noreste de 20 a 35 km\/h en costas con rachas en \u00e1reas de tormenta. Probabilidad de nieblas o neblinas por la tarde-noche y madrugada. Ambiente caluroso al mediod\u00eda y primeras horas de la tarde, templado a fresco por la noche a madrugada.\u00a0<\/span><\/p>\n<p><span style=\"font-size: 14pt;\">Los modelos de pron\u00f3stico indican para los siguientes siete d\u00edas temperatura media igual o superior al promedio y lluvia acumulada menor o igual a lo normal. Por otra parte, los modelos clim\u00e1ticos indican un agosto con ambiente m\u00e1s caluroso de lo normal y lluvia acumulada igual o superior al promedio.<\/span><\/p>\n","protected":false},"excerpt":{"rendered":"<p>Una vaguada se analiza en el suroeste del Golfo de M\u00e9xico. En Veracruz favorece un mi\u00e9rcoles despejado a medio nublado<\/p>\n","protected":false},"author":4,"featured_media":45161,"comment_status":"closed","ping_status":"closed","sticky":false,"template":"","format":"standard","meta":{"colormag_page_container_layout":"default_layout","colormag_page_sidebar_layout":"default_layout","_jetpack_memberships_contains_paid_content":false,"footnotes":"","jetpack_publicize_message":"","jetpack_publicize_feature_enabled":true,"jetpack_social_post_already_shared":false,"jetpack_social_options":{"image_generator_settings":{"template":"highway","default_image_id":0,"font":"","enabled":false},"version":2}},"categories":[1082],"tags":[],"class_list":["post-45160","post","type-post","status-publish","format-standard","has-post-thumbnail","hentry","category-tuxpan"],"jetpack_publicize_connections":[],"jetpack_featured_media_url":"https:\/\/i0.wp.com\/politicosaldesnudo.com.mx\/wp-content\/uploads\/2024\/08\/preven-clima-despejado-en-la-zona-norte-de-veracruz-546036.jpeg?fit=800%2C600&ssl=1","jetpack-related-posts":[],"jetpack_sharing_enabled":true,"_links":{"self":[{"href":"https:\/\/politicosaldesnudo.com.mx\/index.php\/wp-json\/wp\/v2\/posts\/45160","targetHints":{"allow":["GET"]}}],"collection":[{"href":"https:\/\/politicosaldesnudo.com.mx\/index.php\/wp-json\/wp\/v2\/posts"}],"about":[{"href":"https:\/\/politicosaldesnudo.com.mx\/index.php\/wp-json\/wp\/v2\/types\/post"}],"author":[{"embeddable":true,"href":"https:\/\/politicosaldesnudo.com.mx\/index.php\/wp-json\/wp\/v2\/users\/4"}],"replies":[{"embeddable":true,"href":"https:\/\/politicosaldesnudo.com.mx\/index.php\/wp-json\/wp\/v2\/comments?post=45160"}],"version-history":[{"count":0,"href":"https:\/\/politicosaldesnudo.com.mx\/index.php\/wp-json\/wp\/v2\/posts\/45160\/revisions"}],"wp:featuredmedia":[{"embeddable":true,"href":"https:\/\/politicosaldesnudo.com.mx\/index.php\/wp-json\/wp\/v2\/media\/45161"}],"wp:attachment":[{"href":"https:\/\/politicosaldesnudo.com.mx\/index.php\/wp-json\/wp\/v2\/media?parent=45160"}],"wp:term":[{"taxonomy":"category","embeddable":true,"href":"https:\/\/politicosaldesnudo.com.mx\/index.php\/wp-json\/wp\/v2\/categories?post=45160"},{"taxonomy":"post_tag","embeddable":true,"href":"https:\/\/politicosaldesnudo.com.mx\/index.php\/wp-json\/wp\/v2\/tags?post=45160"}],"curies":[{"name":"wp","href":"https:\/\/api.w.org\/{rel}","templated":true}]}}