{"id":45175,"date":"2024-08-30T07:59:11","date_gmt":"2024-08-30T12:59:11","guid":{"rendered":"https:\/\/politicosaldesnudo.com.mx\/?p=45175"},"modified":"2024-08-30T07:59:11","modified_gmt":"2024-08-30T12:59:11","slug":"boletinan-a-desaparecidos","status":"publish","type":"post","link":"https:\/\/politicosaldesnudo.com.mx\/index.php\/2024\/08\/30\/boletinan-a-desaparecidos\/","title":{"rendered":"Boletinan a desaparecidos"},"content":{"rendered":"<p><span style=\"font-size: 14pt;\">Mayor empat\u00eda y apoyo ciudadano piden madres de personas desaparecidas durante su visita a este municipio, para boletinar a sus familiares y encontrar alguna informaci\u00f3n para localizarlos.<\/span><\/p>\n<p><span style=\"font-size: 14pt;\">El colectivo \u00abUnidos por Amor a Nuestros Desaparecidos\u00bb, acompa\u00f1ados por personal de la Guardia Nacional, estuvieron en el parque Reforma, donde colocaron nuevas lonas con las fotograf\u00edas de sus familiares y aprovecharon para pegar los boletines de b\u00fasqueda en postes de la zona centro de la ciudad.<\/span><\/p>\n<p><span style=\"font-size: 14pt;\">Provenientes de municipios aleda\u00f1os como Poza Rica, Cazones, del vecino estado de Puebla y otras partes de Veracruz, mencionaron que est\u00e1n haciendo \u00e9nfasis a cuatro desaparecidos originarios de Cazones en el a\u00f1o 2011 y donde estas actividades de volanteo, est\u00e1n enfocadas en buscar pistas de su paradero.<\/span><\/p>\n<p><span style=\"font-size: 14pt;\">Indicaron que en lo que de este a\u00f1o 2024, no han obtenido avances en sus b\u00fasquedas y tampoco por parte de las autoridades, que no saben darles respuestas positivas, por ello piden el apoyo ciudadano para compartir en sus redes sociales las fichas de b\u00fasqueda, as\u00ed como aportar alguna informaci\u00f3n a loa n\u00famero de tel\u00e9fono que en estas aparecen.<\/span><\/p>\n","protected":false},"excerpt":{"rendered":"<p>Mayor empat\u00eda y apoyo ciudadano piden madres de personas desaparecidas durante su visita a este municipio, para boletinar a sus<\/p>\n","protected":false},"author":4,"featured_media":45176,"comment_status":"closed","ping_status":"closed","sticky":false,"template":"","format":"standard","meta":{"colormag_page_container_layout":"default_layout","colormag_page_sidebar_layout":"default_layout","_jetpack_memberships_contains_paid_content":false,"footnotes":"","jetpack_publicize_message":"","jetpack_publicize_feature_enabled":true,"jetpack_social_post_already_shared":false,"jetpack_social_options":{"image_generator_settings":{"template":"highway","default_image_id":0,"font":"","enabled":false},"version":2}},"categories":[1082],"tags":[],"class_list":["post-45175","post","type-post","status-publish","format-standard","has-post-thumbnail","hentry","category-tuxpan"],"jetpack_publicize_connections":[],"jetpack_featured_media_url":"https:\/\/i0.wp.com\/politicosaldesnudo.com.mx\/wp-content\/uploads\/2024\/08\/5a-3.jpg?fit=1200%2C675&ssl=1","jetpack-related-posts":[],"jetpack_sharing_enabled":true,"_links":{"self":[{"href":"https:\/\/politicosaldesnudo.com.mx\/index.php\/wp-json\/wp\/v2\/posts\/45175","targetHints":{"allow":["GET"]}}],"collection":[{"href":"https:\/\/politicosaldesnudo.com.mx\/index.php\/wp-json\/wp\/v2\/posts"}],"about":[{"href":"https:\/\/politicosaldesnudo.com.mx\/index.php\/wp-json\/wp\/v2\/types\/post"}],"author":[{"embeddable":true,"href":"https:\/\/politicosaldesnudo.com.mx\/index.php\/wp-json\/wp\/v2\/users\/4"}],"replies":[{"embeddable":true,"href":"https:\/\/politicosaldesnudo.com.mx\/index.php\/wp-json\/wp\/v2\/comments?post=45175"}],"version-history":[{"count":0,"href":"https:\/\/politicosaldesnudo.com.mx\/index.php\/wp-json\/wp\/v2\/posts\/45175\/revisions"}],"wp:featuredmedia":[{"embeddable":true,"href":"https:\/\/politicosaldesnudo.com.mx\/index.php\/wp-json\/wp\/v2\/media\/45176"}],"wp:attachment":[{"href":"https:\/\/politicosaldesnudo.com.mx\/index.php\/wp-json\/wp\/v2\/media?parent=45175"}],"wp:term":[{"taxonomy":"category","embeddable":true,"href":"https:\/\/politicosaldesnudo.com.mx\/index.php\/wp-json\/wp\/v2\/categories?post=45175"},{"taxonomy":"post_tag","embeddable":true,"href":"https:\/\/politicosaldesnudo.com.mx\/index.php\/wp-json\/wp\/v2\/tags?post=45175"}],"curies":[{"name":"wp","href":"https:\/\/api.w.org\/{rel}","templated":true}]}}