{"id":45274,"date":"2024-08-31T00:45:42","date_gmt":"2024-08-31T05:45:42","guid":{"rendered":"https:\/\/politicosaldesnudo.com.mx\/?p=45274"},"modified":"2024-08-31T00:45:42","modified_gmt":"2024-08-31T05:45:42","slug":"la-inflacion-de-eu-se-mantiene-estable-en-julio-en-el-2-5-interanual-indice-pce","status":"publish","type":"post","link":"https:\/\/politicosaldesnudo.com.mx\/index.php\/2024\/08\/31\/la-inflacion-de-eu-se-mantiene-estable-en-julio-en-el-2-5-interanual-indice-pce\/","title":{"rendered":"La inflaci\u00f3n de EU se mantiene estable en julio en el 2.5% interanual: \u00edndice PCE"},"content":{"rendered":"<div>\n<p><span style=\"font-size: 14pt;\">La inflaci\u00f3n de Estados Unidos se mantuvo estable en julio, en 2.5% interanual, aunque sigui\u00f3 aceler\u00e1ndose en la medici\u00f3n mensual, que alcanz\u00f3 el 0.2% frente al 0.1% de junio, de acuerdo con el \u00edndice PCE del Departamento de Comercio, el m\u00e1s seguido por la Reserva Federal (Fed).<\/span><\/p>\n<\/div>\n<div>\n<div>\n<div><span style=\"font-size: 14pt;\">La inflaci\u00f3n se mantuvo estable en un a\u00f1o en julio en Estados Unidos, en 2.5%, seg\u00fan el \u00edndice PCE, publicado la ma\u00f1ana de este viernes por el Departamento de Comercio.<\/span><\/div>\n<\/div>\n<div>\n<div id=\"readNote\">\n<div>\n<p><span style=\"font-size: 14pt;\">Sin embargo, en un mes la inflaci\u00f3n se aceler\u00f3 por segundo mes consecutivo, hasta 0.2%, frente al 0.1% de junio. Esta evoluci\u00f3n est\u00e1 en l\u00ednea con las expectativas de los analistas.<\/span><\/p>\n<p><span style=\"font-size: 14pt;\">En un a\u00f1o, \u00ablos\u00a0precios de los bienes\u00a0cayeron menos de 0.1% y los de los servicios crecieron 3.7%\u00bb, se\u00f1al\u00f3 el Departamento de Comercio.<\/span><\/p>\n<p><span style=\"font-size: 14pt;\">La llamada inflaci\u00f3n b\u00e1sica, que excluye los precios vol\u00e1tiles de la energ\u00eda y los alimentos, se mantuvo estable tanto en un mes como a escala anual, en 0.2% y 2.6%, respectivamente.<\/span><\/p>\n<div>\n<div>\n<p>&nbsp;<\/p>\n<\/div>\n<\/div>\n<\/div>\n<\/div>\n<\/div>\n<\/div>\n","protected":false},"excerpt":{"rendered":"<p>La inflaci\u00f3n de Estados Unidos se mantuvo estable en julio, en 2.5% interanual, aunque sigui\u00f3 aceler\u00e1ndose en la medici\u00f3n mensual,<\/p>\n","protected":false},"author":4,"featured_media":45275,"comment_status":"closed","ping_status":"closed","sticky":false,"template":"","format":"standard","meta":{"colormag_page_container_layout":"default_layout","colormag_page_sidebar_layout":"default_layout","_jetpack_memberships_contains_paid_content":false,"footnotes":"","jetpack_publicize_message":"","jetpack_publicize_feature_enabled":true,"jetpack_social_post_already_shared":false,"jetpack_social_options":{"image_generator_settings":{"template":"highway","default_image_id":0,"font":"","enabled":false},"version":2}},"categories":[2050],"tags":[],"class_list":["post-45274","post","type-post","status-publish","format-standard","has-post-thumbnail","hentry","category-economia"],"jetpack_publicize_connections":[],"jetpack_featured_media_url":"https:\/\/i0.wp.com\/politicosaldesnudo.com.mx\/wp-content\/uploads\/2024\/08\/supermarket_reuters-1.jpg_270939306-1.jpg?fit=1200%2C750&ssl=1","jetpack-related-posts":[],"jetpack_sharing_enabled":true,"_links":{"self":[{"href":"https:\/\/politicosaldesnudo.com.mx\/index.php\/wp-json\/wp\/v2\/posts\/45274","targetHints":{"allow":["GET"]}}],"collection":[{"href":"https:\/\/politicosaldesnudo.com.mx\/index.php\/wp-json\/wp\/v2\/posts"}],"about":[{"href":"https:\/\/politicosaldesnudo.com.mx\/index.php\/wp-json\/wp\/v2\/types\/post"}],"author":[{"embeddable":true,"href":"https:\/\/politicosaldesnudo.com.mx\/index.php\/wp-json\/wp\/v2\/users\/4"}],"replies":[{"embeddable":true,"href":"https:\/\/politicosaldesnudo.com.mx\/index.php\/wp-json\/wp\/v2\/comments?post=45274"}],"version-history":[{"count":0,"href":"https:\/\/politicosaldesnudo.com.mx\/index.php\/wp-json\/wp\/v2\/posts\/45274\/revisions"}],"wp:featuredmedia":[{"embeddable":true,"href":"https:\/\/politicosaldesnudo.com.mx\/index.php\/wp-json\/wp\/v2\/media\/45275"}],"wp:attachment":[{"href":"https:\/\/politicosaldesnudo.com.mx\/index.php\/wp-json\/wp\/v2\/media?parent=45274"}],"wp:term":[{"taxonomy":"category","embeddable":true,"href":"https:\/\/politicosaldesnudo.com.mx\/index.php\/wp-json\/wp\/v2\/categories?post=45274"},{"taxonomy":"post_tag","embeddable":true,"href":"https:\/\/politicosaldesnudo.com.mx\/index.php\/wp-json\/wp\/v2\/tags?post=45274"}],"curies":[{"name":"wp","href":"https:\/\/api.w.org\/{rel}","templated":true}]}}