{"id":45298,"date":"2024-08-31T01:06:18","date_gmt":"2024-08-31T06:06:18","guid":{"rendered":"https:\/\/politicosaldesnudo.com.mx\/?p=45298"},"modified":"2024-08-31T01:06:18","modified_gmt":"2024-08-31T06:06:18","slug":"persistira-el-ambiente-caluroso-en-veracruz","status":"publish","type":"post","link":"https:\/\/politicosaldesnudo.com.mx\/index.php\/2024\/08\/31\/persistira-el-ambiente-caluroso-en-veracruz\/","title":{"rendered":"Persistir\u00e1 el ambiente caluroso en Veracruz"},"content":{"rendered":"<p><span style=\"font-size: 14pt;\">De acuerdo al Informe Meteorol\u00f3gico de la Secretar\u00eda de Protecci\u00f3n Civil de Veracruz, en el estado persistir\u00e1 un ambiente caluroso al mediod\u00eda y primeras horas de la tarde; asimismo, se mantendr\u00e1n las condiciones para lluvia con tormentas (descargas el\u00e9ctricas y viento en rachas), que durante viernes y s\u00e1bado se registrar\u00edan principalmente del centro al sur, extendi\u00e9ndose a la zona norte el domingo El viento dominante ser\u00e1 del Norte, Noreste y Este, 20 a 35 km\/h en costas con rachas en \u00e1reas de tormenta.<\/span><\/p>\n<p><span style=\"font-size: 14pt;\">En tanto, en la zona norte del estado se prev\u00e9 un clima despejado a medio nublado por la ma\u00f1ana, aumentando los nublados y la probabilidad de lluvias con tormentas aisladas por la tarde-noche y madrugada. Acumulados estimados en 24 horas de 5 a 10 mm, sin descartar mayores de forma m\u00e1s dispersa. Viento del Noreste, Este y Sureste de 20 a 35 km\/h en costas con rachas en \u00e1reas de tormenta.<\/span><\/p>\n<p><span style=\"font-size: 14pt;\">Finalmente Los modelos de pron\u00f3stico indican para los siguientes siete d\u00edas temperatura media igual o superior al promedio y lluvia acumulada menor o igual a lo normal. Por otra parte, los modelos clim\u00e1ticos indican un agosto con ambiente m\u00e1s caluroso de lo normal y lluvia acumulada igual o superior al promedio.<\/span><\/p>\n","protected":false},"excerpt":{"rendered":"<p>De acuerdo al Informe Meteorol\u00f3gico de la Secretar\u00eda de Protecci\u00f3n Civil de Veracruz, en el estado persistir\u00e1 un ambiente caluroso<\/p>\n","protected":false},"author":4,"featured_media":45299,"comment_status":"closed","ping_status":"closed","sticky":false,"template":"","format":"standard","meta":{"colormag_page_container_layout":"default_layout","colormag_page_sidebar_layout":"default_layout","_jetpack_memberships_contains_paid_content":false,"footnotes":"","jetpack_publicize_message":"","jetpack_publicize_feature_enabled":true,"jetpack_social_post_already_shared":false,"jetpack_social_options":{"image_generator_settings":{"template":"highway","default_image_id":0,"font":"","enabled":false},"version":2}},"categories":[1082],"tags":[],"class_list":["post-45298","post","type-post","status-publish","format-standard","has-post-thumbnail","hentry","category-tuxpan"],"jetpack_publicize_connections":[],"jetpack_featured_media_url":"https:\/\/i0.wp.com\/politicosaldesnudo.com.mx\/wp-content\/uploads\/2024\/08\/persistira-el-ambiente-caluroso-en-veracruz-546749.jpeg?fit=800%2C600&ssl=1","jetpack-related-posts":[],"jetpack_sharing_enabled":true,"_links":{"self":[{"href":"https:\/\/politicosaldesnudo.com.mx\/index.php\/wp-json\/wp\/v2\/posts\/45298","targetHints":{"allow":["GET"]}}],"collection":[{"href":"https:\/\/politicosaldesnudo.com.mx\/index.php\/wp-json\/wp\/v2\/posts"}],"about":[{"href":"https:\/\/politicosaldesnudo.com.mx\/index.php\/wp-json\/wp\/v2\/types\/post"}],"author":[{"embeddable":true,"href":"https:\/\/politicosaldesnudo.com.mx\/index.php\/wp-json\/wp\/v2\/users\/4"}],"replies":[{"embeddable":true,"href":"https:\/\/politicosaldesnudo.com.mx\/index.php\/wp-json\/wp\/v2\/comments?post=45298"}],"version-history":[{"count":0,"href":"https:\/\/politicosaldesnudo.com.mx\/index.php\/wp-json\/wp\/v2\/posts\/45298\/revisions"}],"wp:featuredmedia":[{"embeddable":true,"href":"https:\/\/politicosaldesnudo.com.mx\/index.php\/wp-json\/wp\/v2\/media\/45299"}],"wp:attachment":[{"href":"https:\/\/politicosaldesnudo.com.mx\/index.php\/wp-json\/wp\/v2\/media?parent=45298"}],"wp:term":[{"taxonomy":"category","embeddable":true,"href":"https:\/\/politicosaldesnudo.com.mx\/index.php\/wp-json\/wp\/v2\/categories?post=45298"},{"taxonomy":"post_tag","embeddable":true,"href":"https:\/\/politicosaldesnudo.com.mx\/index.php\/wp-json\/wp\/v2\/tags?post=45298"}],"curies":[{"name":"wp","href":"https:\/\/api.w.org\/{rel}","templated":true}]}}