{"id":45314,"date":"2024-09-01T01:25:35","date_gmt":"2024-09-01T06:25:35","guid":{"rendered":"https:\/\/politicosaldesnudo.com.mx\/?p=45314"},"modified":"2024-09-01T01:25:35","modified_gmt":"2024-09-01T06:25:35","slug":"dan-suspension-provisional-para-que-samuel-garcia-no-sea-separado-de-su-cargo","status":"publish","type":"post","link":"https:\/\/politicosaldesnudo.com.mx\/index.php\/2024\/09\/01\/dan-suspension-provisional-para-que-samuel-garcia-no-sea-separado-de-su-cargo\/","title":{"rendered":"Dan suspensi\u00f3n provisional para que Samuel Garc\u00eda no sea separado de su cargo"},"content":{"rendered":"<div>\n<div id=\"content-body-225-12486068\">\n<p><span style=\"font-size: 14pt;\">El gobernador de Nuevo Le\u00f3n\u00a0Samuel Garc\u00eda\u00a0consigui\u00f3 una protecci\u00f3n legal para\u00a0evitar que el Congreso local lo inhabilite\u00a0o lo separe del cargo por el juicio pol\u00edtico que el Poder Legislativo tiene en su contra continuar\u00e1.<\/span><\/p>\n<p><span style=\"font-size: 14pt;\">La Suprema Corte de Justicia de la Naci\u00f3n (SCJN) otorg\u00f3 el viernes una suspensi\u00f3n provisional al gobernador que lo protege contra una eventual\u00a0separaci\u00f3n o inhabilitaci\u00f3n del cargo.<\/span><\/p>\n<\/div>\n<\/div>\n<div>\n<div id=\"dfp-nota-1x3s\" data-google-query-id=\"COjxn_yNoYgDFYbvGAIdlD0DnA\">\n<div id=\"google_ads_iframe_\/2000002\/la-prensa\/mexico_nota_1x3_0__container__\">\n<div id=\"inArticle_1\">\n<div>\n<div>\n<div>\n<div><span style=\"font-size: 14pt;\">\u00abProcede conceder la suspensi\u00f3n, \u00fanica y exclusivamente, para que no se ejecute ninguna determinaci\u00f3n derivada del juicio pol\u00edtico en cuesti\u00f3n, en la que se decrete la separaci\u00f3n del cargo del gobernador del estado o la inhabilitaci\u00f3n para desempe\u00f1ar tal funci\u00f3n\u00bb, se\u00f1ala el acuerdo del ministro instructor Jorge Mario Pardo Rebolledo.<\/span><\/div>\n<\/div>\n<\/div>\n<\/div>\n<\/div>\n<\/div>\n<\/div>\n<\/div>\n<article>\n<div id=\"content-body-5851641-12486068\">\n<p><span style=\"font-size: 14pt;\">La suspensi\u00f3n deriva de la controversia constitucional 249\/2024 promovida por Samuel Garc\u00eda\u00a0Sep\u00falveda, que no impide la continuidad del proceso de\u00a0juicio pol\u00edtico, salvo la separaci\u00f3n o inhabilitaci\u00f3n.<\/span><\/p>\n<\/div>\n<\/article>\n","protected":false},"excerpt":{"rendered":"<p>El gobernador de Nuevo Le\u00f3n\u00a0Samuel Garc\u00eda\u00a0consigui\u00f3 una protecci\u00f3n legal para\u00a0evitar que el Congreso local lo inhabilite\u00a0o lo separe del cargo [&hellip;]<\/p>\n","protected":false},"author":4,"featured_media":45315,"comment_status":"closed","ping_status":"closed","sticky":false,"template":"","format":"standard","meta":{"site-sidebar-layout":"default","site-content-layout":"","ast-site-content-layout":"default","site-content-style":"default","site-sidebar-style":"default","ast-global-header-display":"","ast-banner-title-visibility":"","ast-main-header-display":"","ast-hfb-above-header-display":"","ast-hfb-below-header-display":"","ast-hfb-mobile-header-display":"","site-post-title":"","ast-breadcrumbs-content":"","ast-featured-img":"","footer-sml-layout":"","ast-disable-related-posts":"","theme-transparent-header-meta":"","adv-header-id-meta":"","stick-header-meta":"","header-above-stick-meta":"","header-main-stick-meta":"","header-below-stick-meta":"","astra-migrate-meta-layouts":"default","ast-page-background-enabled":"default","ast-page-background-meta":{"desktop":{"background-color":"var(--ast-global-color-5)","background-image":"","background-repeat":"repeat","background-position":"center center","background-size":"auto","background-attachment":"scroll","background-type":"","background-media":"","overlay-type":"","overlay-color":"","overlay-opacity":"","overlay-gradient":""},"tablet":{"background-color":"","background-image":"","background-repeat":"repeat","background-position":"center center","background-size":"auto","background-attachment":"scroll","background-type":"","background-media":"","overlay-type":"","overlay-color":"","overlay-opacity":"","overlay-gradient":""},"mobile":{"background-color":"","background-image":"","background-repeat":"repeat","background-position":"center center","background-size":"auto","background-attachment":"scroll","background-type":"","background-media":"","overlay-type":"","overlay-color":"","overlay-opacity":"","overlay-gradient":""}},"ast-content-background-meta":{"desktop":{"background-color":"var(--ast-global-color-4)","background-image":"","background-repeat":"repeat","background-position":"center center","background-size":"auto","background-attachment":"scroll","background-type":"","background-media":"","overlay-type":"","overlay-color":"","overlay-opacity":"","overlay-gradient":""},"tablet":{"background-color":"var(--ast-global-color-4)","background-image":"","background-repeat":"repeat","background-position":"center center","background-size":"auto","background-attachment":"scroll","background-type":"","background-media":"","overlay-type":"","overlay-color":"","overlay-opacity":"","overlay-gradient":""},"mobile":{"background-color":"var(--ast-global-color-4)","background-image":"","background-repeat":"repeat","background-position":"center center","background-size":"auto","background-attachment":"scroll","background-type":"","background-media":"","overlay-type":"","overlay-color":"","overlay-opacity":"","overlay-gradient":""}},"_jetpack_newsletter_access":"","_jetpack_dont_email_post_to_subs":false,"_jetpack_newsletter_tier_id":0,"_jetpack_memberships_contains_paywalled_content":false,"_jetpack_feature_clip_id":0,"_jetpack_memberships_contains_paid_content":false,"footnotes":"","jetpack_publicize_message":"","jetpack_publicize_feature_enabled":true,"jetpack_social_post_already_shared":false,"jetpack_social_options":{"image_generator_settings":{"template":"highway","default_image_id":0,"font":"","enabled":false},"version":2},"jetpack_post_was_ever_published":false},"categories":[33],"tags":[],"class_list":["post-45314","post","type-post","status-publish","format-standard","has-post-thumbnail","hentry","category-nacional"],"yoast_head":"<!-- This site is optimized with the Yoast SEO plugin v28.3 - https:\/\/yoast.com\/product\/yoast-seo-wordpress\/ -->\n<title>Dan suspensi\u00f3n provisional para que Samuel Garc\u00eda no sea separado de su cargo - Pol\u00edticos al Desnudo<\/title>\n<meta name=\"robots\" content=\"index, follow, max-snippet:-1, max-image-preview:large, max-video-preview:-1\" \/>\n<link rel=\"canonical\" href=\"https:\/\/politicosaldesnudo.com.mx\/index.php\/2024\/09\/01\/dan-suspension-provisional-para-que-samuel-garcia-no-sea-separado-de-su-cargo\/\" \/>\n<meta property=\"og:locale\" content=\"es_ES\" \/>\n<meta property=\"og:type\" content=\"article\" \/>\n<meta property=\"og:title\" content=\"Dan suspensi\u00f3n provisional para que Samuel Garc\u00eda no sea separado de su cargo - Pol\u00edticos al Desnudo\" \/>\n<meta property=\"og:description\" content=\"El gobernador de Nuevo Le\u00f3n\u00a0Samuel Garc\u00eda\u00a0consigui\u00f3 una protecci\u00f3n legal para\u00a0evitar que el Congreso local lo inhabilite\u00a0o lo separe del cargo [&hellip;]\" \/>\n<meta property=\"og:url\" content=\"https:\/\/politicosaldesnudo.com.mx\/index.php\/2024\/09\/01\/dan-suspension-provisional-para-que-samuel-garcia-no-sea-separado-de-su-cargo\/\" \/>\n<meta property=\"og:site_name\" content=\"Pol\u00edticos al Desnudo\" \/>\n<meta property=\"article:publisher\" content=\"https:\/\/www.facebook.com\/PoliticosAD\" \/>\n<meta property=\"article:published_time\" content=\"2024-09-01T06:25:35+00:00\" \/>\n<meta property=\"og:image\" content=\"https:\/\/i0.wp.com\/politicosaldesnudo.com.mx\/wp-content\/uploads\/2024\/09\/Samuel-Garcia.jpg?fit=768%2C479&ssl=1\" \/>\n\t<meta property=\"og:image:width\" content=\"768\" \/>\n\t<meta property=\"og:image:height\" content=\"479\" \/>\n\t<meta property=\"og:image:type\" content=\"image\/jpeg\" \/>\n<meta name=\"author\" content=\"Redacci\u00f3n Pol\u00edticos\" \/>\n<meta name=\"twitter:card\" content=\"summary_large_image\" \/>\n<meta name=\"twitter:label1\" content=\"Escrito por\" \/>\n\t<meta name=\"twitter:data1\" content=\"Redacci\u00f3n Pol\u00edticos\" \/>\n\t<meta name=\"twitter:label2\" content=\"Tiempo de lectura\" \/>\n\t<meta name=\"twitter:data2\" content=\"1 minuto\" \/>\n<script type=\"application\/ld+json\" class=\"yoast-schema-graph\">{\"@context\":\"https:\\\/\\\/schema.org\",\"@graph\":[{\"@type\":\"Article\",\"@id\":\"https:\\\/\\\/politicosaldesnudo.com.mx\\\/index.php\\\/2024\\\/09\\\/01\\\/dan-suspension-provisional-para-que-samuel-garcia-no-sea-separado-de-su-cargo\\\/#article\",\"isPartOf\":{\"@id\":\"https:\\\/\\\/politicosaldesnudo.com.mx\\\/index.php\\\/2024\\\/09\\\/01\\\/dan-suspension-provisional-para-que-samuel-garcia-no-sea-separado-de-su-cargo\\\/\"},\"author\":{\"name\":\"Redacci\u00f3n Pol\u00edticos\",\"@id\":\"https:\\\/\\\/politicosaldesnudo.com.mx\\\/#\\\/schema\\\/person\\\/ef3a64e561cc3f3f5dc52fab81adde7e\"},\"headline\":\"Dan suspensi\u00f3n provisional para que Samuel Garc\u00eda no sea separado de su cargo\",\"datePublished\":\"2024-09-01T06:25:35+00:00\",\"mainEntityOfPage\":{\"@id\":\"https:\\\/\\\/politicosaldesnudo.com.mx\\\/index.php\\\/2024\\\/09\\\/01\\\/dan-suspension-provisional-para-que-samuel-garcia-no-sea-separado-de-su-cargo\\\/\"},\"wordCount\":180,\"publisher\":{\"@id\":\"https:\\\/\\\/politicosaldesnudo.com.mx\\\/#organization\"},\"image\":{\"@id\":\"https:\\\/\\\/politicosaldesnudo.com.mx\\\/index.php\\\/2024\\\/09\\\/01\\\/dan-suspension-provisional-para-que-samuel-garcia-no-sea-separado-de-su-cargo\\\/#primaryimage\"},\"thumbnailUrl\":\"https:\\\/\\\/i0.wp.com\\\/politicosaldesnudo.com.mx\\\/wp-content\\\/uploads\\\/2024\\\/09\\\/Samuel-Garcia.jpg?fit=768%2C479&ssl=1\",\"articleSection\":[\"NACIONAL\"],\"inLanguage\":\"es\"},{\"@type\":\"WebPage\",\"@id\":\"https:\\\/\\\/politicosaldesnudo.com.mx\\\/index.php\\\/2024\\\/09\\\/01\\\/dan-suspension-provisional-para-que-samuel-garcia-no-sea-separado-de-su-cargo\\\/\",\"url\":\"https:\\\/\\\/politicosaldesnudo.com.mx\\\/index.php\\\/2024\\\/09\\\/01\\\/dan-suspension-provisional-para-que-samuel-garcia-no-sea-separado-de-su-cargo\\\/\",\"name\":\"Dan suspensi\u00f3n provisional para que Samuel Garc\u00eda no sea separado de su cargo - Pol\u00edticos al Desnudo\",\"isPartOf\":{\"@id\":\"https:\\\/\\\/politicosaldesnudo.com.mx\\\/#website\"},\"primaryImageOfPage\":{\"@id\":\"https:\\\/\\\/politicosaldesnudo.com.mx\\\/index.php\\\/2024\\\/09\\\/01\\\/dan-suspension-provisional-para-que-samuel-garcia-no-sea-separado-de-su-cargo\\\/#primaryimage\"},\"image\":{\"@id\":\"https:\\\/\\\/politicosaldesnudo.com.mx\\\/index.php\\\/2024\\\/09\\\/01\\\/dan-suspension-provisional-para-que-samuel-garcia-no-sea-separado-de-su-cargo\\\/#primaryimage\"},\"thumbnailUrl\":\"https:\\\/\\\/i0.wp.com\\\/politicosaldesnudo.com.mx\\\/wp-content\\\/uploads\\\/2024\\\/09\\\/Samuel-Garcia.jpg?fit=768%2C479&ssl=1\",\"datePublished\":\"2024-09-01T06:25:35+00:00\",\"breadcrumb\":{\"@id\":\"https:\\\/\\\/politicosaldesnudo.com.mx\\\/index.php\\\/2024\\\/09\\\/01\\\/dan-suspension-provisional-para-que-samuel-garcia-no-sea-separado-de-su-cargo\\\/#breadcrumb\"},\"inLanguage\":\"es\",\"potentialAction\":[{\"@type\":\"ReadAction\",\"target\":[\"https:\\\/\\\/politicosaldesnudo.com.mx\\\/index.php\\\/2024\\\/09\\\/01\\\/dan-suspension-provisional-para-que-samuel-garcia-no-sea-separado-de-su-cargo\\\/\"]}]},{\"@type\":\"ImageObject\",\"inLanguage\":\"es\",\"@id\":\"https:\\\/\\\/politicosaldesnudo.com.mx\\\/index.php\\\/2024\\\/09\\\/01\\\/dan-suspension-provisional-para-que-samuel-garcia-no-sea-separado-de-su-cargo\\\/#primaryimage\",\"url\":\"https:\\\/\\\/i0.wp.com\\\/politicosaldesnudo.com.mx\\\/wp-content\\\/uploads\\\/2024\\\/09\\\/Samuel-Garcia.jpg?fit=768%2C479&ssl=1\",\"contentUrl\":\"https:\\\/\\\/i0.wp.com\\\/politicosaldesnudo.com.mx\\\/wp-content\\\/uploads\\\/2024\\\/09\\\/Samuel-Garcia.jpg?fit=768%2C479&ssl=1\",\"width\":768,\"height\":479},{\"@type\":\"BreadcrumbList\",\"@id\":\"https:\\\/\\\/politicosaldesnudo.com.mx\\\/index.php\\\/2024\\\/09\\\/01\\\/dan-suspension-provisional-para-que-samuel-garcia-no-sea-separado-de-su-cargo\\\/#breadcrumb\",\"itemListElement\":[{\"@type\":\"ListItem\",\"position\":1,\"name\":\"Portada\",\"item\":\"https:\\\/\\\/politicosaldesnudo.com.mx\\\/\"},{\"@type\":\"ListItem\",\"position\":2,\"name\":\"Dan suspensi\u00f3n provisional para que Samuel Garc\u00eda no sea separado de su cargo\"}]},{\"@type\":\"WebSite\",\"@id\":\"https:\\\/\\\/politicosaldesnudo.com.mx\\\/#website\",\"url\":\"https:\\\/\\\/politicosaldesnudo.com.mx\\\/\",\"name\":\"Pol\u00edticos al Desnudo\",\"description\":\"\",\"publisher\":{\"@id\":\"https:\\\/\\\/politicosaldesnudo.com.mx\\\/#organization\"},\"potentialAction\":[{\"@type\":\"SearchAction\",\"target\":{\"@type\":\"EntryPoint\",\"urlTemplate\":\"https:\\\/\\\/politicosaldesnudo.com.mx\\\/?s={search_term_string}\"},\"query-input\":{\"@type\":\"PropertyValueSpecification\",\"valueRequired\":true,\"valueName\":\"search_term_string\"}}],\"inLanguage\":\"es\"},{\"@type\":\"Organization\",\"@id\":\"https:\\\/\\\/politicosaldesnudo.com.mx\\\/#organization\",\"name\":\"Pol\u00edticos al Desnudo\",\"url\":\"https:\\\/\\\/politicosaldesnudo.com.mx\\\/\",\"logo\":{\"@type\":\"ImageObject\",\"inLanguage\":\"es\",\"@id\":\"https:\\\/\\\/politicosaldesnudo.com.mx\\\/#\\\/schema\\\/logo\\\/image\\\/\",\"url\":\"https:\\\/\\\/i0.wp.com\\\/politicosaldesnudo.com.mx\\\/wp-content\\\/uploads\\\/2026\\\/08\\\/cropped-logo.webp?fit=400%2C126&ssl=1\",\"contentUrl\":\"https:\\\/\\\/i0.wp.com\\\/politicosaldesnudo.com.mx\\\/wp-content\\\/uploads\\\/2026\\\/08\\\/cropped-logo.webp?fit=400%2C126&ssl=1\",\"width\":400,\"height\":126,\"caption\":\"Pol\u00edticos al Desnudo\"},\"image\":{\"@id\":\"https:\\\/\\\/politicosaldesnudo.com.mx\\\/#\\\/schema\\\/logo\\\/image\\\/\"},\"sameAs\":[\"https:\\\/\\\/www.facebook.com\\\/PoliticosAD\"]},{\"@type\":\"Person\",\"@id\":\"https:\\\/\\\/politicosaldesnudo.com.mx\\\/#\\\/schema\\\/person\\\/ef3a64e561cc3f3f5dc52fab81adde7e\",\"name\":\"Redacci\u00f3n Pol\u00edticos\",\"url\":\"https:\\\/\\\/politicosaldesnudo.com.mx\\\/index.php\\\/author\\\/redaccion-politicos\\\/\"}]}<\/script>\n<!-- \/ Yoast SEO plugin. -->","yoast_head_json":{"title":"Dan suspensi\u00f3n provisional para que Samuel Garc\u00eda no sea separado de su cargo - Pol\u00edticos al Desnudo","robots":{"index":"index","follow":"follow","max-snippet":"max-snippet:-1","max-image-preview":"max-image-preview:large","max-video-preview":"max-video-preview:-1"},"canonical":"https:\/\/politicosaldesnudo.com.mx\/index.php\/2024\/09\/01\/dan-suspension-provisional-para-que-samuel-garcia-no-sea-separado-de-su-cargo\/","og_locale":"es_ES","og_type":"article","og_title":"Dan suspensi\u00f3n provisional para que Samuel Garc\u00eda no sea separado de su cargo - Pol\u00edticos al Desnudo","og_description":"El gobernador de Nuevo Le\u00f3n\u00a0Samuel Garc\u00eda\u00a0consigui\u00f3 una protecci\u00f3n legal para\u00a0evitar que el Congreso local lo inhabilite\u00a0o lo separe del cargo [&hellip;]","og_url":"https:\/\/politicosaldesnudo.com.mx\/index.php\/2024\/09\/01\/dan-suspension-provisional-para-que-samuel-garcia-no-sea-separado-de-su-cargo\/","og_site_name":"Pol\u00edticos al Desnudo","article_publisher":"https:\/\/www.facebook.com\/PoliticosAD","article_published_time":"2024-09-01T06:25:35+00:00","og_image":[{"width":768,"height":479,"url":"https:\/\/i0.wp.com\/politicosaldesnudo.com.mx\/wp-content\/uploads\/2024\/09\/Samuel-Garcia.jpg?fit=768%2C479&ssl=1","type":"image\/jpeg"}],"author":"Redacci\u00f3n Pol\u00edticos","twitter_card":"summary_large_image","twitter_misc":{"Escrito por":"Redacci\u00f3n Pol\u00edticos","Tiempo de lectura":"1 minuto"},"schema":{"@context":"https:\/\/schema.org","@graph":[{"@type":"Article","@id":"https:\/\/politicosaldesnudo.com.mx\/index.php\/2024\/09\/01\/dan-suspension-provisional-para-que-samuel-garcia-no-sea-separado-de-su-cargo\/#article","isPartOf":{"@id":"https:\/\/politicosaldesnudo.com.mx\/index.php\/2024\/09\/01\/dan-suspension-provisional-para-que-samuel-garcia-no-sea-separado-de-su-cargo\/"},"author":{"name":"Redacci\u00f3n Pol\u00edticos","@id":"https:\/\/politicosaldesnudo.com.mx\/#\/schema\/person\/ef3a64e561cc3f3f5dc52fab81adde7e"},"headline":"Dan suspensi\u00f3n provisional para que Samuel Garc\u00eda no sea separado de su cargo","datePublished":"2024-09-01T06:25:35+00:00","mainEntityOfPage":{"@id":"https:\/\/politicosaldesnudo.com.mx\/index.php\/2024\/09\/01\/dan-suspension-provisional-para-que-samuel-garcia-no-sea-separado-de-su-cargo\/"},"wordCount":180,"publisher":{"@id":"https:\/\/politicosaldesnudo.com.mx\/#organization"},"image":{"@id":"https:\/\/politicosaldesnudo.com.mx\/index.php\/2024\/09\/01\/dan-suspension-provisional-para-que-samuel-garcia-no-sea-separado-de-su-cargo\/#primaryimage"},"thumbnailUrl":"https:\/\/i0.wp.com\/politicosaldesnudo.com.mx\/wp-content\/uploads\/2024\/09\/Samuel-Garcia.jpg?fit=768%2C479&ssl=1","articleSection":["NACIONAL"],"inLanguage":"es"},{"@type":"WebPage","@id":"https:\/\/politicosaldesnudo.com.mx\/index.php\/2024\/09\/01\/dan-suspension-provisional-para-que-samuel-garcia-no-sea-separado-de-su-cargo\/","url":"https:\/\/politicosaldesnudo.com.mx\/index.php\/2024\/09\/01\/dan-suspension-provisional-para-que-samuel-garcia-no-sea-separado-de-su-cargo\/","name":"Dan suspensi\u00f3n provisional para que Samuel Garc\u00eda no sea separado de su cargo - Pol\u00edticos al Desnudo","isPartOf":{"@id":"https:\/\/politicosaldesnudo.com.mx\/#website"},"primaryImageOfPage":{"@id":"https:\/\/politicosaldesnudo.com.mx\/index.php\/2024\/09\/01\/dan-suspension-provisional-para-que-samuel-garcia-no-sea-separado-de-su-cargo\/#primaryimage"},"image":{"@id":"https:\/\/politicosaldesnudo.com.mx\/index.php\/2024\/09\/01\/dan-suspension-provisional-para-que-samuel-garcia-no-sea-separado-de-su-cargo\/#primaryimage"},"thumbnailUrl":"https:\/\/i0.wp.com\/politicosaldesnudo.com.mx\/wp-content\/uploads\/2024\/09\/Samuel-Garcia.jpg?fit=768%2C479&ssl=1","datePublished":"2024-09-01T06:25:35+00:00","breadcrumb":{"@id":"https:\/\/politicosaldesnudo.com.mx\/index.php\/2024\/09\/01\/dan-suspension-provisional-para-que-samuel-garcia-no-sea-separado-de-su-cargo\/#breadcrumb"},"inLanguage":"es","potentialAction":[{"@type":"ReadAction","target":["https:\/\/politicosaldesnudo.com.mx\/index.php\/2024\/09\/01\/dan-suspension-provisional-para-que-samuel-garcia-no-sea-separado-de-su-cargo\/"]}]},{"@type":"ImageObject","inLanguage":"es","@id":"https:\/\/politicosaldesnudo.com.mx\/index.php\/2024\/09\/01\/dan-suspension-provisional-para-que-samuel-garcia-no-sea-separado-de-su-cargo\/#primaryimage","url":"https:\/\/i0.wp.com\/politicosaldesnudo.com.mx\/wp-content\/uploads\/2024\/09\/Samuel-Garcia.jpg?fit=768%2C479&ssl=1","contentUrl":"https:\/\/i0.wp.com\/politicosaldesnudo.com.mx\/wp-content\/uploads\/2024\/09\/Samuel-Garcia.jpg?fit=768%2C479&ssl=1","width":768,"height":479},{"@type":"BreadcrumbList","@id":"https:\/\/politicosaldesnudo.com.mx\/index.php\/2024\/09\/01\/dan-suspension-provisional-para-que-samuel-garcia-no-sea-separado-de-su-cargo\/#breadcrumb","itemListElement":[{"@type":"ListItem","position":1,"name":"Portada","item":"https:\/\/politicosaldesnudo.com.mx\/"},{"@type":"ListItem","position":2,"name":"Dan suspensi\u00f3n provisional para que Samuel Garc\u00eda no sea separado de su cargo"}]},{"@type":"WebSite","@id":"https:\/\/politicosaldesnudo.com.mx\/#website","url":"https:\/\/politicosaldesnudo.com.mx\/","name":"Pol\u00edticos al Desnudo","description":"","publisher":{"@id":"https:\/\/politicosaldesnudo.com.mx\/#organization"},"potentialAction":[{"@type":"SearchAction","target":{"@type":"EntryPoint","urlTemplate":"https:\/\/politicosaldesnudo.com.mx\/?s={search_term_string}"},"query-input":{"@type":"PropertyValueSpecification","valueRequired":true,"valueName":"search_term_string"}}],"inLanguage":"es"},{"@type":"Organization","@id":"https:\/\/politicosaldesnudo.com.mx\/#organization","name":"Pol\u00edticos al Desnudo","url":"https:\/\/politicosaldesnudo.com.mx\/","logo":{"@type":"ImageObject","inLanguage":"es","@id":"https:\/\/politicosaldesnudo.com.mx\/#\/schema\/logo\/image\/","url":"https:\/\/i0.wp.com\/politicosaldesnudo.com.mx\/wp-content\/uploads\/2026\/08\/cropped-logo.webp?fit=400%2C126&ssl=1","contentUrl":"https:\/\/i0.wp.com\/politicosaldesnudo.com.mx\/wp-content\/uploads\/2026\/08\/cropped-logo.webp?fit=400%2C126&ssl=1","width":400,"height":126,"caption":"Pol\u00edticos al Desnudo"},"image":{"@id":"https:\/\/politicosaldesnudo.com.mx\/#\/schema\/logo\/image\/"},"sameAs":["https:\/\/www.facebook.com\/PoliticosAD"]},{"@type":"Person","@id":"https:\/\/politicosaldesnudo.com.mx\/#\/schema\/person\/ef3a64e561cc3f3f5dc52fab81adde7e","name":"Redacci\u00f3n Pol\u00edticos","url":"https:\/\/politicosaldesnudo.com.mx\/index.php\/author\/redaccion-politicos\/"}]}},"jetpack_publicize_connections":[],"jetpack-related-posts":[{"id":88035,"url":"https:\/\/politicosaldesnudo.com.mx\/index.php\/2026\/08\/24\/rocha-moya-recula-ante-sheinbaum\/","url_meta":{"origin":45314,"position":0},"title":"Rocha Moya recula ante Sheinbaum","author":"Redacci\u00f3n Pol\u00edticos","date":"24 de agosto de 2026","format":false,"excerpt":"ALMA GRANDE POR \u00c1NGEL \u00c1LVARO PE\u00d1A Sinaloa vuelve a colocarse en el centro de la discusi\u00f3n pol\u00edtica nacional luego de que Rub\u00e9n Rocha Moya solicitara nuevamente licencia al cargo de gobernador, ahora por tiempo indefinido, apenas un d\u00eda despu\u00e9s de haber retomado sus funciones. La decisi\u00f3n ocurre despu\u00e9s del llamado\u2026","rel":"","context":"En \u00abOPINI\u00d3N\u00bb","block_context":{"text":"OPINI\u00d3N","link":"https:\/\/politicosaldesnudo.com.mx\/index.php\/category\/columnistas\/"},"img":{"alt_text":"","src":"https:\/\/i0.wp.com\/politicosaldesnudo.com.mx\/wp-content\/uploads\/2026\/08\/AG-2408-scaled.png?fit=1200%2C659&ssl=1&resize=350%2C200","width":350,"height":200,"srcset":"https:\/\/i0.wp.com\/politicosaldesnudo.com.mx\/wp-content\/uploads\/2026\/08\/AG-2408-scaled.png?fit=1200%2C659&ssl=1&resize=350%2C200 1x, https:\/\/i0.wp.com\/politicosaldesnudo.com.mx\/wp-content\/uploads\/2026\/08\/AG-2408-scaled.png?fit=1200%2C659&ssl=1&resize=525%2C300 1.5x, https:\/\/i0.wp.com\/politicosaldesnudo.com.mx\/wp-content\/uploads\/2026\/08\/AG-2408-scaled.png?fit=1200%2C659&ssl=1&resize=700%2C400 2x, https:\/\/i0.wp.com\/politicosaldesnudo.com.mx\/wp-content\/uploads\/2026\/08\/AG-2408-scaled.png?fit=1200%2C659&ssl=1&resize=1050%2C600 3x"},"classes":[]},{"id":87668,"url":"https:\/\/politicosaldesnudo.com.mx\/index.php\/2026\/08\/12\/la-herencia-que-nadie-quiere-pagar\/","url_meta":{"origin":45314,"position":1},"title":"La herencia que nadie quiere pagar","author":"Redacci\u00f3n Pol\u00edticos","date":"12 de agosto de 2026","format":false,"excerpt":"Astrolabio Pol\u00edtico Por: Luis Ram\u00edrez Baqueiro \u201cLa peor decisi\u00f3n es la indecisi\u00f3n\u201d. \u2013 Benjam\u00edn Franklin. Las cuentas del sexenio de Cuitl\u00e1huac Garc\u00eda Jim\u00e9nez est\u00e1n lejos de cerrarse. Y no se trata \u00fanicamente del juicio pol\u00edtico que pueda hacerse sobre su administraci\u00f3n, sino de algo mucho m\u00e1s concreto: dinero p\u00fablico que\u2026","rel":"","context":"En \u00abOPINI\u00d3N\u00bb","block_context":{"text":"OPINI\u00d3N","link":"https:\/\/politicosaldesnudo.com.mx\/index.php\/category\/columnistas\/"},"img":{"alt_text":"","src":"https:\/\/i0.wp.com\/politicosaldesnudo.com.mx\/wp-content\/uploads\/2026\/08\/baqueiro-la-herencia.png?fit=1200%2C659&ssl=1&resize=350%2C200","width":350,"height":200,"srcset":"https:\/\/i0.wp.com\/politicosaldesnudo.com.mx\/wp-content\/uploads\/2026\/08\/baqueiro-la-herencia.png?fit=1200%2C659&ssl=1&resize=350%2C200 1x, https:\/\/i0.wp.com\/politicosaldesnudo.com.mx\/wp-content\/uploads\/2026\/08\/baqueiro-la-herencia.png?fit=1200%2C659&ssl=1&resize=525%2C300 1.5x, https:\/\/i0.wp.com\/politicosaldesnudo.com.mx\/wp-content\/uploads\/2026\/08\/baqueiro-la-herencia.png?fit=1200%2C659&ssl=1&resize=700%2C400 2x, https:\/\/i0.wp.com\/politicosaldesnudo.com.mx\/wp-content\/uploads\/2026\/08\/baqueiro-la-herencia.png?fit=1200%2C659&ssl=1&resize=1050%2C600 3x"},"classes":[]},{"id":88003,"url":"https:\/\/politicosaldesnudo.com.mx\/index.php\/2026\/08\/23\/congreso-de-sinaloa-elegira-este-lunes-a-quien-sustituya-a-rocha-moya\/","url_meta":{"origin":45314,"position":2},"title":"Congreso de Sinaloa elegir\u00e1 este lunes a quien sustituya a Rocha Moya","author":"Redacci\u00f3n Pol\u00edticos","date":"23 de agosto de 2026","format":false,"excerpt":"El futuro inmediato del Gobierno de Sinaloa ser\u00e1 definido este lunes 24 de agosto, cuando el Congreso estatal se re\u00fana en sesi\u00f3n extraordinaria para designar a la persona que asumir\u00e1 de manera interina la gubernatura. La decisi\u00f3n se produce despu\u00e9s de que los diputados aprobaran por unanimidad la nueva licencia\u2026","rel":"","context":"En \u00abNACIONAL\u00bb","block_context":{"text":"NACIONAL","link":"https:\/\/politicosaldesnudo.com.mx\/index.php\/category\/nacional\/"},"img":{"alt_text":"","src":"https:\/\/i0.wp.com\/politicosaldesnudo.com.mx\/wp-content\/uploads\/2026\/08\/moyaa.jpg?fit=1200%2C801&ssl=1&resize=350%2C200","width":350,"height":200,"srcset":"https:\/\/i0.wp.com\/politicosaldesnudo.com.mx\/wp-content\/uploads\/2026\/08\/moyaa.jpg?fit=1200%2C801&ssl=1&resize=350%2C200 1x, https:\/\/i0.wp.com\/politicosaldesnudo.com.mx\/wp-content\/uploads\/2026\/08\/moyaa.jpg?fit=1200%2C801&ssl=1&resize=525%2C300 1.5x, https:\/\/i0.wp.com\/politicosaldesnudo.com.mx\/wp-content\/uploads\/2026\/08\/moyaa.jpg?fit=1200%2C801&ssl=1&resize=700%2C400 2x, https:\/\/i0.wp.com\/politicosaldesnudo.com.mx\/wp-content\/uploads\/2026\/08\/moyaa.jpg?fit=1200%2C801&ssl=1&resize=1050%2C600 3x"},"classes":[]},{"id":88087,"url":"https:\/\/politicosaldesnudo.com.mx\/index.php\/2026\/08\/26\/caso-carlos-manzo-da-un-giro-fiscalia-indaga-vinculo-de-su-viuda-con-exfuncionario-procesado-por-el-crimen\/","url_meta":{"origin":45314,"position":3},"title":"Caso Carlos Manzo da un giro: Fiscal\u00eda indaga v\u00ednculo de su viuda con exfuncionario procesado por el crimen","author":"Redacci\u00f3n Pol\u00edticos","date":"26 de agosto de 2026","format":false,"excerpt":"La investigaci\u00f3n por el asesinato de Carlos Manzo abri\u00f3 un nuevo y delicado cap\u00edtulo. La Fiscal\u00eda General de Michoac\u00e1n buscar\u00e1 esclarecer la posible relaci\u00f3n entre Grecia Quiroz, actual alcaldesa de Uruapan y viuda del pol\u00edtico, y Samuel Garc\u00eda Rivero, exfuncionario municipal procesado por su presunta participaci\u00f3n en el homicidio. La\u2026","rel":"","context":"En \u00abNACIONAL\u00bb","block_context":{"text":"NACIONAL","link":"https:\/\/politicosaldesnudo.com.mx\/index.php\/category\/nacional\/"},"img":{"alt_text":"","src":"https:\/\/i0.wp.com\/politicosaldesnudo.com.mx\/wp-content\/uploads\/2026\/08\/grecia-quiroz.jpg?fit=1200%2C800&ssl=1&resize=350%2C200","width":350,"height":200,"srcset":"https:\/\/i0.wp.com\/politicosaldesnudo.com.mx\/wp-content\/uploads\/2026\/08\/grecia-quiroz.jpg?fit=1200%2C800&ssl=1&resize=350%2C200 1x, https:\/\/i0.wp.com\/politicosaldesnudo.com.mx\/wp-content\/uploads\/2026\/08\/grecia-quiroz.jpg?fit=1200%2C800&ssl=1&resize=525%2C300 1.5x, https:\/\/i0.wp.com\/politicosaldesnudo.com.mx\/wp-content\/uploads\/2026\/08\/grecia-quiroz.jpg?fit=1200%2C800&ssl=1&resize=700%2C400 2x, https:\/\/i0.wp.com\/politicosaldesnudo.com.mx\/wp-content\/uploads\/2026\/08\/grecia-quiroz.jpg?fit=1200%2C800&ssl=1&resize=1050%2C600 3x"},"classes":[]},{"id":88051,"url":"https:\/\/politicosaldesnudo.com.mx\/index.php\/2026\/08\/24\/protestan-en-culiacan-contra-la-continuidad-del-grupo-politico-de-rocha-moya\/","url_meta":{"origin":45314,"position":4},"title":"Protestan en Culiac\u00e1n contra la continuidad del grupo pol\u00edtico de Rocha Moya","author":"Redacci\u00f3n Pol\u00edticos","date":"24 de agosto de 2026","format":false,"excerpt":"Culiac\u00e1n, Sin.- Empresarios, ciudadanos y representantes de partidos de oposici\u00f3n se concentraron este lunes frente al Palacio de Gobierno de Sinaloa para exigir la salida definitiva de Rub\u00e9n Rocha Moya y rechazar que alguno de sus colaboradores asuma el control de la administraci\u00f3n estatal. La movilizaci\u00f3n comenz\u00f3 alrededor de las\u2026","rel":"","context":"En \u00abESTADOS\u00bb","block_context":{"text":"ESTADOS","link":"https:\/\/politicosaldesnudo.com.mx\/index.php\/category\/estados\/"},"img":{"alt_text":"","src":"https:\/\/i0.wp.com\/politicosaldesnudo.com.mx\/wp-content\/uploads\/2026\/08\/manifestacion-sinaloa-fuerza-rocha-24ago26-1536x1024-1.jpg?fit=1200%2C800&ssl=1&resize=350%2C200","width":350,"height":200,"srcset":"https:\/\/i0.wp.com\/politicosaldesnudo.com.mx\/wp-content\/uploads\/2026\/08\/manifestacion-sinaloa-fuerza-rocha-24ago26-1536x1024-1.jpg?fit=1200%2C800&ssl=1&resize=350%2C200 1x, https:\/\/i0.wp.com\/politicosaldesnudo.com.mx\/wp-content\/uploads\/2026\/08\/manifestacion-sinaloa-fuerza-rocha-24ago26-1536x1024-1.jpg?fit=1200%2C800&ssl=1&resize=525%2C300 1.5x, https:\/\/i0.wp.com\/politicosaldesnudo.com.mx\/wp-content\/uploads\/2026\/08\/manifestacion-sinaloa-fuerza-rocha-24ago26-1536x1024-1.jpg?fit=1200%2C800&ssl=1&resize=700%2C400 2x, https:\/\/i0.wp.com\/politicosaldesnudo.com.mx\/wp-content\/uploads\/2026\/08\/manifestacion-sinaloa-fuerza-rocha-24ago26-1536x1024-1.jpg?fit=1200%2C800&ssl=1&resize=1050%2C600 3x"},"classes":[]},{"id":88173,"url":"https:\/\/politicosaldesnudo.com.mx\/index.php\/2026\/08\/30\/dea-mantiene-abierta-la-ruta-para-decomisar-mas-bienes-ligados-a-garcia-luna\/","url_meta":{"origin":45314,"position":5},"title":"DEA mantiene abierta la ruta para decomisar m\u00e1s bienes ligados a Garc\u00eda Luna","author":"Redacci\u00f3n Pol\u00edticos","date":"30 de agosto de 2026","format":false,"excerpt":"La condena contra Genaro Garc\u00eda Luna no puso punto final a las acciones judiciales en Estados Unidos. La Administraci\u00f3n para el Control de Drogas (DEA) asegur\u00f3 que todav\u00eda existen procedimientos pendientes para localizar y recuperar otros activos relacionados con el exsecretario de Seguridad P\u00fablica de M\u00e9xico. Terrance Cole, director de\u2026","rel":"","context":"En \u00abNACIONAL\u00bb","block_context":{"text":"NACIONAL","link":"https:\/\/politicosaldesnudo.com.mx\/index.php\/category\/nacional\/"},"img":{"alt_text":"","src":"https:\/\/i0.wp.com\/politicosaldesnudo.com.mx\/wp-content\/uploads\/2026\/08\/GARCIA-LUNA.png?fit=1200%2C675&ssl=1&resize=350%2C200","width":350,"height":200,"srcset":"https:\/\/i0.wp.com\/politicosaldesnudo.com.mx\/wp-content\/uploads\/2026\/08\/GARCIA-LUNA.png?fit=1200%2C675&ssl=1&resize=350%2C200 1x, https:\/\/i0.wp.com\/politicosaldesnudo.com.mx\/wp-content\/uploads\/2026\/08\/GARCIA-LUNA.png?fit=1200%2C675&ssl=1&resize=525%2C300 1.5x, https:\/\/i0.wp.com\/politicosaldesnudo.com.mx\/wp-content\/uploads\/2026\/08\/GARCIA-LUNA.png?fit=1200%2C675&ssl=1&resize=700%2C400 2x, https:\/\/i0.wp.com\/politicosaldesnudo.com.mx\/wp-content\/uploads\/2026\/08\/GARCIA-LUNA.png?fit=1200%2C675&ssl=1&resize=1050%2C600 3x"},"classes":[]}],"jetpack_sharing_enabled":true,"jetpack_featured_media_url":"https:\/\/i0.wp.com\/politicosaldesnudo.com.mx\/wp-content\/uploads\/2024\/09\/Samuel-Garcia.jpg?fit=768%2C479&ssl=1","_links":{"self":[{"href":"https:\/\/politicosaldesnudo.com.mx\/index.php\/wp-json\/wp\/v2\/posts\/45314","targetHints":{"allow":["GET"]}}],"collection":[{"href":"https:\/\/politicosaldesnudo.com.mx\/index.php\/wp-json\/wp\/v2\/posts"}],"about":[{"href":"https:\/\/politicosaldesnudo.com.mx\/index.php\/wp-json\/wp\/v2\/types\/post"}],"author":[{"embeddable":true,"href":"https:\/\/politicosaldesnudo.com.mx\/index.php\/wp-json\/wp\/v2\/users\/4"}],"replies":[{"embeddable":true,"href":"https:\/\/politicosaldesnudo.com.mx\/index.php\/wp-json\/wp\/v2\/comments?post=45314"}],"version-history":[{"count":0,"href":"https:\/\/politicosaldesnudo.com.mx\/index.php\/wp-json\/wp\/v2\/posts\/45314\/revisions"}],"wp:featuredmedia":[{"embeddable":true,"href":"https:\/\/politicosaldesnudo.com.mx\/index.php\/wp-json\/wp\/v2\/media\/45315"}],"wp:attachment":[{"href":"https:\/\/politicosaldesnudo.com.mx\/index.php\/wp-json\/wp\/v2\/media?parent=45314"}],"wp:term":[{"taxonomy":"category","embeddable":true,"href":"https:\/\/politicosaldesnudo.com.mx\/index.php\/wp-json\/wp\/v2\/categories?post=45314"},{"taxonomy":"post_tag","embeddable":true,"href":"https:\/\/politicosaldesnudo.com.mx\/index.php\/wp-json\/wp\/v2\/tags?post=45314"}],"curies":[{"name":"wp","href":"https:\/\/api.w.org\/{rel}","templated":true}]}}