{"id":45317,"date":"2024-09-01T01:27:10","date_gmt":"2024-09-01T06:27:10","guid":{"rendered":"https:\/\/politicosaldesnudo.com.mx\/?p=45317"},"modified":"2024-09-01T01:27:10","modified_gmt":"2024-09-01T06:27:10","slug":"civiles-armados-atacan-a-policias-en-villa-garcia-zacatecas","status":"publish","type":"post","link":"https:\/\/politicosaldesnudo.com.mx\/index.php\/2024\/09\/01\/civiles-armados-atacan-a-policias-en-villa-garcia-zacatecas\/","title":{"rendered":"Civiles armados atacan a polic\u00edas en Villa Garc\u00eda, Zacatecas"},"content":{"rendered":"<div>\n<div id=\"content-body-225-12486338\">\n<p><span style=\"font-size: 14pt;\">Tres elementos de la Polic\u00eda Estatal Preventiva\u00a0resultaron\u00a0heridos en la ma\u00f1ana de este s\u00e1bado,\u00a0tras ser\u00a0agredidos por civiles\u00a0armados en la\u00a0comunidad Ignacio Zaragoza,\u00a0ubicada en el\u00a0municipio de Villa Garc\u00eda, Zacatecas.\u00a0Los atacantes\u00a0huyeron hacia el estado de Aguascalientes, lo que provoc\u00f3 que ambas entidades implementen un intenso operativo para localizar a los responsables.<\/span><\/p>\n<p><span style=\"font-size: 14pt;\">La Vocer\u00eda de la Mesa Estatal de Construcci\u00f3n de Paz confirm\u00f3\u00a0la agresi\u00f3n\u00a0armada y detall\u00f3 que esta\u00a0se produjo mientras los efectivos realizaban patrullajes de vigilancia y disuasi\u00f3n del delito en la zona. A ra\u00edz del ataque, los tres polic\u00edas lesionados fueron trasladados de inmediato a recibir atenci\u00f3n m\u00e9dica.<\/span><\/p>\n<\/div>\n<\/div>\n<div>\n<div id=\"dfp-nota-1x3s\" data-google-query-id=\"CNOBj6qOoYgDFcqFpgQdpbsEHA\">\n<div id=\"google_ads_iframe_\/2000002\/la-prensa\/mexico_nota_1x3_0__container__\">\n<div id=\"inArticle_1\">\n<div>\n<div>\n<div>\n<div><span style=\"font-size: 14pt;\">Ante la\u00a0fuga de los agresores\u00a0con direcci\u00f3n a\u00a0Aguascalientes, se solicit\u00f3 la colaboraci\u00f3n de las autoridades de la entidad vecina para continuar con la b\u00fasqueda de los hombres armados. En estos momentos, se lleva a cabo un importante despliegue operativo que involucra a las Fuerzas de Seguridad de los tres \u00f3rdenes de gobierno, en un esfuerzo coordinado para capturar a los responsables y garantizar la seguridad en la regi\u00f3n.<\/span><\/div>\n<\/div>\n<\/div>\n<\/div>\n<\/div>\n<\/div>\n<\/div>\n<\/div>\n<article>\n<div id=\"content-body-5851641-12486338\">\n<p><span style=\"font-size: 14pt;\">Las autoridades no han proporcionado a\u00fan informaci\u00f3n adicional sobre la identidad de los agresores ni sobre las posibles causas del ataque, pero se mantienen en alerta y han reforzado la vigilancia en las zonas fronterizas entre Zacatecas y Aguascalientes.<\/span><\/p>\n<p><span style=\"font-size: 14pt;\">La situaci\u00f3n contin\u00faa en desarrollo y se espera que las autoridades emitan m\u00e1s detalles en las pr\u00f3ximas horas.<\/span><\/p>\n<\/div>\n<\/article>\n","protected":false},"excerpt":{"rendered":"<p>Tres elementos de la Polic\u00eda Estatal Preventiva\u00a0resultaron\u00a0heridos en la ma\u00f1ana de este s\u00e1bado,\u00a0tras ser\u00a0agredidos por civiles\u00a0armados en la\u00a0comunidad Ignacio Zaragoza,\u00a0ubicada<\/p>\n","protected":false},"author":4,"featured_media":45318,"comment_status":"closed","ping_status":"closed","sticky":false,"template":"","format":"standard","meta":{"colormag_page_container_layout":"default_layout","colormag_page_sidebar_layout":"default_layout","_jetpack_memberships_contains_paid_content":false,"footnotes":"","jetpack_publicize_message":"","jetpack_publicize_feature_enabled":true,"jetpack_social_post_already_shared":false,"jetpack_social_options":{"image_generator_settings":{"template":"highway","default_image_id":0,"font":"","enabled":false},"version":2}},"categories":[33],"tags":[],"class_list":["post-45317","post","type-post","status-publish","format-standard","has-post-thumbnail","hentry","category-nacional"],"jetpack_publicize_connections":[],"jetpack_featured_media_url":"https:\/\/i0.wp.com\/politicosaldesnudo.com.mx\/wp-content\/uploads\/2024\/09\/Policias-Estatales.jpg?fit=768%2C479&ssl=1","jetpack-related-posts":[],"jetpack_sharing_enabled":true,"_links":{"self":[{"href":"https:\/\/politicosaldesnudo.com.mx\/index.php\/wp-json\/wp\/v2\/posts\/45317","targetHints":{"allow":["GET"]}}],"collection":[{"href":"https:\/\/politicosaldesnudo.com.mx\/index.php\/wp-json\/wp\/v2\/posts"}],"about":[{"href":"https:\/\/politicosaldesnudo.com.mx\/index.php\/wp-json\/wp\/v2\/types\/post"}],"author":[{"embeddable":true,"href":"https:\/\/politicosaldesnudo.com.mx\/index.php\/wp-json\/wp\/v2\/users\/4"}],"replies":[{"embeddable":true,"href":"https:\/\/politicosaldesnudo.com.mx\/index.php\/wp-json\/wp\/v2\/comments?post=45317"}],"version-history":[{"count":0,"href":"https:\/\/politicosaldesnudo.com.mx\/index.php\/wp-json\/wp\/v2\/posts\/45317\/revisions"}],"wp:featuredmedia":[{"embeddable":true,"href":"https:\/\/politicosaldesnudo.com.mx\/index.php\/wp-json\/wp\/v2\/media\/45318"}],"wp:attachment":[{"href":"https:\/\/politicosaldesnudo.com.mx\/index.php\/wp-json\/wp\/v2\/media?parent=45317"}],"wp:term":[{"taxonomy":"category","embeddable":true,"href":"https:\/\/politicosaldesnudo.com.mx\/index.php\/wp-json\/wp\/v2\/categories?post=45317"},{"taxonomy":"post_tag","embeddable":true,"href":"https:\/\/politicosaldesnudo.com.mx\/index.php\/wp-json\/wp\/v2\/tags?post=45317"}],"curies":[{"name":"wp","href":"https:\/\/api.w.org\/{rel}","templated":true}]}}