{"id":45320,"date":"2024-09-01T01:28:48","date_gmt":"2024-09-01T06:28:48","guid":{"rendered":"https:\/\/politicosaldesnudo.com.mx\/?p=45320"},"modified":"2024-09-01T01:28:48","modified_gmt":"2024-09-01T06:28:48","slug":"ricardo-monreal-asegura-que-resolucion-de-jueces-sobre-reforma-judicial-violenta-la-constitucion","status":"publish","type":"post","link":"https:\/\/politicosaldesnudo.com.mx\/index.php\/2024\/09\/01\/ricardo-monreal-asegura-que-resolucion-de-jueces-sobre-reforma-judicial-violenta-la-constitucion\/","title":{"rendered":"Ricardo Monreal asegura que resoluci\u00f3n de jueces sobre reforma judicial violenta la Constituci\u00f3n"},"content":{"rendered":"<div>\n<div id=\"content-body-225-12486567\">\n<p><span style=\"font-size: 14pt;\">El diputado federal Ricardo Monreal\u00a0revir\u00f3 a la juez federal que\u00a0orden\u00f3 suspender la discusi\u00f3n\u00a0y votaci\u00f3n de la\u00a0reforma judicial\u00a0en la C\u00e1mara de Diputados. El coordinador de los morenistas en San L\u00e1zaro\u00a0advirti\u00f3 que la resoluci\u00f3n de la juzgadora violenta la Constituci\u00f3n e invade las facultades del Poder Legislativo.<\/span><\/p>\n<p><span style=\"font-size: 14pt;\">\u201cEs inadmisible e improcedente toda resoluci\u00f3n de cualquier juez o autoridad sobre el desempe\u00f1o constitucional jur\u00eddico del Congreso General de los Estados Unidos Mexicanos, que violente la Constituci\u00f3n y el principio de legalidad, e invada facultades y funciones del Legislativo\u201d, escribi\u00f3 Monreal en su cuenta de X.<\/span><\/p>\n<\/div>\n<\/div>\n<div>\n<div id=\"dfp-nota-1x3s\" data-google-query-id=\"CKrm7dmOoYgDFUPz9QIddXkGGg\">\n<div id=\"google_ads_iframe_\/2000002\/la-prensa\/mexico_nota_1x3_0__container__\">\n<div id=\"inArticle_1\">\n<div>\n<div>\n<div>\n<div><span style=\"font-size: 14pt;\">La tarde de este s\u00e1bado, la Juez Quinto de Distrito en Cuernavaca, Morelos,\u00a0Martha Eugenia Maga\u00f1a L\u00f3pez,\u00a0orden\u00f3 suspender la discusi\u00f3n y votaci\u00f3n de la reforma judicial\u00a0en la nueva legislatura de la C\u00e1mara de Diputados.<\/span><\/div>\n<\/div>\n<\/div>\n<\/div>\n<\/div>\n<\/div>\n<\/div>\n<\/div>\n<article>\n<div id=\"content-body-5851641-12486567\">\n<p><span style=\"font-size: 14pt;\">Otro juez federal de Chiapas emiti\u00f3 otra suspensi\u00f3n contra la\u00a0reforma judicial, en la que estableci\u00f3 que, en caso de aprobarse en el Congreso de la Uni\u00f3n, \u00e9sta no podr\u00e1 enviarse a los Congresos locales para su aprobaci\u00f3n en tanto no se resuelva el amparo.<\/span><\/p>\n<\/div>\n<\/article>\n","protected":false},"excerpt":{"rendered":"<p>El diputado federal Ricardo Monreal\u00a0revir\u00f3 a la juez federal que\u00a0orden\u00f3 suspender la discusi\u00f3n\u00a0y votaci\u00f3n de la\u00a0reforma judicial\u00a0en la C\u00e1mara de<\/p>\n","protected":false},"author":4,"featured_media":45321,"comment_status":"closed","ping_status":"closed","sticky":false,"template":"","format":"standard","meta":{"colormag_page_container_layout":"default_layout","colormag_page_sidebar_layout":"default_layout","_jetpack_memberships_contains_paid_content":false,"footnotes":"","jetpack_publicize_message":"","jetpack_publicize_feature_enabled":true,"jetpack_social_post_already_shared":false,"jetpack_social_options":{"image_generator_settings":{"template":"highway","default_image_id":0,"font":"","enabled":false},"version":2}},"categories":[33],"tags":[],"class_list":["post-45320","post","type-post","status-publish","format-standard","has-post-thumbnail","hentry","category-nacional"],"jetpack_publicize_connections":[],"jetpack_featured_media_url":"https:\/\/i0.wp.com\/politicosaldesnudo.com.mx\/wp-content\/uploads\/2024\/09\/Ricardo-Monreal.jpg?fit=768%2C479&ssl=1","jetpack-related-posts":[],"jetpack_sharing_enabled":true,"_links":{"self":[{"href":"https:\/\/politicosaldesnudo.com.mx\/index.php\/wp-json\/wp\/v2\/posts\/45320","targetHints":{"allow":["GET"]}}],"collection":[{"href":"https:\/\/politicosaldesnudo.com.mx\/index.php\/wp-json\/wp\/v2\/posts"}],"about":[{"href":"https:\/\/politicosaldesnudo.com.mx\/index.php\/wp-json\/wp\/v2\/types\/post"}],"author":[{"embeddable":true,"href":"https:\/\/politicosaldesnudo.com.mx\/index.php\/wp-json\/wp\/v2\/users\/4"}],"replies":[{"embeddable":true,"href":"https:\/\/politicosaldesnudo.com.mx\/index.php\/wp-json\/wp\/v2\/comments?post=45320"}],"version-history":[{"count":0,"href":"https:\/\/politicosaldesnudo.com.mx\/index.php\/wp-json\/wp\/v2\/posts\/45320\/revisions"}],"wp:featuredmedia":[{"embeddable":true,"href":"https:\/\/politicosaldesnudo.com.mx\/index.php\/wp-json\/wp\/v2\/media\/45321"}],"wp:attachment":[{"href":"https:\/\/politicosaldesnudo.com.mx\/index.php\/wp-json\/wp\/v2\/media?parent=45320"}],"wp:term":[{"taxonomy":"category","embeddable":true,"href":"https:\/\/politicosaldesnudo.com.mx\/index.php\/wp-json\/wp\/v2\/categories?post=45320"},{"taxonomy":"post_tag","embeddable":true,"href":"https:\/\/politicosaldesnudo.com.mx\/index.php\/wp-json\/wp\/v2\/tags?post=45320"}],"curies":[{"name":"wp","href":"https:\/\/api.w.org\/{rel}","templated":true}]}}