{"id":45431,"date":"2024-09-02T08:42:12","date_gmt":"2024-09-02T13:42:12","guid":{"rendered":"https:\/\/politicosaldesnudo.com.mx\/?p=45431"},"modified":"2024-09-02T08:42:12","modified_gmt":"2024-09-02T13:42:12","slug":"onda-tropical-20-generara-lluvias-moderadas-en-veracruz","status":"publish","type":"post","link":"https:\/\/politicosaldesnudo.com.mx\/index.php\/2024\/09\/02\/onda-tropical-20-generara-lluvias-moderadas-en-veracruz\/","title":{"rendered":"Onda Tropical 20 generar\u00e1 lluvias moderadas en Veracruz"},"content":{"rendered":"<p><span style=\"font-size: 14pt;\">La vaguada analizada sobre el sur-sureste del pa\u00eds, mantiene los nublados parciales en esa regi\u00f3n lo cuales m\u00e1s tarde estar\u00e1n incrementando debido al avance de la Onda Tropical n\u00famero 20 con eje actualmente sobre la sonda de Campeche y que est\u00e1 movi\u00e9ndose en las siguientes horas sobre el suroeste del Golfo de M\u00e9xico para cruzar el Estado de Veracruz de esta noche a ma\u00f1ana y as\u00ed propiciar lluvias moderadas a fuertes especialmente en zonas del centro-sur.<\/span><\/p>\n<p><span style=\"font-size: 14pt;\">El viento en la costa ser\u00e1 del sureste, este y noreste moderado en costas con rachas en probables \u00e1reas de tormenta y el ambiente diurno c\u00e1lido y bochornoso, por lo que se recomienda mantenerse al pendiente de las condiciones del tiempo y extremar precauciones.<\/span><\/p>\n<p><span style=\"font-size: 14pt;\">Se analiza el primer frente al norte del pa\u00eds, pero no se prev\u00e9 que recorra la entidad veracruzana por lo que se ha estacionado en ese lugar para disiparse.<\/span><\/p>\n","protected":false},"excerpt":{"rendered":"<p>La vaguada analizada sobre el sur-sureste del pa\u00eds, mantiene los nublados parciales en esa regi\u00f3n lo cuales m\u00e1s tarde estar\u00e1n [&hellip;]<\/p>\n","protected":false},"author":4,"featured_media":45432,"comment_status":"closed","ping_status":"closed","sticky":false,"template":"","format":"standard","meta":{"site-sidebar-layout":"default","site-content-layout":"","ast-site-content-layout":"default","site-content-style":"default","site-sidebar-style":"default","ast-global-header-display":"","ast-banner-title-visibility":"","ast-main-header-display":"","ast-hfb-above-header-display":"","ast-hfb-below-header-display":"","ast-hfb-mobile-header-display":"","site-post-title":"","ast-breadcrumbs-content":"","ast-featured-img":"","footer-sml-layout":"","ast-disable-related-posts":"","theme-transparent-header-meta":"","adv-header-id-meta":"","stick-header-meta":"","header-above-stick-meta":"","header-main-stick-meta":"","header-below-stick-meta":"","astra-migrate-meta-layouts":"default","ast-page-background-enabled":"default","ast-page-background-meta":{"desktop":{"background-color":"var(--ast-global-color-5)","background-image":"","background-repeat":"repeat","background-position":"center center","background-size":"auto","background-attachment":"scroll","background-type":"","background-media":"","overlay-type":"","overlay-color":"","overlay-opacity":"","overlay-gradient":""},"tablet":{"background-color":"","background-image":"","background-repeat":"repeat","background-position":"center center","background-size":"auto","background-attachment":"scroll","background-type":"","background-media":"","overlay-type":"","overlay-color":"","overlay-opacity":"","overlay-gradient":""},"mobile":{"background-color":"","background-image":"","background-repeat":"repeat","background-position":"center center","background-size":"auto","background-attachment":"scroll","background-type":"","background-media":"","overlay-type":"","overlay-color":"","overlay-opacity":"","overlay-gradient":""}},"ast-content-background-meta":{"desktop":{"background-color":"var(--ast-global-color-4)","background-image":"","background-repeat":"repeat","background-position":"center center","background-size":"auto","background-attachment":"scroll","background-type":"","background-media":"","overlay-type":"","overlay-color":"","overlay-opacity":"","overlay-gradient":""},"tablet":{"background-color":"var(--ast-global-color-4)","background-image":"","background-repeat":"repeat","background-position":"center center","background-size":"auto","background-attachment":"scroll","background-type":"","background-media":"","overlay-type":"","overlay-color":"","overlay-opacity":"","overlay-gradient":""},"mobile":{"background-color":"var(--ast-global-color-4)","background-image":"","background-repeat":"repeat","background-position":"center center","background-size":"auto","background-attachment":"scroll","background-type":"","background-media":"","overlay-type":"","overlay-color":"","overlay-opacity":"","overlay-gradient":""}},"_jetpack_newsletter_access":"","_jetpack_dont_email_post_to_subs":false,"_jetpack_newsletter_tier_id":0,"_jetpack_memberships_contains_paywalled_content":false,"_jetpack_feature_clip_id":0,"_jetpack_memberships_contains_paid_content":false,"footnotes":"","jetpack_publicize_message":"","jetpack_publicize_feature_enabled":true,"jetpack_social_post_already_shared":false,"jetpack_social_options":{"image_generator_settings":{"template":"highway","default_image_id":0,"font":"","enabled":false},"version":2},"jetpack_post_was_ever_published":false},"categories":[1082],"tags":[],"class_list":["post-45431","post","type-post","status-publish","format-standard","has-post-thumbnail","hentry","category-tuxpan"],"yoast_head":"<!-- This site is optimized with the Yoast SEO plugin v28.3 - https:\/\/yoast.com\/product\/yoast-seo-wordpress\/ -->\n<title>Onda Tropical 20 generar\u00e1 lluvias moderadas en Veracruz - Pol\u00edticos al Desnudo<\/title>\n<meta name=\"robots\" content=\"index, follow, max-snippet:-1, max-image-preview:large, max-video-preview:-1\" \/>\n<link rel=\"canonical\" href=\"https:\/\/politicosaldesnudo.com.mx\/index.php\/2024\/09\/02\/onda-tropical-20-generara-lluvias-moderadas-en-veracruz\/\" \/>\n<meta property=\"og:locale\" content=\"es_ES\" \/>\n<meta property=\"og:type\" content=\"article\" \/>\n<meta property=\"og:title\" content=\"Onda Tropical 20 generar\u00e1 lluvias moderadas en Veracruz - Pol\u00edticos al Desnudo\" \/>\n<meta property=\"og:description\" content=\"La vaguada analizada sobre el sur-sureste del pa\u00eds, mantiene los nublados parciales en esa regi\u00f3n lo cuales m\u00e1s tarde estar\u00e1n [&hellip;]\" \/>\n<meta property=\"og:url\" content=\"https:\/\/politicosaldesnudo.com.mx\/index.php\/2024\/09\/02\/onda-tropical-20-generara-lluvias-moderadas-en-veracruz\/\" \/>\n<meta property=\"og:site_name\" content=\"Pol\u00edticos al Desnudo\" \/>\n<meta property=\"article:publisher\" content=\"https:\/\/www.facebook.com\/PoliticosAD\" \/>\n<meta property=\"article:published_time\" content=\"2024-09-02T13:42:12+00:00\" \/>\n<meta property=\"og:image\" content=\"https:\/\/i0.wp.com\/politicosaldesnudo.com.mx\/wp-content\/uploads\/2024\/09\/onda-tropical-20-generara-lluvias-moderadas-en-veracruz-547165.jpg?fit=800%2C600&ssl=1\" \/>\n\t<meta property=\"og:image:width\" content=\"800\" \/>\n\t<meta property=\"og:image:height\" content=\"600\" \/>\n\t<meta property=\"og:image:type\" content=\"image\/jpeg\" \/>\n<meta name=\"author\" content=\"Redacci\u00f3n Pol\u00edticos\" \/>\n<meta name=\"twitter:card\" content=\"summary_large_image\" \/>\n<meta name=\"twitter:label1\" content=\"Escrito por\" \/>\n\t<meta name=\"twitter:data1\" content=\"Redacci\u00f3n Pol\u00edticos\" \/>\n\t<meta name=\"twitter:label2\" content=\"Tiempo de lectura\" \/>\n\t<meta name=\"twitter:data2\" content=\"1 minuto\" \/>\n<script type=\"application\/ld+json\" class=\"yoast-schema-graph\">{\"@context\":\"https:\\\/\\\/schema.org\",\"@graph\":[{\"@type\":\"Article\",\"@id\":\"https:\\\/\\\/politicosaldesnudo.com.mx\\\/index.php\\\/2024\\\/09\\\/02\\\/onda-tropical-20-generara-lluvias-moderadas-en-veracruz\\\/#article\",\"isPartOf\":{\"@id\":\"https:\\\/\\\/politicosaldesnudo.com.mx\\\/index.php\\\/2024\\\/09\\\/02\\\/onda-tropical-20-generara-lluvias-moderadas-en-veracruz\\\/\"},\"author\":{\"name\":\"Redacci\u00f3n Pol\u00edticos\",\"@id\":\"https:\\\/\\\/politicosaldesnudo.com.mx\\\/#\\\/schema\\\/person\\\/ef3a64e561cc3f3f5dc52fab81adde7e\"},\"headline\":\"Onda Tropical 20 generar\u00e1 lluvias moderadas en Veracruz\",\"datePublished\":\"2024-09-02T13:42:12+00:00\",\"mainEntityOfPage\":{\"@id\":\"https:\\\/\\\/politicosaldesnudo.com.mx\\\/index.php\\\/2024\\\/09\\\/02\\\/onda-tropical-20-generara-lluvias-moderadas-en-veracruz\\\/\"},\"wordCount\":165,\"publisher\":{\"@id\":\"https:\\\/\\\/politicosaldesnudo.com.mx\\\/#organization\"},\"image\":{\"@id\":\"https:\\\/\\\/politicosaldesnudo.com.mx\\\/index.php\\\/2024\\\/09\\\/02\\\/onda-tropical-20-generara-lluvias-moderadas-en-veracruz\\\/#primaryimage\"},\"thumbnailUrl\":\"https:\\\/\\\/i0.wp.com\\\/politicosaldesnudo.com.mx\\\/wp-content\\\/uploads\\\/2024\\\/09\\\/onda-tropical-20-generara-lluvias-moderadas-en-veracruz-547165.jpg?fit=800%2C600&ssl=1\",\"articleSection\":[\"TUXPAN\"],\"inLanguage\":\"es\"},{\"@type\":\"WebPage\",\"@id\":\"https:\\\/\\\/politicosaldesnudo.com.mx\\\/index.php\\\/2024\\\/09\\\/02\\\/onda-tropical-20-generara-lluvias-moderadas-en-veracruz\\\/\",\"url\":\"https:\\\/\\\/politicosaldesnudo.com.mx\\\/index.php\\\/2024\\\/09\\\/02\\\/onda-tropical-20-generara-lluvias-moderadas-en-veracruz\\\/\",\"name\":\"Onda Tropical 20 generar\u00e1 lluvias moderadas en Veracruz - Pol\u00edticos al Desnudo\",\"isPartOf\":{\"@id\":\"https:\\\/\\\/politicosaldesnudo.com.mx\\\/#website\"},\"primaryImageOfPage\":{\"@id\":\"https:\\\/\\\/politicosaldesnudo.com.mx\\\/index.php\\\/2024\\\/09\\\/02\\\/onda-tropical-20-generara-lluvias-moderadas-en-veracruz\\\/#primaryimage\"},\"image\":{\"@id\":\"https:\\\/\\\/politicosaldesnudo.com.mx\\\/index.php\\\/2024\\\/09\\\/02\\\/onda-tropical-20-generara-lluvias-moderadas-en-veracruz\\\/#primaryimage\"},\"thumbnailUrl\":\"https:\\\/\\\/i0.wp.com\\\/politicosaldesnudo.com.mx\\\/wp-content\\\/uploads\\\/2024\\\/09\\\/onda-tropical-20-generara-lluvias-moderadas-en-veracruz-547165.jpg?fit=800%2C600&ssl=1\",\"datePublished\":\"2024-09-02T13:42:12+00:00\",\"breadcrumb\":{\"@id\":\"https:\\\/\\\/politicosaldesnudo.com.mx\\\/index.php\\\/2024\\\/09\\\/02\\\/onda-tropical-20-generara-lluvias-moderadas-en-veracruz\\\/#breadcrumb\"},\"inLanguage\":\"es\",\"potentialAction\":[{\"@type\":\"ReadAction\",\"target\":[\"https:\\\/\\\/politicosaldesnudo.com.mx\\\/index.php\\\/2024\\\/09\\\/02\\\/onda-tropical-20-generara-lluvias-moderadas-en-veracruz\\\/\"]}]},{\"@type\":\"ImageObject\",\"inLanguage\":\"es\",\"@id\":\"https:\\\/\\\/politicosaldesnudo.com.mx\\\/index.php\\\/2024\\\/09\\\/02\\\/onda-tropical-20-generara-lluvias-moderadas-en-veracruz\\\/#primaryimage\",\"url\":\"https:\\\/\\\/i0.wp.com\\\/politicosaldesnudo.com.mx\\\/wp-content\\\/uploads\\\/2024\\\/09\\\/onda-tropical-20-generara-lluvias-moderadas-en-veracruz-547165.jpg?fit=800%2C600&ssl=1\",\"contentUrl\":\"https:\\\/\\\/i0.wp.com\\\/politicosaldesnudo.com.mx\\\/wp-content\\\/uploads\\\/2024\\\/09\\\/onda-tropical-20-generara-lluvias-moderadas-en-veracruz-547165.jpg?fit=800%2C600&ssl=1\",\"width\":800,\"height\":600},{\"@type\":\"BreadcrumbList\",\"@id\":\"https:\\\/\\\/politicosaldesnudo.com.mx\\\/index.php\\\/2024\\\/09\\\/02\\\/onda-tropical-20-generara-lluvias-moderadas-en-veracruz\\\/#breadcrumb\",\"itemListElement\":[{\"@type\":\"ListItem\",\"position\":1,\"name\":\"Portada\",\"item\":\"https:\\\/\\\/politicosaldesnudo.com.mx\\\/\"},{\"@type\":\"ListItem\",\"position\":2,\"name\":\"Onda Tropical 20 generar\u00e1 lluvias moderadas en Veracruz\"}]},{\"@type\":\"WebSite\",\"@id\":\"https:\\\/\\\/politicosaldesnudo.com.mx\\\/#website\",\"url\":\"https:\\\/\\\/politicosaldesnudo.com.mx\\\/\",\"name\":\"Pol\u00edticos al Desnudo\",\"description\":\"\",\"publisher\":{\"@id\":\"https:\\\/\\\/politicosaldesnudo.com.mx\\\/#organization\"},\"potentialAction\":[{\"@type\":\"SearchAction\",\"target\":{\"@type\":\"EntryPoint\",\"urlTemplate\":\"https:\\\/\\\/politicosaldesnudo.com.mx\\\/?s={search_term_string}\"},\"query-input\":{\"@type\":\"PropertyValueSpecification\",\"valueRequired\":true,\"valueName\":\"search_term_string\"}}],\"inLanguage\":\"es\"},{\"@type\":\"Organization\",\"@id\":\"https:\\\/\\\/politicosaldesnudo.com.mx\\\/#organization\",\"name\":\"Pol\u00edticos al Desnudo\",\"url\":\"https:\\\/\\\/politicosaldesnudo.com.mx\\\/\",\"logo\":{\"@type\":\"ImageObject\",\"inLanguage\":\"es\",\"@id\":\"https:\\\/\\\/politicosaldesnudo.com.mx\\\/#\\\/schema\\\/logo\\\/image\\\/\",\"url\":\"https:\\\/\\\/i0.wp.com\\\/politicosaldesnudo.com.mx\\\/wp-content\\\/uploads\\\/2026\\\/08\\\/cropped-logo.webp?fit=400%2C126&ssl=1\",\"contentUrl\":\"https:\\\/\\\/i0.wp.com\\\/politicosaldesnudo.com.mx\\\/wp-content\\\/uploads\\\/2026\\\/08\\\/cropped-logo.webp?fit=400%2C126&ssl=1\",\"width\":400,\"height\":126,\"caption\":\"Pol\u00edticos al Desnudo\"},\"image\":{\"@id\":\"https:\\\/\\\/politicosaldesnudo.com.mx\\\/#\\\/schema\\\/logo\\\/image\\\/\"},\"sameAs\":[\"https:\\\/\\\/www.facebook.com\\\/PoliticosAD\"]},{\"@type\":\"Person\",\"@id\":\"https:\\\/\\\/politicosaldesnudo.com.mx\\\/#\\\/schema\\\/person\\\/ef3a64e561cc3f3f5dc52fab81adde7e\",\"name\":\"Redacci\u00f3n Pol\u00edticos\",\"url\":\"https:\\\/\\\/politicosaldesnudo.com.mx\\\/index.php\\\/author\\\/redaccion-politicos\\\/\"}]}<\/script>\n<!-- \/ Yoast SEO plugin. -->","yoast_head_json":{"title":"Onda Tropical 20 generar\u00e1 lluvias moderadas en Veracruz - Pol\u00edticos al Desnudo","robots":{"index":"index","follow":"follow","max-snippet":"max-snippet:-1","max-image-preview":"max-image-preview:large","max-video-preview":"max-video-preview:-1"},"canonical":"https:\/\/politicosaldesnudo.com.mx\/index.php\/2024\/09\/02\/onda-tropical-20-generara-lluvias-moderadas-en-veracruz\/","og_locale":"es_ES","og_type":"article","og_title":"Onda Tropical 20 generar\u00e1 lluvias moderadas en Veracruz - Pol\u00edticos al Desnudo","og_description":"La vaguada analizada sobre el sur-sureste del pa\u00eds, mantiene los nublados parciales en esa regi\u00f3n lo cuales m\u00e1s tarde estar\u00e1n [&hellip;]","og_url":"https:\/\/politicosaldesnudo.com.mx\/index.php\/2024\/09\/02\/onda-tropical-20-generara-lluvias-moderadas-en-veracruz\/","og_site_name":"Pol\u00edticos al Desnudo","article_publisher":"https:\/\/www.facebook.com\/PoliticosAD","article_published_time":"2024-09-02T13:42:12+00:00","og_image":[{"width":800,"height":600,"url":"https:\/\/i0.wp.com\/politicosaldesnudo.com.mx\/wp-content\/uploads\/2024\/09\/onda-tropical-20-generara-lluvias-moderadas-en-veracruz-547165.jpg?fit=800%2C600&ssl=1","type":"image\/jpeg"}],"author":"Redacci\u00f3n Pol\u00edticos","twitter_card":"summary_large_image","twitter_misc":{"Escrito por":"Redacci\u00f3n Pol\u00edticos","Tiempo de lectura":"1 minuto"},"schema":{"@context":"https:\/\/schema.org","@graph":[{"@type":"Article","@id":"https:\/\/politicosaldesnudo.com.mx\/index.php\/2024\/09\/02\/onda-tropical-20-generara-lluvias-moderadas-en-veracruz\/#article","isPartOf":{"@id":"https:\/\/politicosaldesnudo.com.mx\/index.php\/2024\/09\/02\/onda-tropical-20-generara-lluvias-moderadas-en-veracruz\/"},"author":{"name":"Redacci\u00f3n Pol\u00edticos","@id":"https:\/\/politicosaldesnudo.com.mx\/#\/schema\/person\/ef3a64e561cc3f3f5dc52fab81adde7e"},"headline":"Onda Tropical 20 generar\u00e1 lluvias moderadas en Veracruz","datePublished":"2024-09-02T13:42:12+00:00","mainEntityOfPage":{"@id":"https:\/\/politicosaldesnudo.com.mx\/index.php\/2024\/09\/02\/onda-tropical-20-generara-lluvias-moderadas-en-veracruz\/"},"wordCount":165,"publisher":{"@id":"https:\/\/politicosaldesnudo.com.mx\/#organization"},"image":{"@id":"https:\/\/politicosaldesnudo.com.mx\/index.php\/2024\/09\/02\/onda-tropical-20-generara-lluvias-moderadas-en-veracruz\/#primaryimage"},"thumbnailUrl":"https:\/\/i0.wp.com\/politicosaldesnudo.com.mx\/wp-content\/uploads\/2024\/09\/onda-tropical-20-generara-lluvias-moderadas-en-veracruz-547165.jpg?fit=800%2C600&ssl=1","articleSection":["TUXPAN"],"inLanguage":"es"},{"@type":"WebPage","@id":"https:\/\/politicosaldesnudo.com.mx\/index.php\/2024\/09\/02\/onda-tropical-20-generara-lluvias-moderadas-en-veracruz\/","url":"https:\/\/politicosaldesnudo.com.mx\/index.php\/2024\/09\/02\/onda-tropical-20-generara-lluvias-moderadas-en-veracruz\/","name":"Onda Tropical 20 generar\u00e1 lluvias moderadas en Veracruz - Pol\u00edticos al Desnudo","isPartOf":{"@id":"https:\/\/politicosaldesnudo.com.mx\/#website"},"primaryImageOfPage":{"@id":"https:\/\/politicosaldesnudo.com.mx\/index.php\/2024\/09\/02\/onda-tropical-20-generara-lluvias-moderadas-en-veracruz\/#primaryimage"},"image":{"@id":"https:\/\/politicosaldesnudo.com.mx\/index.php\/2024\/09\/02\/onda-tropical-20-generara-lluvias-moderadas-en-veracruz\/#primaryimage"},"thumbnailUrl":"https:\/\/i0.wp.com\/politicosaldesnudo.com.mx\/wp-content\/uploads\/2024\/09\/onda-tropical-20-generara-lluvias-moderadas-en-veracruz-547165.jpg?fit=800%2C600&ssl=1","datePublished":"2024-09-02T13:42:12+00:00","breadcrumb":{"@id":"https:\/\/politicosaldesnudo.com.mx\/index.php\/2024\/09\/02\/onda-tropical-20-generara-lluvias-moderadas-en-veracruz\/#breadcrumb"},"inLanguage":"es","potentialAction":[{"@type":"ReadAction","target":["https:\/\/politicosaldesnudo.com.mx\/index.php\/2024\/09\/02\/onda-tropical-20-generara-lluvias-moderadas-en-veracruz\/"]}]},{"@type":"ImageObject","inLanguage":"es","@id":"https:\/\/politicosaldesnudo.com.mx\/index.php\/2024\/09\/02\/onda-tropical-20-generara-lluvias-moderadas-en-veracruz\/#primaryimage","url":"https:\/\/i0.wp.com\/politicosaldesnudo.com.mx\/wp-content\/uploads\/2024\/09\/onda-tropical-20-generara-lluvias-moderadas-en-veracruz-547165.jpg?fit=800%2C600&ssl=1","contentUrl":"https:\/\/i0.wp.com\/politicosaldesnudo.com.mx\/wp-content\/uploads\/2024\/09\/onda-tropical-20-generara-lluvias-moderadas-en-veracruz-547165.jpg?fit=800%2C600&ssl=1","width":800,"height":600},{"@type":"BreadcrumbList","@id":"https:\/\/politicosaldesnudo.com.mx\/index.php\/2024\/09\/02\/onda-tropical-20-generara-lluvias-moderadas-en-veracruz\/#breadcrumb","itemListElement":[{"@type":"ListItem","position":1,"name":"Portada","item":"https:\/\/politicosaldesnudo.com.mx\/"},{"@type":"ListItem","position":2,"name":"Onda Tropical 20 generar\u00e1 lluvias moderadas en Veracruz"}]},{"@type":"WebSite","@id":"https:\/\/politicosaldesnudo.com.mx\/#website","url":"https:\/\/politicosaldesnudo.com.mx\/","name":"Pol\u00edticos al Desnudo","description":"","publisher":{"@id":"https:\/\/politicosaldesnudo.com.mx\/#organization"},"potentialAction":[{"@type":"SearchAction","target":{"@type":"EntryPoint","urlTemplate":"https:\/\/politicosaldesnudo.com.mx\/?s={search_term_string}"},"query-input":{"@type":"PropertyValueSpecification","valueRequired":true,"valueName":"search_term_string"}}],"inLanguage":"es"},{"@type":"Organization","@id":"https:\/\/politicosaldesnudo.com.mx\/#organization","name":"Pol\u00edticos al Desnudo","url":"https:\/\/politicosaldesnudo.com.mx\/","logo":{"@type":"ImageObject","inLanguage":"es","@id":"https:\/\/politicosaldesnudo.com.mx\/#\/schema\/logo\/image\/","url":"https:\/\/i0.wp.com\/politicosaldesnudo.com.mx\/wp-content\/uploads\/2026\/08\/cropped-logo.webp?fit=400%2C126&ssl=1","contentUrl":"https:\/\/i0.wp.com\/politicosaldesnudo.com.mx\/wp-content\/uploads\/2026\/08\/cropped-logo.webp?fit=400%2C126&ssl=1","width":400,"height":126,"caption":"Pol\u00edticos al Desnudo"},"image":{"@id":"https:\/\/politicosaldesnudo.com.mx\/#\/schema\/logo\/image\/"},"sameAs":["https:\/\/www.facebook.com\/PoliticosAD"]},{"@type":"Person","@id":"https:\/\/politicosaldesnudo.com.mx\/#\/schema\/person\/ef3a64e561cc3f3f5dc52fab81adde7e","name":"Redacci\u00f3n Pol\u00edticos","url":"https:\/\/politicosaldesnudo.com.mx\/index.php\/author\/redaccion-politicos\/"}]}},"jetpack_publicize_connections":[],"jetpack-related-posts":[{"id":87653,"url":"https:\/\/politicosaldesnudo.com.mx\/index.php\/2026\/08\/11\/veracruz-tendra-lluvias-estas-regiones-podrian-registrar-los-mayores-acumulados\/","url_meta":{"origin":45431,"position":0},"title":"Veracruz tendr\u00e1 lluvias; estas regiones podr\u00edan registrar los mayores acumulados","author":"Redacci\u00f3n Pol\u00edticos","date":"11 de agosto de 2026","format":false,"excerpt":"El potencial de precipitaciones aumentar\u00e1 entre mi\u00e9rcoles y jueves por el paso de una onda tropical. En el sur del estado se esperan los mayores acumulados. Veracruz, Ver. \u2014 El estado de Veracruz mantendr\u00e1 condiciones favorables para la presencia de lluvias durante los pr\u00f3ximos d\u00edas, principalmente durante las noches y\u2026","rel":"","context":"En \u00abESTADOS\u00bb","block_context":{"text":"ESTADOS","link":"https:\/\/politicosaldesnudo.com.mx\/index.php\/category\/estados\/"},"img":{"alt_text":"","src":"https:\/\/i0.wp.com\/politicosaldesnudo.com.mx\/wp-content\/uploads\/2026\/08\/LLUVIAS.jpg?fit=1200%2C740&ssl=1&resize=350%2C200","width":350,"height":200,"srcset":"https:\/\/i0.wp.com\/politicosaldesnudo.com.mx\/wp-content\/uploads\/2026\/08\/LLUVIAS.jpg?fit=1200%2C740&ssl=1&resize=350%2C200 1x, https:\/\/i0.wp.com\/politicosaldesnudo.com.mx\/wp-content\/uploads\/2026\/08\/LLUVIAS.jpg?fit=1200%2C740&ssl=1&resize=525%2C300 1.5x, https:\/\/i0.wp.com\/politicosaldesnudo.com.mx\/wp-content\/uploads\/2026\/08\/LLUVIAS.jpg?fit=1200%2C740&ssl=1&resize=700%2C400 2x, https:\/\/i0.wp.com\/politicosaldesnudo.com.mx\/wp-content\/uploads\/2026\/08\/LLUVIAS.jpg?fit=1200%2C740&ssl=1&resize=1050%2C600 3x"},"classes":[]},{"id":88152,"url":"https:\/\/politicosaldesnudo.com.mx\/index.php\/2026\/08\/29\/veracruz-tendra-un-sabado-caluroso-con-lluvias-y-tormentas-electricas\/","url_meta":{"origin":45431,"position":1},"title":"Veracruz tendr\u00e1 un s\u00e1bado caluroso con lluvias y tormentas el\u00e9ctricas","author":"Redacci\u00f3n Pol\u00edticos","date":"29 de agosto de 2026","format":false,"excerpt":"Este s\u00e1bado 29 de agosto se mantendr\u00e1 el ambiente caluroso durante el mediod\u00eda y parte de la tarde en gran parte del estado de Veracruz. Sin embargo, el pron\u00f3stico contempla lluvias y tormentas el\u00e9ctricas, principalmente en las regiones centro y sur. Las precipitaciones podr\u00edan intensificarse de manera aislada y dejar\u2026","rel":"","context":"En \u00abESTADOS\u00bb","block_context":{"text":"ESTADOS","link":"https:\/\/politicosaldesnudo.com.mx\/index.php\/category\/estados\/"},"img":{"alt_text":"","src":"https:\/\/i0.wp.com\/politicosaldesnudo.com.mx\/wp-content\/uploads\/2026\/08\/d0d1483f-6f3d-4483-8b68-e06fb78d47c2.png?fit=1200%2C675&ssl=1&resize=350%2C200","width":350,"height":200,"srcset":"https:\/\/i0.wp.com\/politicosaldesnudo.com.mx\/wp-content\/uploads\/2026\/08\/d0d1483f-6f3d-4483-8b68-e06fb78d47c2.png?fit=1200%2C675&ssl=1&resize=350%2C200 1x, https:\/\/i0.wp.com\/politicosaldesnudo.com.mx\/wp-content\/uploads\/2026\/08\/d0d1483f-6f3d-4483-8b68-e06fb78d47c2.png?fit=1200%2C675&ssl=1&resize=525%2C300 1.5x, https:\/\/i0.wp.com\/politicosaldesnudo.com.mx\/wp-content\/uploads\/2026\/08\/d0d1483f-6f3d-4483-8b68-e06fb78d47c2.png?fit=1200%2C675&ssl=1&resize=700%2C400 2x, https:\/\/i0.wp.com\/politicosaldesnudo.com.mx\/wp-content\/uploads\/2026\/08\/d0d1483f-6f3d-4483-8b68-e06fb78d47c2.png?fit=1200%2C675&ssl=1&resize=1050%2C600 3x"},"classes":[]},{"id":88131,"url":"https:\/\/politicosaldesnudo.com.mx\/index.php\/2026\/08\/28\/corrupcion-bajo-la-lupa-en-veracruz-96-investigaciones-y-apenas-11-sanciones\/","url_meta":{"origin":45431,"position":2},"title":"Corrupci\u00f3n bajo la lupa en Veracruz: 96 investigaciones y apenas 11 sanciones","author":"Redacci\u00f3n Pol\u00edticos","date":"28 de agosto de 2026","format":false,"excerpt":"La detecci\u00f3n de posibles actos de corrupci\u00f3n en Veracruz no siempre se traduce en castigos. Aunque las autoridades fiscalizadoras reportaron 96 investigaciones por faltas administrativas graves, el balance disponible registra \u00fanicamente nueve resoluciones definitivas y 11 sanciones. Las cifras forman parte de un estudio presentado por Transparencia Mexicana, elaborado con\u2026","rel":"","context":"En \u00abESTADOS\u00bb","block_context":{"text":"ESTADOS","link":"https:\/\/politicosaldesnudo.com.mx\/index.php\/category\/estados\/"},"img":{"alt_text":"","src":"https:\/\/i0.wp.com\/politicosaldesnudo.com.mx\/wp-content\/uploads\/2026\/08\/juz.jpg?fit=1200%2C800&ssl=1&resize=350%2C200","width":350,"height":200,"srcset":"https:\/\/i0.wp.com\/politicosaldesnudo.com.mx\/wp-content\/uploads\/2026\/08\/juz.jpg?fit=1200%2C800&ssl=1&resize=350%2C200 1x, https:\/\/i0.wp.com\/politicosaldesnudo.com.mx\/wp-content\/uploads\/2026\/08\/juz.jpg?fit=1200%2C800&ssl=1&resize=525%2C300 1.5x, https:\/\/i0.wp.com\/politicosaldesnudo.com.mx\/wp-content\/uploads\/2026\/08\/juz.jpg?fit=1200%2C800&ssl=1&resize=700%2C400 2x, https:\/\/i0.wp.com\/politicosaldesnudo.com.mx\/wp-content\/uploads\/2026\/08\/juz.jpg?fit=1200%2C800&ssl=1&resize=1050%2C600 3x"},"classes":[]},{"id":87964,"url":"https:\/\/politicosaldesnudo.com.mx\/index.php\/2026\/08\/22\/veracruz-segundo-lugar-nacional-en-hallazgo-de-fosas-clandestinas-durante-18-anos\/","url_meta":{"origin":45431,"position":3},"title":"Veracruz, segundo lugar nacional en hallazgo de fosas clandestinas durante 18 a\u00f1os","author":"Redacci\u00f3n Pol\u00edticos","date":"22 de agosto de 2026","format":false,"excerpt":"La crisis de desapariciones mantiene a Veracruz entre las entidades m\u00e1s afectadas del pa\u00eds. Una investigaci\u00f3n de la Universidad Iberoamericana document\u00f3 400 fosas clandestinas en territorio veracruzano entre 2006 y 2024, cifra solamente superada por las 416 registradas en Guerrero. El estudio, denominado Trazar la ausencia, caminar la esperanza, fue\u2026","rel":"","context":"En \u00abESTADOS\u00bb","block_context":{"text":"ESTADOS","link":"https:\/\/politicosaldesnudo.com.mx\/index.php\/category\/estados\/"},"img":{"alt_text":"","src":"https:\/\/i0.wp.com\/politicosaldesnudo.com.mx\/wp-content\/uploads\/2026\/08\/1032178c-d889-4e44-a3ee-6e46cf6aeb79.png?fit=1200%2C675&ssl=1&resize=350%2C200","width":350,"height":200,"srcset":"https:\/\/i0.wp.com\/politicosaldesnudo.com.mx\/wp-content\/uploads\/2026\/08\/1032178c-d889-4e44-a3ee-6e46cf6aeb79.png?fit=1200%2C675&ssl=1&resize=350%2C200 1x, https:\/\/i0.wp.com\/politicosaldesnudo.com.mx\/wp-content\/uploads\/2026\/08\/1032178c-d889-4e44-a3ee-6e46cf6aeb79.png?fit=1200%2C675&ssl=1&resize=525%2C300 1.5x, https:\/\/i0.wp.com\/politicosaldesnudo.com.mx\/wp-content\/uploads\/2026\/08\/1032178c-d889-4e44-a3ee-6e46cf6aeb79.png?fit=1200%2C675&ssl=1&resize=700%2C400 2x, https:\/\/i0.wp.com\/politicosaldesnudo.com.mx\/wp-content\/uploads\/2026\/08\/1032178c-d889-4e44-a3ee-6e46cf6aeb79.png?fit=1200%2C675&ssl=1&resize=1050%2C600 3x"},"classes":[]},{"id":88084,"url":"https:\/\/politicosaldesnudo.com.mx\/index.php\/2026\/08\/26\/veracruz-dara-apoyo-de-transporte-a-20-mil-universitarios-entregaran-hasta-800-pesos\/","url_meta":{"origin":45431,"position":4},"title":"Veracruz dar\u00e1 apoyo de transporte a 20 mil universitarios; entregar\u00e1n hasta 800 pesos","author":"Redacci\u00f3n Pol\u00edticos","date":"26 de agosto de 2026","format":false,"excerpt":"Cerca de 20 mil j\u00f3venes inscritos en instituciones p\u00fablicas de educaci\u00f3n superior podr\u00e1n recibir una ayuda econ\u00f3mica para cubrir parte de sus gastos de traslado en el municipio de Veracruz. La alcaldesa Rosa Mar\u00eda Hern\u00e1ndez Espejo present\u00f3 la Beca Municipal Universitaria \u201cJoven H\u00e9roe Veracruzano Iv\u00e1n G\u00f3mez G\u00f3mez\u201d, un programa dirigido\u2026","rel":"","context":"En \u00abESTADOS\u00bb","block_context":{"text":"ESTADOS","link":"https:\/\/politicosaldesnudo.com.mx\/index.php\/category\/estados\/"},"img":{"alt_text":"","src":"https:\/\/i0.wp.com\/politicosaldesnudo.com.mx\/wp-content\/uploads\/2026\/08\/787342245_1643175124474327_9044534255507489650_n.jpg?fit=1200%2C800&ssl=1&resize=350%2C200","width":350,"height":200,"srcset":"https:\/\/i0.wp.com\/politicosaldesnudo.com.mx\/wp-content\/uploads\/2026\/08\/787342245_1643175124474327_9044534255507489650_n.jpg?fit=1200%2C800&ssl=1&resize=350%2C200 1x, https:\/\/i0.wp.com\/politicosaldesnudo.com.mx\/wp-content\/uploads\/2026\/08\/787342245_1643175124474327_9044534255507489650_n.jpg?fit=1200%2C800&ssl=1&resize=525%2C300 1.5x, https:\/\/i0.wp.com\/politicosaldesnudo.com.mx\/wp-content\/uploads\/2026\/08\/787342245_1643175124474327_9044534255507489650_n.jpg?fit=1200%2C800&ssl=1&resize=700%2C400 2x, https:\/\/i0.wp.com\/politicosaldesnudo.com.mx\/wp-content\/uploads\/2026\/08\/787342245_1643175124474327_9044534255507489650_n.jpg?fit=1200%2C800&ssl=1&resize=1050%2C600 3x"},"classes":[]},{"id":87890,"url":"https:\/\/politicosaldesnudo.com.mx\/index.php\/2026\/08\/19\/la-foto-que-puede-costar-la-vida\/","url_meta":{"origin":45431,"position":5},"title":"La foto que puede costar la vida","author":"Redacci\u00f3n Pol\u00edticos","date":"19 de agosto de 2026","format":false,"excerpt":"Astrolabio Pol\u00edtico Por: Luis Ram\u00edrez Baqueiro \u201cNo hay malas hierbas ni hombres malos; s\u00f3lo hay malos cultivadores\u201d. \u2013 V\u00edctor Hugo. Algo peligroso est\u00e1 ocurriendo en las calles y carreteras de Xalapa y sus alrededores. El incremento de accidentes en motocicleta obliga a revisar no solamente el comportamiento de quienes conducen\u2026","rel":"","context":"En \u00abOPINI\u00d3N\u00bb","block_context":{"text":"OPINI\u00d3N","link":"https:\/\/politicosaldesnudo.com.mx\/index.php\/category\/columnistas\/"},"img":{"alt_text":"","src":"https:\/\/i0.wp.com\/politicosaldesnudo.com.mx\/wp-content\/uploads\/2026\/08\/COLUMNISTAS-PAD-1-1.png?fit=1200%2C659&ssl=1&resize=350%2C200","width":350,"height":200,"srcset":"https:\/\/i0.wp.com\/politicosaldesnudo.com.mx\/wp-content\/uploads\/2026\/08\/COLUMNISTAS-PAD-1-1.png?fit=1200%2C659&ssl=1&resize=350%2C200 1x, https:\/\/i0.wp.com\/politicosaldesnudo.com.mx\/wp-content\/uploads\/2026\/08\/COLUMNISTAS-PAD-1-1.png?fit=1200%2C659&ssl=1&resize=525%2C300 1.5x, https:\/\/i0.wp.com\/politicosaldesnudo.com.mx\/wp-content\/uploads\/2026\/08\/COLUMNISTAS-PAD-1-1.png?fit=1200%2C659&ssl=1&resize=700%2C400 2x, https:\/\/i0.wp.com\/politicosaldesnudo.com.mx\/wp-content\/uploads\/2026\/08\/COLUMNISTAS-PAD-1-1.png?fit=1200%2C659&ssl=1&resize=1050%2C600 3x"},"classes":[]}],"jetpack_sharing_enabled":true,"jetpack_featured_media_url":"https:\/\/i0.wp.com\/politicosaldesnudo.com.mx\/wp-content\/uploads\/2024\/09\/onda-tropical-20-generara-lluvias-moderadas-en-veracruz-547165.jpg?fit=800%2C600&ssl=1","_links":{"self":[{"href":"https:\/\/politicosaldesnudo.com.mx\/index.php\/wp-json\/wp\/v2\/posts\/45431","targetHints":{"allow":["GET"]}}],"collection":[{"href":"https:\/\/politicosaldesnudo.com.mx\/index.php\/wp-json\/wp\/v2\/posts"}],"about":[{"href":"https:\/\/politicosaldesnudo.com.mx\/index.php\/wp-json\/wp\/v2\/types\/post"}],"author":[{"embeddable":true,"href":"https:\/\/politicosaldesnudo.com.mx\/index.php\/wp-json\/wp\/v2\/users\/4"}],"replies":[{"embeddable":true,"href":"https:\/\/politicosaldesnudo.com.mx\/index.php\/wp-json\/wp\/v2\/comments?post=45431"}],"version-history":[{"count":0,"href":"https:\/\/politicosaldesnudo.com.mx\/index.php\/wp-json\/wp\/v2\/posts\/45431\/revisions"}],"wp:featuredmedia":[{"embeddable":true,"href":"https:\/\/politicosaldesnudo.com.mx\/index.php\/wp-json\/wp\/v2\/media\/45432"}],"wp:attachment":[{"href":"https:\/\/politicosaldesnudo.com.mx\/index.php\/wp-json\/wp\/v2\/media?parent=45431"}],"wp:term":[{"taxonomy":"category","embeddable":true,"href":"https:\/\/politicosaldesnudo.com.mx\/index.php\/wp-json\/wp\/v2\/categories?post=45431"},{"taxonomy":"post_tag","embeddable":true,"href":"https:\/\/politicosaldesnudo.com.mx\/index.php\/wp-json\/wp\/v2\/tags?post=45431"}],"curies":[{"name":"wp","href":"https:\/\/api.w.org\/{rel}","templated":true}]}}