{"id":45453,"date":"2024-09-03T05:02:45","date_gmt":"2024-09-03T10:02:45","guid":{"rendered":"https:\/\/politicosaldesnudo.com.mx\/?p=45453"},"modified":"2024-09-02T20:49:34","modified_gmt":"2024-09-03T01:49:34","slug":"telegram-entre-la-ciberdelincuencia-la-guerra-y-libertad-extrema","status":"publish","type":"post","link":"https:\/\/politicosaldesnudo.com.mx\/index.php\/2024\/09\/03\/telegram-entre-la-ciberdelincuencia-la-guerra-y-libertad-extrema\/","title":{"rendered":"Telegram: entre la ciberdelincuencia, la guerra y libertad extrema"},"content":{"rendered":"<p><span style=\"font-size: 14pt;\">La detenci\u00f3n en Francia del multimillonario franco-ruso Pavel Durov, de 39 a\u00f1os, atrajo la atenci\u00f3n mundial sobre la importancia de su aplicaci\u00f3n de mensajer\u00eda Telegram para las tropas y propagandistas rusos, cuando la ofensiva de Rusia en Ucrania afronta su tercer a\u00f1o, y marca un cambio significativo en la forma en que algunas autoridades mundiales pueden tratar con los jefes tecnol\u00f3gicos reacios a vigilar el contenido ilegal en sus plataformas.<\/span><\/p>\n<p><span style=\"font-size: 14pt;\">La postura antisistema de Durov lo ayud\u00f3 a crear una de las mayores plataformas en l\u00ednea del mundo, que cuenta con 900 millones de usuarios y hace hincapi\u00e9 en la libertad de expresi\u00f3n. Tambi\u00e9n lo convirti\u00f3 en un objetivo de muchos gobiernos, que acusan a Telegram de albergar contenidos ilegales, desde im\u00e1genes sexuales extremas a desinformaci\u00f3n, pasando por servicios de compra de drogas.<\/span><\/p>\n<p><span style=\"font-size: 14pt;\">\u00bfQui\u00e9n es Pavel Durov, enigm\u00e1tico personaje que huy\u00f3 de Rusia hace a\u00f1os y ahora afronta el peligro de c\u00e1rcel en Francia? \u00bfPor qu\u00e9 Telegram se ha posicionado como una alternativa a las plataformas de mensajer\u00eda estadounidenses y c\u00f3mo se convirti\u00f3 en una de las principales armas de guerra de Vladimir Putin? \u00bfHasta d\u00f3nde pueden llegar la libertad de expresi\u00f3n y la privacidad en las redes sociales? De estas y otras interrogantes platicamos en este episodio de Las claves del mundo.<\/span><\/p>\n","protected":false},"excerpt":{"rendered":"<p>La detenci\u00f3n en Francia del multimillonario franco-ruso Pavel Durov, de 39 a\u00f1os, atrajo la atenci\u00f3n mundial sobre la importancia de<\/p>\n","protected":false},"author":4,"featured_media":45454,"comment_status":"closed","ping_status":"closed","sticky":false,"template":"","format":"standard","meta":{"colormag_page_container_layout":"default_layout","colormag_page_sidebar_layout":"default_layout","_jetpack_memberships_contains_paid_content":false,"footnotes":"","jetpack_publicize_message":"","jetpack_publicize_feature_enabled":true,"jetpack_social_post_already_shared":false,"jetpack_social_options":{"image_generator_settings":{"template":"highway","default_image_id":0,"font":"","enabled":false},"version":2}},"categories":[28],"tags":[],"class_list":["post-45453","post","type-post","status-publish","format-standard","has-post-thumbnail","hentry","category-internacional"],"jetpack_publicize_connections":[],"jetpack_featured_media_url":"https:\/\/i0.wp.com\/politicosaldesnudo.com.mx\/wp-content\/uploads\/2024\/09\/CEO-de-Telegram-1.jpg?fit=768%2C479&ssl=1","jetpack-related-posts":[],"jetpack_sharing_enabled":true,"_links":{"self":[{"href":"https:\/\/politicosaldesnudo.com.mx\/index.php\/wp-json\/wp\/v2\/posts\/45453","targetHints":{"allow":["GET"]}}],"collection":[{"href":"https:\/\/politicosaldesnudo.com.mx\/index.php\/wp-json\/wp\/v2\/posts"}],"about":[{"href":"https:\/\/politicosaldesnudo.com.mx\/index.php\/wp-json\/wp\/v2\/types\/post"}],"author":[{"embeddable":true,"href":"https:\/\/politicosaldesnudo.com.mx\/index.php\/wp-json\/wp\/v2\/users\/4"}],"replies":[{"embeddable":true,"href":"https:\/\/politicosaldesnudo.com.mx\/index.php\/wp-json\/wp\/v2\/comments?post=45453"}],"version-history":[{"count":0,"href":"https:\/\/politicosaldesnudo.com.mx\/index.php\/wp-json\/wp\/v2\/posts\/45453\/revisions"}],"wp:featuredmedia":[{"embeddable":true,"href":"https:\/\/politicosaldesnudo.com.mx\/index.php\/wp-json\/wp\/v2\/media\/45454"}],"wp:attachment":[{"href":"https:\/\/politicosaldesnudo.com.mx\/index.php\/wp-json\/wp\/v2\/media?parent=45453"}],"wp:term":[{"taxonomy":"category","embeddable":true,"href":"https:\/\/politicosaldesnudo.com.mx\/index.php\/wp-json\/wp\/v2\/categories?post=45453"},{"taxonomy":"post_tag","embeddable":true,"href":"https:\/\/politicosaldesnudo.com.mx\/index.php\/wp-json\/wp\/v2\/tags?post=45453"}],"curies":[{"name":"wp","href":"https:\/\/api.w.org\/{rel}","templated":true}]}}