{"id":45459,"date":"2024-09-03T05:04:43","date_gmt":"2024-09-03T10:04:43","guid":{"rendered":"https:\/\/politicosaldesnudo.com.mx\/?p=45459"},"modified":"2024-09-02T21:01:06","modified_gmt":"2024-09-03T02:01:06","slug":"sume-colabora-con-gobiernos-de-monterrey-y-san-pedro-garza-garcia-para-impulsar-edificaciones-sustentables","status":"publish","type":"post","link":"https:\/\/politicosaldesnudo.com.mx\/index.php\/2024\/09\/03\/sume-colabora-con-gobiernos-de-monterrey-y-san-pedro-garza-garcia-para-impulsar-edificaciones-sustentables\/","title":{"rendered":"SUMe colabora con gobiernos de Monterrey y San Pedro Garza Garc\u00eda para impulsar edificaciones sustentables"},"content":{"rendered":"<div>\n<p><span style=\"font-size: 14pt;\">El presidente de Sustentabilidad para M\u00e9xico (SUMe), Ricardo Bussey, destac\u00f3 que Nuevo Le\u00f3n es un mercado din\u00e1mico en t\u00e9rminos de sustentabilidad, y han participado en algunos ejercicios. En Monterrey el enfoque ha sido en eficiencia energ\u00e9tica y en San Pedro Garza Garc\u00eda se trabaja en una ruta de descarbonizaci\u00f3n.\u00a0<\/span><\/p>\n<\/div>\n<div>\n<div>\n<div><span style=\"font-size: 14pt;\">La organizaci\u00f3n Sustentabilidad para M\u00e9xico\u00a0(SUMe) ha colaborado con los gobiernos municipales de Monterrey y San Pedro Garza Garc\u00eda para promover edificaciones sustentables. En Monterrey, el enfoque ha sido en la eficiencia energ\u00e9tica, mientras que San Pedro Garza Garc\u00eda ha trabajado en una ruta de descarbonizaci\u00f3n, coment\u00f3 a El Economista, Ricardo Bussey Garc\u00eda, presidente de SUMe.<\/span><\/div>\n<\/div>\n<div>\n<div id=\"readNote\">\n<div>\n<p><span style=\"font-size: 14pt;\">SUMe es una asociaci\u00f3n que agrupa a diversas organizaciones del sector privado, p\u00fablico, sociedad civil e internacionales comprometidas con la sustentabilidad en M\u00e9xico.<\/span><\/p>\n<\/div>\n<\/div>\n<\/div>\n<\/div>\n","protected":false},"excerpt":{"rendered":"<p>El presidente de Sustentabilidad para M\u00e9xico (SUMe), Ricardo Bussey, destac\u00f3 que Nuevo Le\u00f3n es un mercado din\u00e1mico en t\u00e9rminos de<\/p>\n","protected":false},"author":4,"featured_media":45460,"comment_status":"closed","ping_status":"closed","sticky":false,"template":"","format":"standard","meta":{"colormag_page_container_layout":"default_layout","colormag_page_sidebar_layout":"default_layout","_jetpack_memberships_contains_paid_content":false,"footnotes":"","jetpack_publicize_message":"","jetpack_publicize_feature_enabled":true,"jetpack_social_post_already_shared":false,"jetpack_social_options":{"image_generator_settings":{"template":"highway","default_image_id":0,"font":"","enabled":false},"version":2}},"categories":[30],"tags":[],"class_list":["post-45459","post","type-post","status-publish","format-standard","has-post-thumbnail","hentry","category-estados"],"jetpack_publicize_connections":[],"jetpack_featured_media_url":"https:\/\/i0.wp.com\/politicosaldesnudo.com.mx\/wp-content\/uploads\/2024\/09\/monterrey_panoramica_reuters.jpg_554688468.jpg?fit=1200%2C675&ssl=1","jetpack-related-posts":[],"jetpack_sharing_enabled":true,"_links":{"self":[{"href":"https:\/\/politicosaldesnudo.com.mx\/index.php\/wp-json\/wp\/v2\/posts\/45459","targetHints":{"allow":["GET"]}}],"collection":[{"href":"https:\/\/politicosaldesnudo.com.mx\/index.php\/wp-json\/wp\/v2\/posts"}],"about":[{"href":"https:\/\/politicosaldesnudo.com.mx\/index.php\/wp-json\/wp\/v2\/types\/post"}],"author":[{"embeddable":true,"href":"https:\/\/politicosaldesnudo.com.mx\/index.php\/wp-json\/wp\/v2\/users\/4"}],"replies":[{"embeddable":true,"href":"https:\/\/politicosaldesnudo.com.mx\/index.php\/wp-json\/wp\/v2\/comments?post=45459"}],"version-history":[{"count":0,"href":"https:\/\/politicosaldesnudo.com.mx\/index.php\/wp-json\/wp\/v2\/posts\/45459\/revisions"}],"wp:featuredmedia":[{"embeddable":true,"href":"https:\/\/politicosaldesnudo.com.mx\/index.php\/wp-json\/wp\/v2\/media\/45460"}],"wp:attachment":[{"href":"https:\/\/politicosaldesnudo.com.mx\/index.php\/wp-json\/wp\/v2\/media?parent=45459"}],"wp:term":[{"taxonomy":"category","embeddable":true,"href":"https:\/\/politicosaldesnudo.com.mx\/index.php\/wp-json\/wp\/v2\/categories?post=45459"},{"taxonomy":"post_tag","embeddable":true,"href":"https:\/\/politicosaldesnudo.com.mx\/index.php\/wp-json\/wp\/v2\/tags?post=45459"}],"curies":[{"name":"wp","href":"https:\/\/api.w.org\/{rel}","templated":true}]}}