{"id":45465,"date":"2024-09-03T05:06:53","date_gmt":"2024-09-03T10:06:53","guid":{"rendered":"https:\/\/politicosaldesnudo.com.mx\/?p=45465"},"modified":"2024-09-02T21:05:11","modified_gmt":"2024-09-03T02:05:11","slug":"en-puebla-falta-de-acuerdo-salarial-en-volkswagen-sin-afectar-mision-comercial-a-alemania-cespedes","status":"publish","type":"post","link":"https:\/\/politicosaldesnudo.com.mx\/index.php\/2024\/09\/03\/en-puebla-falta-de-acuerdo-salarial-en-volkswagen-sin-afectar-mision-comercial-a-alemania-cespedes\/","title":{"rendered":"En Puebla, falta de acuerdo salarial en Volkswagen, sin afectar misi\u00f3n comercial a Alemania: C\u00e9spedes"},"content":{"rendered":"<div>\n<p><span style=\"font-size: 14pt;\">El viernes pasado, los sindicalizados rechazaron un\u00a0incremento salarial del 10.59% entre la armadora y la representaci\u00f3n de los basificados.<\/span><\/p>\n<\/div>\n<div>\n<div>\n<div><span style=\"font-size: 14pt;\">La falta de acuerdo salarial entre Volkswagen de M\u00e9xico y su sindicato, no afectar\u00e1 la misi\u00f3n comercial prevista a Alemania a partir del mi\u00e9rcoles pr\u00f3ximo, sostuvo el gobernador Sergio Salom\u00f3n C\u00e9spedes Peregrina, al resaltar que buscan atraer inversiones por 2,100 millones de d\u00f3lares para los pr\u00f3ximos tres a\u00f1os.<\/span><\/div>\n<\/div>\n<div>\n<div id=\"readNote\">\n<div>\n<p><span style=\"font-size: 14pt;\">Indic\u00f3 que al ser un tema en manos de la\u00a0Secretar\u00eda del Trabajo y Previsi\u00f3n Social\u00a0federal, la administraci\u00f3n estatal se mantiene ajena y respetuosa de la negociaci\u00f3n, pero s\u00ed dese\u00f3 que haya una pronta soluci\u00f3n que beneficie a ambas partes.<\/span><\/p>\n<\/div>\n<\/div>\n<\/div>\n<\/div>\n","protected":false},"excerpt":{"rendered":"<p>El viernes pasado, los sindicalizados rechazaron un\u00a0incremento salarial del 10.59% entre la armadora y la representaci\u00f3n de los basificados. La<\/p>\n","protected":false},"author":4,"featured_media":45466,"comment_status":"closed","ping_status":"closed","sticky":false,"template":"","format":"standard","meta":{"colormag_page_container_layout":"default_layout","colormag_page_sidebar_layout":"default_layout","_jetpack_memberships_contains_paid_content":false,"footnotes":"","jetpack_publicize_message":"","jetpack_publicize_feature_enabled":true,"jetpack_social_post_already_shared":false,"jetpack_social_options":{"image_generator_settings":{"template":"highway","default_image_id":0,"font":"","enabled":false},"version":2}},"categories":[30],"tags":[],"class_list":["post-45465","post","type-post","status-publish","format-standard","has-post-thumbnail","hentry","category-estados"],"jetpack_publicize_connections":[],"jetpack_featured_media_url":"https:\/\/i0.wp.com\/politicosaldesnudo.com.mx\/wp-content\/uploads\/2024\/09\/vw_puebla.jpg_270939306.jpg?fit=1200%2C750&ssl=1","jetpack-related-posts":[],"jetpack_sharing_enabled":true,"_links":{"self":[{"href":"https:\/\/politicosaldesnudo.com.mx\/index.php\/wp-json\/wp\/v2\/posts\/45465","targetHints":{"allow":["GET"]}}],"collection":[{"href":"https:\/\/politicosaldesnudo.com.mx\/index.php\/wp-json\/wp\/v2\/posts"}],"about":[{"href":"https:\/\/politicosaldesnudo.com.mx\/index.php\/wp-json\/wp\/v2\/types\/post"}],"author":[{"embeddable":true,"href":"https:\/\/politicosaldesnudo.com.mx\/index.php\/wp-json\/wp\/v2\/users\/4"}],"replies":[{"embeddable":true,"href":"https:\/\/politicosaldesnudo.com.mx\/index.php\/wp-json\/wp\/v2\/comments?post=45465"}],"version-history":[{"count":0,"href":"https:\/\/politicosaldesnudo.com.mx\/index.php\/wp-json\/wp\/v2\/posts\/45465\/revisions"}],"wp:featuredmedia":[{"embeddable":true,"href":"https:\/\/politicosaldesnudo.com.mx\/index.php\/wp-json\/wp\/v2\/media\/45466"}],"wp:attachment":[{"href":"https:\/\/politicosaldesnudo.com.mx\/index.php\/wp-json\/wp\/v2\/media?parent=45465"}],"wp:term":[{"taxonomy":"category","embeddable":true,"href":"https:\/\/politicosaldesnudo.com.mx\/index.php\/wp-json\/wp\/v2\/categories?post=45465"},{"taxonomy":"post_tag","embeddable":true,"href":"https:\/\/politicosaldesnudo.com.mx\/index.php\/wp-json\/wp\/v2\/tags?post=45465"}],"curies":[{"name":"wp","href":"https:\/\/api.w.org\/{rel}","templated":true}]}}