{"id":45468,"date":"2024-09-03T05:07:59","date_gmt":"2024-09-03T10:07:59","guid":{"rendered":"https:\/\/politicosaldesnudo.com.mx\/?p=45468"},"modified":"2024-09-02T21:07:08","modified_gmt":"2024-09-03T02:07:08","slug":"udeg-ofertara-carrera-de-ingenieria-en-electromovilidad-y-autotronica","status":"publish","type":"post","link":"https:\/\/politicosaldesnudo.com.mx\/index.php\/2024\/09\/03\/udeg-ofertara-carrera-de-ingenieria-en-electromovilidad-y-autotronica\/","title":{"rendered":"UdeG ofertar\u00e1 carrera de ingenier\u00eda en electromovilidad y autotr\u00f3nica"},"content":{"rendered":"<div>\n<p><span style=\"font-size: 14pt;\">La Universidad de Guadalajara egresa 1,700 ingenieros por a\u00f1o y es la instituci\u00f3n que m\u00e1s profesionales aporta al cl\u00faster de alta tecnolog\u00eda.<\/span><\/p>\n<\/div>\n<div>\n<div>\n<div><span style=\"font-size: 14pt;\">Para atender la alta demanda de ingenieros especializados, sobre todo en la\u00a0industria automotriz el\u00e9ctrica, la Universidad de Guadalajara (UdeG) incluir\u00e1 en su oferta acad\u00e9mica la primera\u00a0ingenier\u00eda en electromovilidad y autotr\u00f3nica\u00a0que iniciar\u00e1 en enero pr\u00f3ximo.<\/span><\/div>\n<\/div>\n<div>\n<div id=\"readNote\">\n<div>\n<p><span style=\"font-size: 14pt;\">\u00abLa idea es que aperture en enero y ahora en septiembre tiene que estar ya en el cat\u00e1logo de carreras elegibles de la Universidad de Guadalajara\u00bb, se\u00f1al\u00f3 a El Economista, el rector del\u00a0Centro Universitario de Ciencias Exactas e Ingenier\u00edas\u00a0(CUCEI), Marco Antonio P\u00e9rez Cisneros.<\/span><\/p>\n<\/div>\n<\/div>\n<\/div>\n<\/div>\n","protected":false},"excerpt":{"rendered":"<p>La Universidad de Guadalajara egresa 1,700 ingenieros por a\u00f1o y es la instituci\u00f3n que m\u00e1s profesionales aporta al cl\u00faster de<\/p>\n","protected":false},"author":4,"featured_media":45469,"comment_status":"closed","ping_status":"closed","sticky":false,"template":"","format":"standard","meta":{"colormag_page_container_layout":"default_layout","colormag_page_sidebar_layout":"default_layout","_jetpack_memberships_contains_paid_content":false,"footnotes":"","jetpack_publicize_message":"","jetpack_publicize_feature_enabled":true,"jetpack_social_post_already_shared":false,"jetpack_social_options":{"image_generator_settings":{"template":"highway","default_image_id":0,"font":"","enabled":false},"version":2}},"categories":[30],"tags":[],"class_list":["post-45468","post","type-post","status-publish","format-standard","has-post-thumbnail","hentry","category-estados"],"jetpack_publicize_connections":[],"jetpack_featured_media_url":"https:\/\/i0.wp.com\/politicosaldesnudo.com.mx\/wp-content\/uploads\/2024\/09\/electromovilidad_especial_-min.png_554688468.png?fit=1200%2C675&ssl=1","jetpack-related-posts":[],"jetpack_sharing_enabled":true,"_links":{"self":[{"href":"https:\/\/politicosaldesnudo.com.mx\/index.php\/wp-json\/wp\/v2\/posts\/45468","targetHints":{"allow":["GET"]}}],"collection":[{"href":"https:\/\/politicosaldesnudo.com.mx\/index.php\/wp-json\/wp\/v2\/posts"}],"about":[{"href":"https:\/\/politicosaldesnudo.com.mx\/index.php\/wp-json\/wp\/v2\/types\/post"}],"author":[{"embeddable":true,"href":"https:\/\/politicosaldesnudo.com.mx\/index.php\/wp-json\/wp\/v2\/users\/4"}],"replies":[{"embeddable":true,"href":"https:\/\/politicosaldesnudo.com.mx\/index.php\/wp-json\/wp\/v2\/comments?post=45468"}],"version-history":[{"count":0,"href":"https:\/\/politicosaldesnudo.com.mx\/index.php\/wp-json\/wp\/v2\/posts\/45468\/revisions"}],"wp:featuredmedia":[{"embeddable":true,"href":"https:\/\/politicosaldesnudo.com.mx\/index.php\/wp-json\/wp\/v2\/media\/45469"}],"wp:attachment":[{"href":"https:\/\/politicosaldesnudo.com.mx\/index.php\/wp-json\/wp\/v2\/media?parent=45468"}],"wp:term":[{"taxonomy":"category","embeddable":true,"href":"https:\/\/politicosaldesnudo.com.mx\/index.php\/wp-json\/wp\/v2\/categories?post=45468"},{"taxonomy":"post_tag","embeddable":true,"href":"https:\/\/politicosaldesnudo.com.mx\/index.php\/wp-json\/wp\/v2\/tags?post=45468"}],"curies":[{"name":"wp","href":"https:\/\/api.w.org\/{rel}","templated":true}]}}