{"id":45476,"date":"2024-09-03T05:09:33","date_gmt":"2024-09-03T10:09:33","guid":{"rendered":"https:\/\/politicosaldesnudo.com.mx\/?p=45476"},"modified":"2024-09-02T21:28:42","modified_gmt":"2024-09-03T02:28:42","slug":"especialistas-moderan-de-nuevo-sus-previsiones-para-el-pib-y-las-suben-para-la-inflacion","status":"publish","type":"post","link":"https:\/\/politicosaldesnudo.com.mx\/index.php\/2024\/09\/03\/especialistas-moderan-de-nuevo-sus-previsiones-para-el-pib-y-las-suben-para-la-inflacion\/","title":{"rendered":"Especialistas moderan de nuevo sus previsiones para el PIB y las suben para la inflaci\u00f3n"},"content":{"rendered":"<div>\n<p><span style=\"font-size: 14pt;\">Especialistas del sector privado encuestados por Banxico, volvieron a ajustar a la baja sus pron\u00f3sticos de crecimiento del PIB\u00a0para este a\u00f1o y el pr\u00f3ximo y elevaron su expectativas de inflaci\u00f3n para 2024.<\/span><\/p>\n<\/div>\n<div>\n<div>\n<div><span style=\"font-size: 14pt;\">Especialistas del sector privado encuestados por Banco de M\u00e9xico\u00a0(Banxico), volvieron a ajustar a la baja sus\u00a0pron\u00f3sticos de crecimiento del Producto Interno Bruto\u00a0(PIB) para este a\u00f1o y el pr\u00f3ximo y elevaron su expectativas de inflaci\u00f3n para 2024.<\/span><\/div>\n<\/div>\n<div>\n<div id=\"readNote\">\n<div>\n<p><span style=\"font-size: 14pt;\">En la encuesta de este mes, anticipan que la econom\u00eda mexicana registrar\u00e1 un avance de 1.57% en el PIB de este a\u00f1o y rebajaron a 1.48% su pron\u00f3stico para el primer a\u00f1o de gobierno de\u00a0Claudia Sheinbaum.<\/span><\/p>\n<\/div>\n<\/div>\n<\/div>\n<\/div>\n","protected":false},"excerpt":{"rendered":"<p>Especialistas del sector privado encuestados por Banxico, volvieron a ajustar a la baja sus pron\u00f3sticos de crecimiento del PIB\u00a0para este<\/p>\n","protected":false},"author":4,"featured_media":45477,"comment_status":"closed","ping_status":"closed","sticky":false,"template":"","format":"standard","meta":{"colormag_page_container_layout":"default_layout","colormag_page_sidebar_layout":"default_layout","_jetpack_memberships_contains_paid_content":false,"footnotes":"","jetpack_publicize_message":"","jetpack_publicize_feature_enabled":true,"jetpack_social_post_already_shared":false,"jetpack_social_options":{"image_generator_settings":{"template":"highway","default_image_id":0,"font":"","enabled":false},"version":2}},"categories":[2050],"tags":[],"class_list":["post-45476","post","type-post","status-publish","format-standard","has-post-thumbnail","hentry","category-economia"],"jetpack_publicize_connections":[],"jetpack_featured_media_url":"https:\/\/i0.wp.com\/politicosaldesnudo.com.mx\/wp-content\/uploads\/2024\/09\/minutas-del-banxico-revelan-desacuerdos-sobre-la-baja-de-tasas-de-interexs.jpg_554688468.jpg?fit=1200%2C675&ssl=1","jetpack-related-posts":[],"jetpack_sharing_enabled":true,"_links":{"self":[{"href":"https:\/\/politicosaldesnudo.com.mx\/index.php\/wp-json\/wp\/v2\/posts\/45476","targetHints":{"allow":["GET"]}}],"collection":[{"href":"https:\/\/politicosaldesnudo.com.mx\/index.php\/wp-json\/wp\/v2\/posts"}],"about":[{"href":"https:\/\/politicosaldesnudo.com.mx\/index.php\/wp-json\/wp\/v2\/types\/post"}],"author":[{"embeddable":true,"href":"https:\/\/politicosaldesnudo.com.mx\/index.php\/wp-json\/wp\/v2\/users\/4"}],"replies":[{"embeddable":true,"href":"https:\/\/politicosaldesnudo.com.mx\/index.php\/wp-json\/wp\/v2\/comments?post=45476"}],"version-history":[{"count":0,"href":"https:\/\/politicosaldesnudo.com.mx\/index.php\/wp-json\/wp\/v2\/posts\/45476\/revisions"}],"wp:featuredmedia":[{"embeddable":true,"href":"https:\/\/politicosaldesnudo.com.mx\/index.php\/wp-json\/wp\/v2\/media\/45477"}],"wp:attachment":[{"href":"https:\/\/politicosaldesnudo.com.mx\/index.php\/wp-json\/wp\/v2\/media?parent=45476"}],"wp:term":[{"taxonomy":"category","embeddable":true,"href":"https:\/\/politicosaldesnudo.com.mx\/index.php\/wp-json\/wp\/v2\/categories?post=45476"},{"taxonomy":"post_tag","embeddable":true,"href":"https:\/\/politicosaldesnudo.com.mx\/index.php\/wp-json\/wp\/v2\/tags?post=45476"}],"curies":[{"name":"wp","href":"https:\/\/api.w.org\/{rel}","templated":true}]}}