{"id":45499,"date":"2024-09-03T05:17:28","date_gmt":"2024-09-03T10:17:28","guid":{"rendered":"https:\/\/politicosaldesnudo.com.mx\/?p=45499"},"modified":"2024-09-02T21:54:13","modified_gmt":"2024-09-03T02:54:13","slug":"en-tuxpan-promueven-salud-mental","status":"publish","type":"post","link":"https:\/\/politicosaldesnudo.com.mx\/index.php\/2024\/09\/03\/en-tuxpan-promueven-salud-mental\/","title":{"rendered":"En Tuxpan promueven salud mental"},"content":{"rendered":"<p><span style=\"font-size: 14pt;\">Con la finalidad de promover la salud mental, personal de la Jurisdicci\u00f3n Sanitaria N\u00famero II con sede en Tuxpan lleva a cabo m\u00f3dulos y brigadas en diversas comunidades y escuelas del municipio las cuales corresponden a una estrategia nacional de prevenci\u00f3n del suicidio.\u00a0<\/span><\/p>\n<p><span style=\"font-size: 14pt;\">Rosalinda Sequera, Responsable del Programa, se\u00f1al\u00f3 que ser\u00e1 en pr\u00f3ximos d\u00edas cuando las brigadas se lleven a cabo en escuelas como la Secundaria T\u00e9cnica Pesquera, el Plantel CONALEP, as\u00ed como en diversos telebachilleratos del municipio de Tuxpan y posteriormente en otros municipios correspondientes a la jurisdicci\u00f3n para identificar las personas que requieran de estos servicios de salud.<\/span><\/p>\n<p><span style=\"font-size: 14pt;\">En la campa\u00f1a participa personal del DIF municipal, la Jurisdicci\u00f3n Sanitaria y el IMSS Bienestar la cual busca concientizar sobre la importancia de atender la salud mental en la poblaci\u00f3n tuxpe\u00f1a.<\/span><\/p>\n<p><span style=\"font-size: 14pt;\">As\u00ed mismo, exhort\u00f3 a la poblaci\u00f3n que necesite obtener la atenci\u00f3n a acercarse a las oficinas del DIF municipal o bien en los diferentes centros de salud de la jurisdicci\u00f3n para ser canalizada a la unidad medica y profesional correspondiente.\u00a0<\/span><\/p>\n","protected":false},"excerpt":{"rendered":"<p>Con la finalidad de promover la salud mental, personal de la Jurisdicci\u00f3n Sanitaria N\u00famero II con sede en Tuxpan lleva<\/p>\n","protected":false},"author":4,"featured_media":45500,"comment_status":"closed","ping_status":"closed","sticky":false,"template":"","format":"standard","meta":{"colormag_page_container_layout":"default_layout","colormag_page_sidebar_layout":"default_layout","_jetpack_memberships_contains_paid_content":false,"footnotes":"","jetpack_publicize_message":"","jetpack_publicize_feature_enabled":true,"jetpack_social_post_already_shared":false,"jetpack_social_options":{"image_generator_settings":{"template":"highway","default_image_id":0,"font":"","enabled":false},"version":2}},"categories":[1082],"tags":[],"class_list":["post-45499","post","type-post","status-publish","format-standard","has-post-thumbnail","hentry","category-tuxpan"],"jetpack_publicize_connections":[],"jetpack_featured_media_url":"https:\/\/i0.wp.com\/politicosaldesnudo.com.mx\/wp-content\/uploads\/2024\/09\/en-tuxpan-promueven-salud-mental-547490.jpeg?fit=800%2C600&ssl=1","jetpack-related-posts":[],"jetpack_sharing_enabled":true,"_links":{"self":[{"href":"https:\/\/politicosaldesnudo.com.mx\/index.php\/wp-json\/wp\/v2\/posts\/45499","targetHints":{"allow":["GET"]}}],"collection":[{"href":"https:\/\/politicosaldesnudo.com.mx\/index.php\/wp-json\/wp\/v2\/posts"}],"about":[{"href":"https:\/\/politicosaldesnudo.com.mx\/index.php\/wp-json\/wp\/v2\/types\/post"}],"author":[{"embeddable":true,"href":"https:\/\/politicosaldesnudo.com.mx\/index.php\/wp-json\/wp\/v2\/users\/4"}],"replies":[{"embeddable":true,"href":"https:\/\/politicosaldesnudo.com.mx\/index.php\/wp-json\/wp\/v2\/comments?post=45499"}],"version-history":[{"count":0,"href":"https:\/\/politicosaldesnudo.com.mx\/index.php\/wp-json\/wp\/v2\/posts\/45499\/revisions"}],"wp:featuredmedia":[{"embeddable":true,"href":"https:\/\/politicosaldesnudo.com.mx\/index.php\/wp-json\/wp\/v2\/media\/45500"}],"wp:attachment":[{"href":"https:\/\/politicosaldesnudo.com.mx\/index.php\/wp-json\/wp\/v2\/media?parent=45499"}],"wp:term":[{"taxonomy":"category","embeddable":true,"href":"https:\/\/politicosaldesnudo.com.mx\/index.php\/wp-json\/wp\/v2\/categories?post=45499"},{"taxonomy":"post_tag","embeddable":true,"href":"https:\/\/politicosaldesnudo.com.mx\/index.php\/wp-json\/wp\/v2\/tags?post=45499"}],"curies":[{"name":"wp","href":"https:\/\/api.w.org\/{rel}","templated":true}]}}