{"id":45519,"date":"2024-09-04T05:31:38","date_gmt":"2024-09-04T10:31:38","guid":{"rendered":"https:\/\/politicosaldesnudo.com.mx\/?p=45519"},"modified":"2024-09-03T22:32:17","modified_gmt":"2024-09-04T03:32:17","slug":"asesinan-a-taxista-en-la-zona-centro-de-tuxpan","status":"publish","type":"post","link":"https:\/\/politicosaldesnudo.com.mx\/index.php\/2024\/09\/04\/asesinan-a-taxista-en-la-zona-centro-de-tuxpan\/","title":{"rendered":"Asesinan a taxista en la zona Centro de Tuxpan"},"content":{"rendered":"<p><span style=\"font-size: 14pt;\">La ma\u00f1ana de este martes se report\u00f3 el asesinato de un taxista mientras se encontraba estacionado en la Avenida Cuitl\u00e1huac.<\/span><\/p>\n<p><span style=\"font-size: 14pt;\">De acuerdo al reporte, fue alrededor de las 6:50 de la ma\u00f1ana sobre la Avenida Cuitl\u00e1huac de la zona Centro entre las calles Z\u00f3simo P\u00e9rez y Hern\u00e1ndez y Hern\u00e1ndez.<\/span><\/p>\n<p><span style=\"font-size: 14pt;\">El trabajador del volante fue asesinado con arma de fuego, cuyas detonaciones alertaron a los vecinos del lugar. La v\u00edctima qued\u00f3 al interior del taxi n\u00famero econ\u00f3mico 579 con matricula A837XFU del Estado de Veracruz el cual fue puesto a disposici\u00f3n de las autoridades.<\/span><\/p>\n<p><span style=\"font-size: 14pt;\">Al lugar arribaron autoridades de Seguridad y de la Fiscal\u00eda para tomar conocimiento de los hechos, toda vez que la v\u00edctima se mantiene en identidad resguardada y fue trasladada al SEMEFO para el protocolo correspondiente.<\/span><\/p>\n<p><span style=\"font-size: 14pt;\">Se investiga el m\u00f3vil y a los posibles responsables.<\/span><\/p>\n","protected":false},"excerpt":{"rendered":"<p>La ma\u00f1ana de este martes se report\u00f3 el asesinato de un taxista mientras se encontraba estacionado en la Avenida Cuitl\u00e1huac.<\/p>\n","protected":false},"author":4,"featured_media":45520,"comment_status":"closed","ping_status":"closed","sticky":false,"template":"","format":"standard","meta":{"colormag_page_container_layout":"default_layout","colormag_page_sidebar_layout":"default_layout","_jetpack_memberships_contains_paid_content":false,"footnotes":"","jetpack_publicize_message":"","jetpack_publicize_feature_enabled":true,"jetpack_social_post_already_shared":false,"jetpack_social_options":{"image_generator_settings":{"template":"highway","default_image_id":0,"font":"","enabled":false},"version":2}},"categories":[1082],"tags":[],"class_list":["post-45519","post","type-post","status-publish","format-standard","has-post-thumbnail","hentry","category-tuxpan"],"jetpack_publicize_connections":[],"jetpack_featured_media_url":"https:\/\/i0.wp.com\/politicosaldesnudo.com.mx\/wp-content\/uploads\/2024\/09\/asesinan-a-taxista-en-la-zona-centro-de-tuxpan-547827.jpeg?fit=800%2C600&ssl=1","jetpack-related-posts":[],"jetpack_sharing_enabled":true,"_links":{"self":[{"href":"https:\/\/politicosaldesnudo.com.mx\/index.php\/wp-json\/wp\/v2\/posts\/45519","targetHints":{"allow":["GET"]}}],"collection":[{"href":"https:\/\/politicosaldesnudo.com.mx\/index.php\/wp-json\/wp\/v2\/posts"}],"about":[{"href":"https:\/\/politicosaldesnudo.com.mx\/index.php\/wp-json\/wp\/v2\/types\/post"}],"author":[{"embeddable":true,"href":"https:\/\/politicosaldesnudo.com.mx\/index.php\/wp-json\/wp\/v2\/users\/4"}],"replies":[{"embeddable":true,"href":"https:\/\/politicosaldesnudo.com.mx\/index.php\/wp-json\/wp\/v2\/comments?post=45519"}],"version-history":[{"count":0,"href":"https:\/\/politicosaldesnudo.com.mx\/index.php\/wp-json\/wp\/v2\/posts\/45519\/revisions"}],"wp:featuredmedia":[{"embeddable":true,"href":"https:\/\/politicosaldesnudo.com.mx\/index.php\/wp-json\/wp\/v2\/media\/45520"}],"wp:attachment":[{"href":"https:\/\/politicosaldesnudo.com.mx\/index.php\/wp-json\/wp\/v2\/media?parent=45519"}],"wp:term":[{"taxonomy":"category","embeddable":true,"href":"https:\/\/politicosaldesnudo.com.mx\/index.php\/wp-json\/wp\/v2\/categories?post=45519"},{"taxonomy":"post_tag","embeddable":true,"href":"https:\/\/politicosaldesnudo.com.mx\/index.php\/wp-json\/wp\/v2\/tags?post=45519"}],"curies":[{"name":"wp","href":"https:\/\/api.w.org\/{rel}","templated":true}]}}