{"id":45534,"date":"2024-09-04T07:52:54","date_gmt":"2024-09-04T12:52:54","guid":{"rendered":"https:\/\/politicosaldesnudo.com.mx\/?p=45534"},"modified":"2024-09-04T07:52:54","modified_gmt":"2024-09-04T12:52:54","slug":"la-dictadura-de-estolidez","status":"publish","type":"post","link":"https:\/\/politicosaldesnudo.com.mx\/index.php\/2024\/09\/04\/la-dictadura-de-estolidez\/","title":{"rendered":"La dictadura de estolidez"},"content":{"rendered":"<p><span style=\"font-size: 14pt;\"><strong>Por Aurelio Contreras Moreno<\/strong><\/span><\/p>\n<p><span style=\"font-size: 14pt;\">Los acontecimientos alrededor del al parecer inevitable declive de la Rep\u00fablica y la divisi\u00f3n de poderes que significa la reforma judicial, mantienen en estado de tensi\u00f3n a un pa\u00eds dividido y al mismo tiempo, han sacado a la luz las expresiones m\u00e1s primarias y rufianescas de la neoclase gobernante.<\/span><\/p>\n<p><span style=\"font-size: 14pt;\">Tras la captura de los \u00f3rganos electorales que le regalaron una sobrerrepresentaci\u00f3n ileg\u00edtima en el Congreso de la Uni\u00f3n, el obradorato en el poder est\u00e1 fuera de control y siente que no hay l\u00edmites para hacer con el pa\u00eds lo que quiera, bajo la falacia de que cualquier cosa que desee hacer \u2013hasta la m\u00e1s absurda- cuenta con el respaldo del \u201cmandato popular\u201d.<\/span><\/p>\n<p><span style=\"font-size: 14pt;\">Mientras ante miles de personas que le vitorean el presidente miente con desparpajo sobre un sistema de salud \u2013quiz\u00e1s el m\u00e1s grande y criminal de sus fracasos- \u201cmejor\u201d que el de Dinamarca, los pol\u00edticos de la mal llamada \u201ccuarta transformaci\u00f3n\u201d se solazan en una borrachera de poder en la que desprecian cualquier voz, cualquier alerta que pueda despertarlos de una juerga que creen interminable y en la que pueden pasar por encima de quien sea y de lo que sea. Incluida la fr\u00e1gil legalidad que est\u00e1 a punto de extinguirse para transformarse en un autoritarismo delirante.<\/span><\/p>\n<p><span style=\"font-size: 14pt;\">No hay norma que los afecte ni protocolo que les importe. Mucho menos, protesta que los conmueva. Al m\u00e1s puro estilo salinista, Morena y aliados no ven ni oyen a nadie que no sean ellos mismos. Y si surge un movimiento opositor a sus caprichos que represente alguna amenaza \u2013aunque sea solo simb\u00f3lica, como la de los estudiantes que rechazan la reforma judicial-, lo denigran, lo estigmatizan e incluso lo esquirolean. Para este mismo martes estar\u00e1n movilizando j\u00f3venes en todo el pa\u00eds para contrarrestar las marchas estudiantiles del pasado fin de semana. Porque pueden y tienen los recursos \u2013p\u00fablicos- para hacerlo.<\/span><\/p>\n<p><span style=\"font-size: 14pt;\">Como se preve\u00eda, en el Congreso de la Uni\u00f3n habr\u00e1 un di\u00e1logo de sordos y el Poder Legislativo se convertir\u00e1 en una mera y vergonzosa oficial\u00eda de partes para dar tr\u00e1mite a los intereses del Ejecutivo, que no a los de la ciudadan\u00eda que, entre tanto, pareciera mantenerse en una especie de estado catat\u00f3nico, desesperantemente absorta en contenidos basura como \u201cLa casa de los famosos\u201d que la mantienen \u201cnarcotizada\u201d y fuera de una realidad cuya magnitud no ha dimensionado todav\u00eda, pero que la va a alcanzar m\u00e1s temprano que tarde. Y cuando ya no haya marcha atr\u00e1s.<\/span><\/p>\n<p><span style=\"font-size: 14pt;\">Las redes sociales se han convertido en un campo de batallas sin final ni sentido, donde la raz\u00f3n ha sido desterrada y sustituida por el insulto, la descalificaci\u00f3n tramposa, la ignorancia y la perversi\u00f3n del sentido de la realidad, en un af\u00e1n por imponer narrativas dominantes pero, finalmente, falsas, en las que no cabe la pluralidad de ideas ni la libertad para expresarlas.<\/span><\/p>\n<p><span style=\"font-size: 14pt;\">La pantomima de la supuesta \u201ctransformaci\u00f3n\u201d ha llegado a tal grado, que el obradorato pretende incluso imponer una concepci\u00f3n torcida sobre lo que llama \u201cperiodismo independiente\u201d mediante textoservidores, amanuenses y principalmente bufones que, sin temor al rid\u00edculo, aplauden rabiosos al poder que les retribuye su servilismo con huevos fr\u00edos y pan aguado. Porque no se merecen m\u00e1s y as\u00ed los tratan.<\/span><\/p>\n<p><span style=\"font-size: 14pt;\">El nuevo r\u00e9gimen no iniciar\u00e1 hasta que asuma el poder Claudia Sheinbaum el 1 de octubre. Comenzar\u00e1 en cuanto se apruebe la reforma judicial \u2013muy probablemente, este mismo martes- y desaparezca el pa\u00eds que se construy\u00f3 en las \u00faltimas tres d\u00e9cadas, las de una transici\u00f3n democr\u00e1tica que ha sido derrotada por los verdaderos \u201cemisarios del pasado\u201d (Luis Echeverr\u00eda dixit, para estar a tono).<\/span><\/p>\n<p><span style=\"font-size: 14pt;\">Asistimos al comienzo de la dictadura de la estolidez, la sinraz\u00f3n y el disparate, que amenaza con ser m\u00e1s violenta, m\u00e1s antidemocr\u00e1tica, m\u00e1s autoritaria y m\u00e1s perniciosa que la vieja \u201cdictadura perfecta\u201d.<\/span><\/p>\n<p><span style=\"font-size: 14pt;\">All\u00e1 los que quieran seguir aplaudiendo.<\/span><\/p>\n","protected":false},"excerpt":{"rendered":"<p>Por Aurelio Contreras Moreno Los acontecimientos alrededor del al parecer inevitable declive de la Rep\u00fablica y la divisi\u00f3n de poderes<\/p>\n","protected":false},"author":4,"featured_media":45535,"comment_status":"closed","ping_status":"closed","sticky":false,"template":"","format":"standard","meta":{"colormag_page_container_layout":"default_layout","colormag_page_sidebar_layout":"default_layout","_jetpack_memberships_contains_paid_content":false,"footnotes":"","jetpack_publicize_message":"","jetpack_publicize_feature_enabled":true,"jetpack_social_post_already_shared":false,"jetpack_social_options":{"image_generator_settings":{"template":"highway","default_image_id":0,"font":"","enabled":false},"version":2}},"categories":[26],"tags":[],"class_list":["post-45534","post","type-post","status-publish","format-standard","has-post-thumbnail","hentry","category-columnistas"],"jetpack_publicize_connections":[],"jetpack_featured_media_url":"https:\/\/i0.wp.com\/politicosaldesnudo.com.mx\/wp-content\/uploads\/2024\/09\/RUBICA.jpg?fit=800%2C445&ssl=1","jetpack-related-posts":[],"jetpack_sharing_enabled":true,"_links":{"self":[{"href":"https:\/\/politicosaldesnudo.com.mx\/index.php\/wp-json\/wp\/v2\/posts\/45534","targetHints":{"allow":["GET"]}}],"collection":[{"href":"https:\/\/politicosaldesnudo.com.mx\/index.php\/wp-json\/wp\/v2\/posts"}],"about":[{"href":"https:\/\/politicosaldesnudo.com.mx\/index.php\/wp-json\/wp\/v2\/types\/post"}],"author":[{"embeddable":true,"href":"https:\/\/politicosaldesnudo.com.mx\/index.php\/wp-json\/wp\/v2\/users\/4"}],"replies":[{"embeddable":true,"href":"https:\/\/politicosaldesnudo.com.mx\/index.php\/wp-json\/wp\/v2\/comments?post=45534"}],"version-history":[{"count":0,"href":"https:\/\/politicosaldesnudo.com.mx\/index.php\/wp-json\/wp\/v2\/posts\/45534\/revisions"}],"wp:featuredmedia":[{"embeddable":true,"href":"https:\/\/politicosaldesnudo.com.mx\/index.php\/wp-json\/wp\/v2\/media\/45535"}],"wp:attachment":[{"href":"https:\/\/politicosaldesnudo.com.mx\/index.php\/wp-json\/wp\/v2\/media?parent=45534"}],"wp:term":[{"taxonomy":"category","embeddable":true,"href":"https:\/\/politicosaldesnudo.com.mx\/index.php\/wp-json\/wp\/v2\/categories?post=45534"},{"taxonomy":"post_tag","embeddable":true,"href":"https:\/\/politicosaldesnudo.com.mx\/index.php\/wp-json\/wp\/v2\/tags?post=45534"}],"curies":[{"name":"wp","href":"https:\/\/api.w.org\/{rel}","templated":true}]}}