{"id":45617,"date":"2024-09-05T05:30:02","date_gmt":"2024-09-05T10:30:02","guid":{"rendered":"https:\/\/politicosaldesnudo.com.mx\/?p=45617"},"modified":"2024-09-04T23:54:55","modified_gmt":"2024-09-05T04:54:55","slug":"gasto-publico-en-chile-mantiene-alta-expansion","status":"publish","type":"post","link":"https:\/\/politicosaldesnudo.com.mx\/index.php\/2024\/09\/05\/gasto-publico-en-chile-mantiene-alta-expansion\/","title":{"rendered":"Gasto p\u00fablico en Chile mantiene alta expansi\u00f3n"},"content":{"rendered":"<div class=\"jsx-3315747106 resumeNew\">\n<p><span style=\"font-size: 14pt;\">El gasto p\u00fablico en Chile contin\u00faa expandi\u00e9ndose a tasas altas, en medio de una fuerte ca\u00edda en los ingresos que ha llevado al Ministerio de Hacienda y la Direcci\u00f3n de Presupuestos (Dipres) a aplicar un plan de recorte de desembolsos por m\u00e1s de 850 millones de d\u00f3lares para este a\u00f1o.<\/span><\/p>\n<\/div>\n<div class=\"jsx-1764542821 newsbody\">\n<div class=\"jsx-1764542821\">\n<div id=\"readNote\" class=\"jsx-1764542821\">\n<div class=\"jsx-537108098\">\n<p class=\"jsx-3954459878\"><span style=\"font-size: 14pt;\">En julio, seg\u00fan el informe de ejecuci\u00f3n mensual, el gasto total del Gobierno Central se creci\u00f3 5.9% interanual durante julio, cifra similar al 6.1% registrado el mes previo.<\/span><\/p>\n<p><span style=\"font-size: 14pt;\">El incremento vino de la mano de un avance de 5.7% del gasto corriente. O sea, el destinado para la operaci\u00f3n diaria del aparato estatal. Esto implica una aceleraci\u00f3n si se compara con el 1.7% de crecimiento en junio. El gasto en pagar intereses de la deuda creci\u00f3 un 46.4% en el lapso, versus el 48.4% del mes previo, lo destinado a la compra de bienes y servicios de consumo y producci\u00f3n lo hicieron 10.9%, contrastando con el alza sobre el 14% del per\u00edodo precedente.<\/span><\/p>\n<\/div>\n<\/div>\n<\/div>\n<\/div>\n","protected":false},"excerpt":{"rendered":"<p>El gasto p\u00fablico en Chile contin\u00faa expandi\u00e9ndose a tasas altas, en medio de una fuerte ca\u00edda en los ingresos que [&hellip;]<\/p>\n","protected":false},"author":4,"featured_media":45618,"comment_status":"closed","ping_status":"closed","sticky":false,"template":"","format":"standard","meta":{"site-sidebar-layout":"default","site-content-layout":"","ast-site-content-layout":"default","site-content-style":"default","site-sidebar-style":"default","ast-global-header-display":"","ast-banner-title-visibility":"","ast-main-header-display":"","ast-hfb-above-header-display":"","ast-hfb-below-header-display":"","ast-hfb-mobile-header-display":"","site-post-title":"","ast-breadcrumbs-content":"","ast-featured-img":"","footer-sml-layout":"","ast-disable-related-posts":"","theme-transparent-header-meta":"","adv-header-id-meta":"","stick-header-meta":"","header-above-stick-meta":"","header-main-stick-meta":"","header-below-stick-meta":"","astra-migrate-meta-layouts":"default","ast-page-background-enabled":"default","ast-page-background-meta":{"desktop":{"background-color":"var(--ast-global-color-5)","background-image":"","background-repeat":"repeat","background-position":"center center","background-size":"auto","background-attachment":"scroll","background-type":"","background-media":"","overlay-type":"","overlay-color":"","overlay-opacity":"","overlay-gradient":""},"tablet":{"background-color":"","background-image":"","background-repeat":"repeat","background-position":"center center","background-size":"auto","background-attachment":"scroll","background-type":"","background-media":"","overlay-type":"","overlay-color":"","overlay-opacity":"","overlay-gradient":""},"mobile":{"background-color":"","background-image":"","background-repeat":"repeat","background-position":"center center","background-size":"auto","background-attachment":"scroll","background-type":"","background-media":"","overlay-type":"","overlay-color":"","overlay-opacity":"","overlay-gradient":""}},"ast-content-background-meta":{"desktop":{"background-color":"var(--ast-global-color-4)","background-image":"","background-repeat":"repeat","background-position":"center center","background-size":"auto","background-attachment":"scroll","background-type":"","background-media":"","overlay-type":"","overlay-color":"","overlay-opacity":"","overlay-gradient":""},"tablet":{"background-color":"var(--ast-global-color-4)","background-image":"","background-repeat":"repeat","background-position":"center center","background-size":"auto","background-attachment":"scroll","background-type":"","background-media":"","overlay-type":"","overlay-color":"","overlay-opacity":"","overlay-gradient":""},"mobile":{"background-color":"var(--ast-global-color-4)","background-image":"","background-repeat":"repeat","background-position":"center center","background-size":"auto","background-attachment":"scroll","background-type":"","background-media":"","overlay-type":"","overlay-color":"","overlay-opacity":"","overlay-gradient":""}},"_jetpack_newsletter_access":"","_jetpack_dont_email_post_to_subs":false,"_jetpack_newsletter_tier_id":0,"_jetpack_memberships_contains_paywalled_content":false,"_jetpack_feature_clip_id":0,"_jetpack_memberships_contains_paid_content":false,"footnotes":"","jetpack_publicize_message":"","jetpack_publicize_feature_enabled":true,"jetpack_social_post_already_shared":false,"jetpack_social_options":{"image_generator_settings":{"template":"highway","default_image_id":0,"font":"","enabled":false},"version":2},"jetpack_post_was_ever_published":false},"categories":[2050],"tags":[],"class_list":["post-45617","post","type-post","status-publish","format-standard","has-post-thumbnail","hentry","category-economia"],"yoast_head":"<!-- This site is optimized with the Yoast SEO plugin v28.3 - https:\/\/yoast.com\/product\/yoast-seo-wordpress\/ -->\n<title>Gasto p\u00fablico en Chile mantiene alta expansi\u00f3n - Pol\u00edticos al Desnudo<\/title>\n<meta name=\"robots\" content=\"index, follow, max-snippet:-1, max-image-preview:large, max-video-preview:-1\" \/>\n<link rel=\"canonical\" href=\"https:\/\/politicosaldesnudo.com.mx\/index.php\/2024\/09\/05\/gasto-publico-en-chile-mantiene-alta-expansion\/\" \/>\n<meta property=\"og:locale\" content=\"es_ES\" \/>\n<meta property=\"og:type\" content=\"article\" \/>\n<meta property=\"og:title\" content=\"Gasto p\u00fablico en Chile mantiene alta expansi\u00f3n - Pol\u00edticos al Desnudo\" \/>\n<meta property=\"og:description\" content=\"El gasto p\u00fablico en Chile contin\u00faa expandi\u00e9ndose a tasas altas, en medio de una fuerte ca\u00edda en los ingresos que [&hellip;]\" \/>\n<meta property=\"og:url\" content=\"https:\/\/politicosaldesnudo.com.mx\/index.php\/2024\/09\/05\/gasto-publico-en-chile-mantiene-alta-expansion\/\" \/>\n<meta property=\"og:site_name\" content=\"Pol\u00edticos al Desnudo\" \/>\n<meta property=\"article:publisher\" content=\"https:\/\/www.facebook.com\/PoliticosAD\" \/>\n<meta property=\"article:published_time\" content=\"2024-09-05T10:30:02+00:00\" \/>\n<meta property=\"og:image\" content=\"https:\/\/i0.wp.com\/politicosaldesnudo.com.mx\/wp-content\/uploads\/2024\/09\/chile_shutterstock_1319072456_x1x.jpg_270939306.jpg?fit=1200%2C750&ssl=1\" \/>\n\t<meta property=\"og:image:width\" content=\"1200\" \/>\n\t<meta property=\"og:image:height\" content=\"750\" \/>\n\t<meta property=\"og:image:type\" content=\"image\/jpeg\" \/>\n<meta name=\"author\" content=\"Redacci\u00f3n Pol\u00edticos\" \/>\n<meta name=\"twitter:card\" content=\"summary_large_image\" \/>\n<meta name=\"twitter:label1\" content=\"Escrito por\" \/>\n\t<meta name=\"twitter:data1\" content=\"Redacci\u00f3n Pol\u00edticos\" \/>\n\t<meta name=\"twitter:label2\" content=\"Tiempo de lectura\" \/>\n\t<meta name=\"twitter:data2\" content=\"1 minuto\" \/>\n<script type=\"application\/ld+json\" class=\"yoast-schema-graph\">{\"@context\":\"https:\\\/\\\/schema.org\",\"@graph\":[{\"@type\":\"Article\",\"@id\":\"https:\\\/\\\/politicosaldesnudo.com.mx\\\/index.php\\\/2024\\\/09\\\/05\\\/gasto-publico-en-chile-mantiene-alta-expansion\\\/#article\",\"isPartOf\":{\"@id\":\"https:\\\/\\\/politicosaldesnudo.com.mx\\\/index.php\\\/2024\\\/09\\\/05\\\/gasto-publico-en-chile-mantiene-alta-expansion\\\/\"},\"author\":{\"name\":\"Redacci\u00f3n Pol\u00edticos\",\"@id\":\"https:\\\/\\\/politicosaldesnudo.com.mx\\\/#\\\/schema\\\/person\\\/ef3a64e561cc3f3f5dc52fab81adde7e\"},\"headline\":\"Gasto p\u00fablico en Chile mantiene alta expansi\u00f3n\",\"datePublished\":\"2024-09-05T10:30:02+00:00\",\"mainEntityOfPage\":{\"@id\":\"https:\\\/\\\/politicosaldesnudo.com.mx\\\/index.php\\\/2024\\\/09\\\/05\\\/gasto-publico-en-chile-mantiene-alta-expansion\\\/\"},\"wordCount\":177,\"publisher\":{\"@id\":\"https:\\\/\\\/politicosaldesnudo.com.mx\\\/#organization\"},\"image\":{\"@id\":\"https:\\\/\\\/politicosaldesnudo.com.mx\\\/index.php\\\/2024\\\/09\\\/05\\\/gasto-publico-en-chile-mantiene-alta-expansion\\\/#primaryimage\"},\"thumbnailUrl\":\"https:\\\/\\\/i0.wp.com\\\/politicosaldesnudo.com.mx\\\/wp-content\\\/uploads\\\/2024\\\/09\\\/chile_shutterstock_1319072456_x1x.jpg_270939306.jpg?fit=1200%2C750&ssl=1\",\"articleSection\":[\"ECONOM\u00cdA\"],\"inLanguage\":\"es\"},{\"@type\":\"WebPage\",\"@id\":\"https:\\\/\\\/politicosaldesnudo.com.mx\\\/index.php\\\/2024\\\/09\\\/05\\\/gasto-publico-en-chile-mantiene-alta-expansion\\\/\",\"url\":\"https:\\\/\\\/politicosaldesnudo.com.mx\\\/index.php\\\/2024\\\/09\\\/05\\\/gasto-publico-en-chile-mantiene-alta-expansion\\\/\",\"name\":\"Gasto p\u00fablico en Chile mantiene alta expansi\u00f3n - Pol\u00edticos al Desnudo\",\"isPartOf\":{\"@id\":\"https:\\\/\\\/politicosaldesnudo.com.mx\\\/#website\"},\"primaryImageOfPage\":{\"@id\":\"https:\\\/\\\/politicosaldesnudo.com.mx\\\/index.php\\\/2024\\\/09\\\/05\\\/gasto-publico-en-chile-mantiene-alta-expansion\\\/#primaryimage\"},\"image\":{\"@id\":\"https:\\\/\\\/politicosaldesnudo.com.mx\\\/index.php\\\/2024\\\/09\\\/05\\\/gasto-publico-en-chile-mantiene-alta-expansion\\\/#primaryimage\"},\"thumbnailUrl\":\"https:\\\/\\\/i0.wp.com\\\/politicosaldesnudo.com.mx\\\/wp-content\\\/uploads\\\/2024\\\/09\\\/chile_shutterstock_1319072456_x1x.jpg_270939306.jpg?fit=1200%2C750&ssl=1\",\"datePublished\":\"2024-09-05T10:30:02+00:00\",\"breadcrumb\":{\"@id\":\"https:\\\/\\\/politicosaldesnudo.com.mx\\\/index.php\\\/2024\\\/09\\\/05\\\/gasto-publico-en-chile-mantiene-alta-expansion\\\/#breadcrumb\"},\"inLanguage\":\"es\",\"potentialAction\":[{\"@type\":\"ReadAction\",\"target\":[\"https:\\\/\\\/politicosaldesnudo.com.mx\\\/index.php\\\/2024\\\/09\\\/05\\\/gasto-publico-en-chile-mantiene-alta-expansion\\\/\"]}]},{\"@type\":\"ImageObject\",\"inLanguage\":\"es\",\"@id\":\"https:\\\/\\\/politicosaldesnudo.com.mx\\\/index.php\\\/2024\\\/09\\\/05\\\/gasto-publico-en-chile-mantiene-alta-expansion\\\/#primaryimage\",\"url\":\"https:\\\/\\\/i0.wp.com\\\/politicosaldesnudo.com.mx\\\/wp-content\\\/uploads\\\/2024\\\/09\\\/chile_shutterstock_1319072456_x1x.jpg_270939306.jpg?fit=1200%2C750&ssl=1\",\"contentUrl\":\"https:\\\/\\\/i0.wp.com\\\/politicosaldesnudo.com.mx\\\/wp-content\\\/uploads\\\/2024\\\/09\\\/chile_shutterstock_1319072456_x1x.jpg_270939306.jpg?fit=1200%2C750&ssl=1\",\"width\":1200,\"height\":750},{\"@type\":\"BreadcrumbList\",\"@id\":\"https:\\\/\\\/politicosaldesnudo.com.mx\\\/index.php\\\/2024\\\/09\\\/05\\\/gasto-publico-en-chile-mantiene-alta-expansion\\\/#breadcrumb\",\"itemListElement\":[{\"@type\":\"ListItem\",\"position\":1,\"name\":\"Portada\",\"item\":\"https:\\\/\\\/politicosaldesnudo.com.mx\\\/\"},{\"@type\":\"ListItem\",\"position\":2,\"name\":\"Gasto p\u00fablico en Chile mantiene alta expansi\u00f3n\"}]},{\"@type\":\"WebSite\",\"@id\":\"https:\\\/\\\/politicosaldesnudo.com.mx\\\/#website\",\"url\":\"https:\\\/\\\/politicosaldesnudo.com.mx\\\/\",\"name\":\"Pol\u00edticos al Desnudo\",\"description\":\"\",\"publisher\":{\"@id\":\"https:\\\/\\\/politicosaldesnudo.com.mx\\\/#organization\"},\"potentialAction\":[{\"@type\":\"SearchAction\",\"target\":{\"@type\":\"EntryPoint\",\"urlTemplate\":\"https:\\\/\\\/politicosaldesnudo.com.mx\\\/?s={search_term_string}\"},\"query-input\":{\"@type\":\"PropertyValueSpecification\",\"valueRequired\":true,\"valueName\":\"search_term_string\"}}],\"inLanguage\":\"es\"},{\"@type\":\"Organization\",\"@id\":\"https:\\\/\\\/politicosaldesnudo.com.mx\\\/#organization\",\"name\":\"Pol\u00edticos al Desnudo\",\"url\":\"https:\\\/\\\/politicosaldesnudo.com.mx\\\/\",\"logo\":{\"@type\":\"ImageObject\",\"inLanguage\":\"es\",\"@id\":\"https:\\\/\\\/politicosaldesnudo.com.mx\\\/#\\\/schema\\\/logo\\\/image\\\/\",\"url\":\"https:\\\/\\\/i0.wp.com\\\/politicosaldesnudo.com.mx\\\/wp-content\\\/uploads\\\/2026\\\/08\\\/cropped-logo.webp?fit=400%2C126&ssl=1\",\"contentUrl\":\"https:\\\/\\\/i0.wp.com\\\/politicosaldesnudo.com.mx\\\/wp-content\\\/uploads\\\/2026\\\/08\\\/cropped-logo.webp?fit=400%2C126&ssl=1\",\"width\":400,\"height\":126,\"caption\":\"Pol\u00edticos al Desnudo\"},\"image\":{\"@id\":\"https:\\\/\\\/politicosaldesnudo.com.mx\\\/#\\\/schema\\\/logo\\\/image\\\/\"},\"sameAs\":[\"https:\\\/\\\/www.facebook.com\\\/PoliticosAD\"]},{\"@type\":\"Person\",\"@id\":\"https:\\\/\\\/politicosaldesnudo.com.mx\\\/#\\\/schema\\\/person\\\/ef3a64e561cc3f3f5dc52fab81adde7e\",\"name\":\"Redacci\u00f3n Pol\u00edticos\",\"url\":\"https:\\\/\\\/politicosaldesnudo.com.mx\\\/index.php\\\/author\\\/redaccion-politicos\\\/\"}]}<\/script>\n<!-- \/ Yoast SEO plugin. -->","yoast_head_json":{"title":"Gasto p\u00fablico en Chile mantiene alta expansi\u00f3n - Pol\u00edticos al Desnudo","robots":{"index":"index","follow":"follow","max-snippet":"max-snippet:-1","max-image-preview":"max-image-preview:large","max-video-preview":"max-video-preview:-1"},"canonical":"https:\/\/politicosaldesnudo.com.mx\/index.php\/2024\/09\/05\/gasto-publico-en-chile-mantiene-alta-expansion\/","og_locale":"es_ES","og_type":"article","og_title":"Gasto p\u00fablico en Chile mantiene alta expansi\u00f3n - Pol\u00edticos al Desnudo","og_description":"El gasto p\u00fablico en Chile contin\u00faa expandi\u00e9ndose a tasas altas, en medio de una fuerte ca\u00edda en los ingresos que [&hellip;]","og_url":"https:\/\/politicosaldesnudo.com.mx\/index.php\/2024\/09\/05\/gasto-publico-en-chile-mantiene-alta-expansion\/","og_site_name":"Pol\u00edticos al Desnudo","article_publisher":"https:\/\/www.facebook.com\/PoliticosAD","article_published_time":"2024-09-05T10:30:02+00:00","og_image":[{"width":1200,"height":750,"url":"https:\/\/i0.wp.com\/politicosaldesnudo.com.mx\/wp-content\/uploads\/2024\/09\/chile_shutterstock_1319072456_x1x.jpg_270939306.jpg?fit=1200%2C750&ssl=1","type":"image\/jpeg"}],"author":"Redacci\u00f3n Pol\u00edticos","twitter_card":"summary_large_image","twitter_misc":{"Escrito por":"Redacci\u00f3n Pol\u00edticos","Tiempo de lectura":"1 minuto"},"schema":{"@context":"https:\/\/schema.org","@graph":[{"@type":"Article","@id":"https:\/\/politicosaldesnudo.com.mx\/index.php\/2024\/09\/05\/gasto-publico-en-chile-mantiene-alta-expansion\/#article","isPartOf":{"@id":"https:\/\/politicosaldesnudo.com.mx\/index.php\/2024\/09\/05\/gasto-publico-en-chile-mantiene-alta-expansion\/"},"author":{"name":"Redacci\u00f3n Pol\u00edticos","@id":"https:\/\/politicosaldesnudo.com.mx\/#\/schema\/person\/ef3a64e561cc3f3f5dc52fab81adde7e"},"headline":"Gasto p\u00fablico en Chile mantiene alta expansi\u00f3n","datePublished":"2024-09-05T10:30:02+00:00","mainEntityOfPage":{"@id":"https:\/\/politicosaldesnudo.com.mx\/index.php\/2024\/09\/05\/gasto-publico-en-chile-mantiene-alta-expansion\/"},"wordCount":177,"publisher":{"@id":"https:\/\/politicosaldesnudo.com.mx\/#organization"},"image":{"@id":"https:\/\/politicosaldesnudo.com.mx\/index.php\/2024\/09\/05\/gasto-publico-en-chile-mantiene-alta-expansion\/#primaryimage"},"thumbnailUrl":"https:\/\/i0.wp.com\/politicosaldesnudo.com.mx\/wp-content\/uploads\/2024\/09\/chile_shutterstock_1319072456_x1x.jpg_270939306.jpg?fit=1200%2C750&ssl=1","articleSection":["ECONOM\u00cdA"],"inLanguage":"es"},{"@type":"WebPage","@id":"https:\/\/politicosaldesnudo.com.mx\/index.php\/2024\/09\/05\/gasto-publico-en-chile-mantiene-alta-expansion\/","url":"https:\/\/politicosaldesnudo.com.mx\/index.php\/2024\/09\/05\/gasto-publico-en-chile-mantiene-alta-expansion\/","name":"Gasto p\u00fablico en Chile mantiene alta expansi\u00f3n - Pol\u00edticos al Desnudo","isPartOf":{"@id":"https:\/\/politicosaldesnudo.com.mx\/#website"},"primaryImageOfPage":{"@id":"https:\/\/politicosaldesnudo.com.mx\/index.php\/2024\/09\/05\/gasto-publico-en-chile-mantiene-alta-expansion\/#primaryimage"},"image":{"@id":"https:\/\/politicosaldesnudo.com.mx\/index.php\/2024\/09\/05\/gasto-publico-en-chile-mantiene-alta-expansion\/#primaryimage"},"thumbnailUrl":"https:\/\/i0.wp.com\/politicosaldesnudo.com.mx\/wp-content\/uploads\/2024\/09\/chile_shutterstock_1319072456_x1x.jpg_270939306.jpg?fit=1200%2C750&ssl=1","datePublished":"2024-09-05T10:30:02+00:00","breadcrumb":{"@id":"https:\/\/politicosaldesnudo.com.mx\/index.php\/2024\/09\/05\/gasto-publico-en-chile-mantiene-alta-expansion\/#breadcrumb"},"inLanguage":"es","potentialAction":[{"@type":"ReadAction","target":["https:\/\/politicosaldesnudo.com.mx\/index.php\/2024\/09\/05\/gasto-publico-en-chile-mantiene-alta-expansion\/"]}]},{"@type":"ImageObject","inLanguage":"es","@id":"https:\/\/politicosaldesnudo.com.mx\/index.php\/2024\/09\/05\/gasto-publico-en-chile-mantiene-alta-expansion\/#primaryimage","url":"https:\/\/i0.wp.com\/politicosaldesnudo.com.mx\/wp-content\/uploads\/2024\/09\/chile_shutterstock_1319072456_x1x.jpg_270939306.jpg?fit=1200%2C750&ssl=1","contentUrl":"https:\/\/i0.wp.com\/politicosaldesnudo.com.mx\/wp-content\/uploads\/2024\/09\/chile_shutterstock_1319072456_x1x.jpg_270939306.jpg?fit=1200%2C750&ssl=1","width":1200,"height":750},{"@type":"BreadcrumbList","@id":"https:\/\/politicosaldesnudo.com.mx\/index.php\/2024\/09\/05\/gasto-publico-en-chile-mantiene-alta-expansion\/#breadcrumb","itemListElement":[{"@type":"ListItem","position":1,"name":"Portada","item":"https:\/\/politicosaldesnudo.com.mx\/"},{"@type":"ListItem","position":2,"name":"Gasto p\u00fablico en Chile mantiene alta expansi\u00f3n"}]},{"@type":"WebSite","@id":"https:\/\/politicosaldesnudo.com.mx\/#website","url":"https:\/\/politicosaldesnudo.com.mx\/","name":"Pol\u00edticos al Desnudo","description":"","publisher":{"@id":"https:\/\/politicosaldesnudo.com.mx\/#organization"},"potentialAction":[{"@type":"SearchAction","target":{"@type":"EntryPoint","urlTemplate":"https:\/\/politicosaldesnudo.com.mx\/?s={search_term_string}"},"query-input":{"@type":"PropertyValueSpecification","valueRequired":true,"valueName":"search_term_string"}}],"inLanguage":"es"},{"@type":"Organization","@id":"https:\/\/politicosaldesnudo.com.mx\/#organization","name":"Pol\u00edticos al Desnudo","url":"https:\/\/politicosaldesnudo.com.mx\/","logo":{"@type":"ImageObject","inLanguage":"es","@id":"https:\/\/politicosaldesnudo.com.mx\/#\/schema\/logo\/image\/","url":"https:\/\/i0.wp.com\/politicosaldesnudo.com.mx\/wp-content\/uploads\/2026\/08\/cropped-logo.webp?fit=400%2C126&ssl=1","contentUrl":"https:\/\/i0.wp.com\/politicosaldesnudo.com.mx\/wp-content\/uploads\/2026\/08\/cropped-logo.webp?fit=400%2C126&ssl=1","width":400,"height":126,"caption":"Pol\u00edticos al Desnudo"},"image":{"@id":"https:\/\/politicosaldesnudo.com.mx\/#\/schema\/logo\/image\/"},"sameAs":["https:\/\/www.facebook.com\/PoliticosAD"]},{"@type":"Person","@id":"https:\/\/politicosaldesnudo.com.mx\/#\/schema\/person\/ef3a64e561cc3f3f5dc52fab81adde7e","name":"Redacci\u00f3n Pol\u00edticos","url":"https:\/\/politicosaldesnudo.com.mx\/index.php\/author\/redaccion-politicos\/"}]}},"jetpack_publicize_connections":[],"jetpack-related-posts":[{"id":87896,"url":"https:\/\/politicosaldesnudo.com.mx\/index.php\/2026\/08\/19\/corte-proyecta-146-mdp-para-seguros-privados-sheinbaum-exige-que-ministros-los-paguen-de-su-bolsillo\/","url_meta":{"origin":45617,"position":0},"title":"Corte proyecta 146 mdp para seguros privados; Sheinbaum exige que ministros los paguen de su bolsillo","author":"Redacci\u00f3n Pol\u00edticos","date":"19 de agosto de 2026","format":false,"excerpt":"El proyecto de gasto de la Suprema Corte de Justicia de la Naci\u00f3n (SCJN) para 2027 abri\u00f3 un nuevo choque con el Gobierno federal. La raz\u00f3n es una partida cercana a los 146 millones de pesos que permitir\u00eda devolver el seguro de gastos m\u00e9dicos mayores a m\u00e1s de 300 funcionarios\u2026","rel":"","context":"En \u00abNACIONAL\u00bb","block_context":{"text":"NACIONAL","link":"https:\/\/politicosaldesnudo.com.mx\/index.php\/category\/nacional\/"},"img":{"alt_text":"","src":"https:\/\/i0.wp.com\/politicosaldesnudo.com.mx\/wp-content\/uploads\/2026\/08\/corte.jpg?fit=1200%2C675&ssl=1&resize=350%2C200","width":350,"height":200,"srcset":"https:\/\/i0.wp.com\/politicosaldesnudo.com.mx\/wp-content\/uploads\/2026\/08\/corte.jpg?fit=1200%2C675&ssl=1&resize=350%2C200 1x, https:\/\/i0.wp.com\/politicosaldesnudo.com.mx\/wp-content\/uploads\/2026\/08\/corte.jpg?fit=1200%2C675&ssl=1&resize=525%2C300 1.5x, https:\/\/i0.wp.com\/politicosaldesnudo.com.mx\/wp-content\/uploads\/2026\/08\/corte.jpg?fit=1200%2C675&ssl=1&resize=700%2C400 2x, https:\/\/i0.wp.com\/politicosaldesnudo.com.mx\/wp-content\/uploads\/2026\/08\/corte.jpg?fit=1200%2C675&ssl=1&resize=1050%2C600 3x"},"classes":[]},{"id":87649,"url":"https:\/\/politicosaldesnudo.com.mx\/index.php\/2026\/08\/11\/pago-para-que-me-aplaudan\/","url_meta":{"origin":45617,"position":1},"title":"Pago para que me aplaudan","author":"Redacci\u00f3n Pol\u00edticos","date":"11 de agosto de 2026","format":false,"excerpt":"R\u00fabrica Por Aurelio Contreras Moreno Hace m\u00e1s de 40 a\u00f1os, el entonces presidente Jos\u00e9 L\u00f3pez Portillo sintetiz\u00f3 en una frase una de las formas m\u00e1s autoritarias, patrimonialistas y perversas de entender la relaci\u00f3n entre el poder p\u00fablico y la prensa: \u201cno pago para que me peguen\u201d, en relaci\u00f3n con su\u2026","rel":"","context":"En \u00abOPINI\u00d3N\u00bb","block_context":{"text":"OPINI\u00d3N","link":"https:\/\/politicosaldesnudo.com.mx\/index.php\/category\/columnistas\/"},"img":{"alt_text":"","src":"https:\/\/i0.wp.com\/politicosaldesnudo.com.mx\/wp-content\/uploads\/2026\/08\/AURELIO-CONTRERAS-MORENO.png?fit=1200%2C658&ssl=1&resize=350%2C200","width":350,"height":200,"srcset":"https:\/\/i0.wp.com\/politicosaldesnudo.com.mx\/wp-content\/uploads\/2026\/08\/AURELIO-CONTRERAS-MORENO.png?fit=1200%2C658&ssl=1&resize=350%2C200 1x, https:\/\/i0.wp.com\/politicosaldesnudo.com.mx\/wp-content\/uploads\/2026\/08\/AURELIO-CONTRERAS-MORENO.png?fit=1200%2C658&ssl=1&resize=525%2C300 1.5x, https:\/\/i0.wp.com\/politicosaldesnudo.com.mx\/wp-content\/uploads\/2026\/08\/AURELIO-CONTRERAS-MORENO.png?fit=1200%2C658&ssl=1&resize=700%2C400 2x, https:\/\/i0.wp.com\/politicosaldesnudo.com.mx\/wp-content\/uploads\/2026\/08\/AURELIO-CONTRERAS-MORENO.png?fit=1200%2C658&ssl=1&resize=1050%2C600 3x"},"classes":[]},{"id":88257,"url":"https:\/\/politicosaldesnudo.com.mx\/index.php\/2026\/09\/01\/paquete-economico-2027-mantendra-programas-sociales-y-buscara-bajar-el-deficit-sheinbaum\/","url_meta":{"origin":45617,"position":2},"title":"Paquete Econ\u00f3mico 2027 mantendr\u00e1 programas sociales y buscar\u00e1 bajar el d\u00e9ficit: Sheinbaum","author":"Redacci\u00f3n Pol\u00edticos","date":"1 de septiembre de 2026","format":false,"excerpt":"La presidenta Claudia Sheinbaum adelant\u00f3 que el Paquete Econ\u00f3mico 2027 ser\u00e1 elaborado bajo criterios de responsabilidad financiera y tendr\u00e1 como objetivo continuar con la reducci\u00f3n gradual del d\u00e9ficit p\u00fablico. Durante su Segundo Informe de Gobierno, la mandataria asegur\u00f3 que el ajuste de las finanzas nacionales no implicar\u00e1 disminuir la inversi\u00f3n\u2026","rel":"","context":"En \u00abNACIONAL\u00bb","block_context":{"text":"NACIONAL","link":"https:\/\/politicosaldesnudo.com.mx\/index.php\/category\/nacional\/"},"img":{"alt_text":"","src":"https:\/\/i0.wp.com\/politicosaldesnudo.com.mx\/wp-content\/uploads\/2026\/09\/791849425_1609853084104467_2874062276430194544_n.jpg?fit=1200%2C799&ssl=1&resize=350%2C200","width":350,"height":200,"srcset":"https:\/\/i0.wp.com\/politicosaldesnudo.com.mx\/wp-content\/uploads\/2026\/09\/791849425_1609853084104467_2874062276430194544_n.jpg?fit=1200%2C799&ssl=1&resize=350%2C200 1x, https:\/\/i0.wp.com\/politicosaldesnudo.com.mx\/wp-content\/uploads\/2026\/09\/791849425_1609853084104467_2874062276430194544_n.jpg?fit=1200%2C799&ssl=1&resize=525%2C300 1.5x, https:\/\/i0.wp.com\/politicosaldesnudo.com.mx\/wp-content\/uploads\/2026\/09\/791849425_1609853084104467_2874062276430194544_n.jpg?fit=1200%2C799&ssl=1&resize=700%2C400 2x, https:\/\/i0.wp.com\/politicosaldesnudo.com.mx\/wp-content\/uploads\/2026\/09\/791849425_1609853084104467_2874062276430194544_n.jpg?fit=1200%2C799&ssl=1&resize=1050%2C600 3x"},"classes":[]},{"id":88084,"url":"https:\/\/politicosaldesnudo.com.mx\/index.php\/2026\/08\/26\/veracruz-dara-apoyo-de-transporte-a-20-mil-universitarios-entregaran-hasta-800-pesos\/","url_meta":{"origin":45617,"position":3},"title":"Veracruz dar\u00e1 apoyo de transporte a 20 mil universitarios; entregar\u00e1n hasta 800 pesos","author":"Redacci\u00f3n Pol\u00edticos","date":"26 de agosto de 2026","format":false,"excerpt":"Cerca de 20 mil j\u00f3venes inscritos en instituciones p\u00fablicas de educaci\u00f3n superior podr\u00e1n recibir una ayuda econ\u00f3mica para cubrir parte de sus gastos de traslado en el municipio de Veracruz. La alcaldesa Rosa Mar\u00eda Hern\u00e1ndez Espejo present\u00f3 la Beca Municipal Universitaria \u201cJoven H\u00e9roe Veracruzano Iv\u00e1n G\u00f3mez G\u00f3mez\u201d, un programa dirigido\u2026","rel":"","context":"En \u00abESTADOS\u00bb","block_context":{"text":"ESTADOS","link":"https:\/\/politicosaldesnudo.com.mx\/index.php\/category\/estados\/"},"img":{"alt_text":"","src":"https:\/\/i0.wp.com\/politicosaldesnudo.com.mx\/wp-content\/uploads\/2026\/08\/787342245_1643175124474327_9044534255507489650_n.jpg?fit=1200%2C800&ssl=1&resize=350%2C200","width":350,"height":200,"srcset":"https:\/\/i0.wp.com\/politicosaldesnudo.com.mx\/wp-content\/uploads\/2026\/08\/787342245_1643175124474327_9044534255507489650_n.jpg?fit=1200%2C800&ssl=1&resize=350%2C200 1x, https:\/\/i0.wp.com\/politicosaldesnudo.com.mx\/wp-content\/uploads\/2026\/08\/787342245_1643175124474327_9044534255507489650_n.jpg?fit=1200%2C800&ssl=1&resize=525%2C300 1.5x, https:\/\/i0.wp.com\/politicosaldesnudo.com.mx\/wp-content\/uploads\/2026\/08\/787342245_1643175124474327_9044534255507489650_n.jpg?fit=1200%2C800&ssl=1&resize=700%2C400 2x, https:\/\/i0.wp.com\/politicosaldesnudo.com.mx\/wp-content\/uploads\/2026\/08\/787342245_1643175124474327_9044534255507489650_n.jpg?fit=1200%2C800&ssl=1&resize=1050%2C600 3x"},"classes":[]},{"id":87138,"url":"https:\/\/politicosaldesnudo.com.mx\/index.php\/2026\/07\/23\/walmart-mexico-reporta-caida-del-0-7-en-ganancias-durante-segundo-trimestre-del-2026\/","url_meta":{"origin":45617,"position":4},"title":"Walmart-M\u00e9xico reporta ca\u00edda del 0.7% en ganancias durante segundo trimestre del 2026","author":"Redacci\u00f3n Pol\u00edticos","date":"23 de julio de 2026","format":false,"excerpt":"Walmart de M\u00e9xico (Walmex) report\u00f3 una ca\u00edda del 0.7 por ciento en su ganancia neta durante el segundo trimestre del a\u00f1o, donde alcanz\u00f3 los 11 mil 152 millones de pesos en comparaci\u00f3n de los 11 mil 227 millones de pesos del mismo periodo en 2025. Las ventas en M\u00e9xico aumentaron\u2026","rel":"","context":"En \u00abECONOM\u00cdA\u00bb","block_context":{"text":"ECONOM\u00cdA","link":"https:\/\/politicosaldesnudo.com.mx\/index.php\/category\/economia\/"},"img":{"alt_text":"","src":"https:\/\/i0.wp.com\/politicosaldesnudo.com.mx\/wp-content\/uploads\/2026\/07\/WALA.webp?fit=1200%2C804&ssl=1&resize=350%2C200","width":350,"height":200,"srcset":"https:\/\/i0.wp.com\/politicosaldesnudo.com.mx\/wp-content\/uploads\/2026\/07\/WALA.webp?fit=1200%2C804&ssl=1&resize=350%2C200 1x, https:\/\/i0.wp.com\/politicosaldesnudo.com.mx\/wp-content\/uploads\/2026\/07\/WALA.webp?fit=1200%2C804&ssl=1&resize=525%2C300 1.5x, https:\/\/i0.wp.com\/politicosaldesnudo.com.mx\/wp-content\/uploads\/2026\/07\/WALA.webp?fit=1200%2C804&ssl=1&resize=700%2C400 2x, https:\/\/i0.wp.com\/politicosaldesnudo.com.mx\/wp-content\/uploads\/2026\/07\/WALA.webp?fit=1200%2C804&ssl=1&resize=1050%2C600 3x"},"classes":[]},{"id":88179,"url":"https:\/\/politicosaldesnudo.com.mx\/index.php\/2026\/08\/30\/pena-nieto-reaparece-en-exclusiva-boda-en-italia-junto-a-empresario-relacionado-con-el-caso-pegasus\/","url_meta":{"origin":45617,"position":5},"title":"Pe\u00f1a Nieto reaparece en exclusiva boda en Italia junto a empresario relacionado con el caso Pegasus","author":"Redacci\u00f3n Pol\u00edticos","date":"30 de agosto de 2026","format":false,"excerpt":"Enrique Pe\u00f1a Nieto volvi\u00f3 a colocarse bajo los reflectores, pero esta vez no por una declaraci\u00f3n pol\u00edtica. El expresidente mexicano fue captado entre los invitados a la boda del cantante israel\u00ed Omer Adam y Sacha Israelovich, realizada en Portofino, Italia. Videos difundidos en redes sociales muestran al exmandatario vestido con\u2026","rel":"","context":"En \u00abNACIONAL\u00bb","block_context":{"text":"NACIONAL","link":"https:\/\/politicosaldesnudo.com.mx\/index.php\/category\/nacional\/"},"img":{"alt_text":"","src":"https:\/\/i0.wp.com\/politicosaldesnudo.com.mx\/wp-content\/uploads\/2026\/08\/pena.webp?fit=768%2C512&ssl=1&resize=350%2C200","width":350,"height":200,"srcset":"https:\/\/i0.wp.com\/politicosaldesnudo.com.mx\/wp-content\/uploads\/2026\/08\/pena.webp?fit=768%2C512&ssl=1&resize=350%2C200 1x, https:\/\/i0.wp.com\/politicosaldesnudo.com.mx\/wp-content\/uploads\/2026\/08\/pena.webp?fit=768%2C512&ssl=1&resize=525%2C300 1.5x, https:\/\/i0.wp.com\/politicosaldesnudo.com.mx\/wp-content\/uploads\/2026\/08\/pena.webp?fit=768%2C512&ssl=1&resize=700%2C400 2x"},"classes":[]}],"jetpack_sharing_enabled":true,"jetpack_featured_media_url":"https:\/\/i0.wp.com\/politicosaldesnudo.com.mx\/wp-content\/uploads\/2024\/09\/chile_shutterstock_1319072456_x1x.jpg_270939306.jpg?fit=1200%2C750&ssl=1","_links":{"self":[{"href":"https:\/\/politicosaldesnudo.com.mx\/index.php\/wp-json\/wp\/v2\/posts\/45617","targetHints":{"allow":["GET"]}}],"collection":[{"href":"https:\/\/politicosaldesnudo.com.mx\/index.php\/wp-json\/wp\/v2\/posts"}],"about":[{"href":"https:\/\/politicosaldesnudo.com.mx\/index.php\/wp-json\/wp\/v2\/types\/post"}],"author":[{"embeddable":true,"href":"https:\/\/politicosaldesnudo.com.mx\/index.php\/wp-json\/wp\/v2\/users\/4"}],"replies":[{"embeddable":true,"href":"https:\/\/politicosaldesnudo.com.mx\/index.php\/wp-json\/wp\/v2\/comments?post=45617"}],"version-history":[{"count":0,"href":"https:\/\/politicosaldesnudo.com.mx\/index.php\/wp-json\/wp\/v2\/posts\/45617\/revisions"}],"wp:featuredmedia":[{"embeddable":true,"href":"https:\/\/politicosaldesnudo.com.mx\/index.php\/wp-json\/wp\/v2\/media\/45618"}],"wp:attachment":[{"href":"https:\/\/politicosaldesnudo.com.mx\/index.php\/wp-json\/wp\/v2\/media?parent=45617"}],"wp:term":[{"taxonomy":"category","embeddable":true,"href":"https:\/\/politicosaldesnudo.com.mx\/index.php\/wp-json\/wp\/v2\/categories?post=45617"},{"taxonomy":"post_tag","embeddable":true,"href":"https:\/\/politicosaldesnudo.com.mx\/index.php\/wp-json\/wp\/v2\/tags?post=45617"}],"curies":[{"name":"wp","href":"https:\/\/api.w.org\/{rel}","templated":true}]}}