{"id":45644,"date":"2024-09-06T05:00:04","date_gmt":"2024-09-06T10:00:04","guid":{"rendered":"https:\/\/politicosaldesnudo.com.mx\/?p=45644"},"modified":"2024-09-05T21:16:47","modified_gmt":"2024-09-06T02:16:47","slug":"codigo-rojo-en-poza-rica-tras-plagio-de-funcionario-estatal","status":"publish","type":"post","link":"https:\/\/politicosaldesnudo.com.mx\/index.php\/2024\/09\/06\/codigo-rojo-en-poza-rica-tras-plagio-de-funcionario-estatal\/","title":{"rendered":"C\u00f3digo Rojo en Poza Rica tras plagio de funcionario estatal"},"content":{"rendered":"<p><span style=\"font-size: 14pt;\">La ma\u00f1ana de este jueves activaron C\u00f3digo Rojo en Poza Rica tras la sustracci\u00f3n del Delegado Estatal de Tr\u00e1nsito, Julio Vega Dom\u00ednguez por un grupo de sujetos armados.<\/span><\/p>\n<p><span style=\"font-size: 14pt;\">Los hechos se reportaron alrededor de las 10 de la ma\u00f1ana en las oficinas de Tr\u00e1nsito del Estado con sede en dicho municipio, cuando el funcionario ten\u00eda minutos de arribar a las instalaciones.<\/span><\/p>\n<p><span style=\"font-size: 14pt;\">Ante tal situaci\u00f3n se activ\u00f3 un operativo en el que participaron autoridades de los tres niveles de gobierno, logrando ubicarlo en un domicilio en la calle 2 de Enero de la colonia Santa Elena, en donde tambi\u00e9n se indica que hubo detenciones.<\/span><\/p>\n<p><span style=\"font-size: 14pt;\">Vega Dom\u00ednguez fue trasladado ante la autoridad correspondiente para rendir declaraci\u00f3n.<\/span><\/p>\n<p><span style=\"font-size: 14pt;\">Cabe destacar que apenas el pasado 31 de agosto se daba a conocer su designaci\u00f3n como nuevo Delegado en Poza Rica, como parte de las rotaciones de la Direcci\u00f3n General de Tr\u00e1nsito reemplazando a Benjam\u00edn Olarte .<\/span><\/p>\n","protected":false},"excerpt":{"rendered":"<p>La ma\u00f1ana de este jueves activaron C\u00f3digo Rojo en Poza Rica tras la sustracci\u00f3n del Delegado Estatal de Tr\u00e1nsito, Julio<\/p>\n","protected":false},"author":4,"featured_media":45645,"comment_status":"closed","ping_status":"closed","sticky":false,"template":"","format":"standard","meta":{"colormag_page_container_layout":"default_layout","colormag_page_sidebar_layout":"default_layout","_jetpack_memberships_contains_paid_content":false,"footnotes":"","jetpack_publicize_message":"","jetpack_publicize_feature_enabled":true,"jetpack_social_post_already_shared":false,"jetpack_social_options":{"image_generator_settings":{"template":"highway","default_image_id":0,"font":"","enabled":false},"version":2}},"categories":[1082],"tags":[],"class_list":["post-45644","post","type-post","status-publish","format-standard","has-post-thumbnail","hentry","category-tuxpan"],"jetpack_publicize_connections":[],"jetpack_featured_media_url":"https:\/\/i0.wp.com\/politicosaldesnudo.com.mx\/wp-content\/uploads\/2024\/09\/codigo-rojo-en-poza-rica-tras-plagio-de-funcionario-estatal-548472.jpeg?fit=800%2C600&ssl=1","jetpack-related-posts":[],"jetpack_sharing_enabled":true,"_links":{"self":[{"href":"https:\/\/politicosaldesnudo.com.mx\/index.php\/wp-json\/wp\/v2\/posts\/45644","targetHints":{"allow":["GET"]}}],"collection":[{"href":"https:\/\/politicosaldesnudo.com.mx\/index.php\/wp-json\/wp\/v2\/posts"}],"about":[{"href":"https:\/\/politicosaldesnudo.com.mx\/index.php\/wp-json\/wp\/v2\/types\/post"}],"author":[{"embeddable":true,"href":"https:\/\/politicosaldesnudo.com.mx\/index.php\/wp-json\/wp\/v2\/users\/4"}],"replies":[{"embeddable":true,"href":"https:\/\/politicosaldesnudo.com.mx\/index.php\/wp-json\/wp\/v2\/comments?post=45644"}],"version-history":[{"count":0,"href":"https:\/\/politicosaldesnudo.com.mx\/index.php\/wp-json\/wp\/v2\/posts\/45644\/revisions"}],"wp:featuredmedia":[{"embeddable":true,"href":"https:\/\/politicosaldesnudo.com.mx\/index.php\/wp-json\/wp\/v2\/media\/45645"}],"wp:attachment":[{"href":"https:\/\/politicosaldesnudo.com.mx\/index.php\/wp-json\/wp\/v2\/media?parent=45644"}],"wp:term":[{"taxonomy":"category","embeddable":true,"href":"https:\/\/politicosaldesnudo.com.mx\/index.php\/wp-json\/wp\/v2\/categories?post=45644"},{"taxonomy":"post_tag","embeddable":true,"href":"https:\/\/politicosaldesnudo.com.mx\/index.php\/wp-json\/wp\/v2\/tags?post=45644"}],"curies":[{"name":"wp","href":"https:\/\/api.w.org\/{rel}","templated":true}]}}