{"id":45716,"date":"2024-09-06T08:26:22","date_gmt":"2024-09-06T13:26:22","guid":{"rendered":"https:\/\/politicosaldesnudo.com.mx\/?p=45716"},"modified":"2024-09-06T08:26:22","modified_gmt":"2024-09-06T13:26:22","slug":"en-monterrey-lanzan-cheicargo-plataforma-que-revolucionara-la-logistica-en-mexico","status":"publish","type":"post","link":"https:\/\/politicosaldesnudo.com.mx\/index.php\/2024\/09\/06\/en-monterrey-lanzan-cheicargo-plataforma-que-revolucionara-la-logistica-en-mexico\/","title":{"rendered":"En Monterrey lanzan Cheicargo, plataforma que revolucionar\u00e1 la log\u00edstica en M\u00e9xico"},"content":{"rendered":"<div>\n<p><span style=\"font-size: 14pt;\">La plataforma tecnol\u00f3gica y app, integra Inteligencia Artificial (IA) y sistemas avanzados de verificaci\u00f3n para mejorar la confiabilidad en el transporte terrestre.<\/span><\/p>\n<\/div>\n<div>\n<div>\n<div><span style=\"font-size: 14pt;\">Cada a\u00f1o m\u00e1s de 2.7 millones de camiones de carga regresan sin mercanc\u00eda a su lugar de origen, lo que implica grandes p\u00e9rdidas para los transportistas, aumento de emisiones de CO2 y una cadena de suministro ineficiente. Por otra parte, cerca del 80% de embarques no cuentan con un seguro para la mercanc\u00eda.<\/span><\/div>\n<\/div>\n<div>\n<div id=\"readNote\">\n<div>\n<p><span style=\"font-size: 14pt;\">Con la finalidad de optimizar y facilitar el proceso de env\u00edo y recepci\u00f3n de mercanc\u00edas, conectando a transportistas y embarcadores a nivel nacional, de manera eficiente y segura, se lanz\u00f3\u00a0Cheicargo, plataforma tecnol\u00f3gica y app que revolucionar\u00e1 al sector del transporte en M\u00e9xico.<\/span><\/p>\n<\/div>\n<\/div>\n<\/div>\n<\/div>\n","protected":false},"excerpt":{"rendered":"<p>La plataforma tecnol\u00f3gica y app, integra Inteligencia Artificial (IA) y sistemas avanzados de verificaci\u00f3n para mejorar la confiabilidad en el<\/p>\n","protected":false},"author":4,"featured_media":45717,"comment_status":"closed","ping_status":"closed","sticky":false,"template":"","format":"standard","meta":{"colormag_page_container_layout":"default_layout","colormag_page_sidebar_layout":"default_layout","_jetpack_memberships_contains_paid_content":false,"footnotes":"","jetpack_publicize_message":"","jetpack_publicize_feature_enabled":true,"jetpack_social_post_already_shared":false,"jetpack_social_options":{"image_generator_settings":{"template":"highway","default_image_id":0,"font":"","enabled":false},"version":2}},"categories":[30],"tags":[],"class_list":["post-45716","post","type-post","status-publish","format-standard","has-post-thumbnail","hentry","category-estados"],"jetpack_publicize_connections":[],"jetpack_featured_media_url":"https:\/\/i0.wp.com\/politicosaldesnudo.com.mx\/wp-content\/uploads\/2024\/09\/cheicargo_monterrey_especial.png_554688468.png?fit=1200%2C675&ssl=1","jetpack-related-posts":[],"jetpack_sharing_enabled":true,"_links":{"self":[{"href":"https:\/\/politicosaldesnudo.com.mx\/index.php\/wp-json\/wp\/v2\/posts\/45716","targetHints":{"allow":["GET"]}}],"collection":[{"href":"https:\/\/politicosaldesnudo.com.mx\/index.php\/wp-json\/wp\/v2\/posts"}],"about":[{"href":"https:\/\/politicosaldesnudo.com.mx\/index.php\/wp-json\/wp\/v2\/types\/post"}],"author":[{"embeddable":true,"href":"https:\/\/politicosaldesnudo.com.mx\/index.php\/wp-json\/wp\/v2\/users\/4"}],"replies":[{"embeddable":true,"href":"https:\/\/politicosaldesnudo.com.mx\/index.php\/wp-json\/wp\/v2\/comments?post=45716"}],"version-history":[{"count":0,"href":"https:\/\/politicosaldesnudo.com.mx\/index.php\/wp-json\/wp\/v2\/posts\/45716\/revisions"}],"wp:featuredmedia":[{"embeddable":true,"href":"https:\/\/politicosaldesnudo.com.mx\/index.php\/wp-json\/wp\/v2\/media\/45717"}],"wp:attachment":[{"href":"https:\/\/politicosaldesnudo.com.mx\/index.php\/wp-json\/wp\/v2\/media?parent=45716"}],"wp:term":[{"taxonomy":"category","embeddable":true,"href":"https:\/\/politicosaldesnudo.com.mx\/index.php\/wp-json\/wp\/v2\/categories?post=45716"},{"taxonomy":"post_tag","embeddable":true,"href":"https:\/\/politicosaldesnudo.com.mx\/index.php\/wp-json\/wp\/v2\/tags?post=45716"}],"curies":[{"name":"wp","href":"https:\/\/api.w.org\/{rel}","templated":true}]}}