{"id":45824,"date":"2024-09-09T01:56:05","date_gmt":"2024-09-09T06:56:05","guid":{"rendered":"https:\/\/politicosaldesnudo.com.mx\/?p=45824"},"modified":"2024-09-09T08:17:10","modified_gmt":"2024-09-09T13:17:10","slug":"trabajadores-del-pjf-se-repliegan-del-senado-para-permitir-discusion-de-la-reforma-judicial","status":"publish","type":"post","link":"https:\/\/politicosaldesnudo.com.mx\/index.php\/2024\/09\/09\/trabajadores-del-pjf-se-repliegan-del-senado-para-permitir-discusion-de-la-reforma-judicial\/","title":{"rendered":"Trabajadores del PJF se repliegan del Senado para permitir discusi\u00f3n de la reforma judicial"},"content":{"rendered":"<div>\n<div id=\"content-body-225-12522458\">\n<p><span style=\"font-size: 14pt;\">La\u00a0Asociaci\u00f3n Nacional de Jueces y Magistrados del Poder Judicial de la Federaci\u00f3n\u00a0(JUFED) anunci\u00f3 que trabajadores que se manten\u00edan plantados en la entrada del\u00a0Senado de la Rep\u00fablica\u00a0se replegaron y redujeron el n\u00famero de cierres para permitir el libre acceso a senadores al recinto legislativo para que discutan la reforma judicial.<\/span><\/p>\n<p><span style=\"font-size: 14pt;\">Mediante un comunicado, la\u00a0JUFED\u00a0expres\u00f3 que realizaron este repliegue para que las y los legisladores no deban acudir a discutir la reforma a una sede alterna.<\/span><\/p>\n<\/div>\n<\/div>\n<div>\n<div id=\"dfp-nota-1x3s\" data-google-query-id=\"CNqg9uXhsogDFffdGAIdzjQccw\">\n<div id=\"google_ads_iframe_\/2000002\/la-prensa\/mexico_nota_1x3_0__container__\"><span style=\"font-size: 14pt;\">\u201cAnte versiones difundidas de que las manifestaciones en los alrededores del Senado de la Rep\u00fablica impiden el acceso a \u00e9ste y que por ello se plantear\u00eda la opci\u00f3n de una sede alterna para sesionar, JUFED y las organizaciones hermanas que participan en \u00e9stas informan que se ha replegado la presencia en todas las calles y v\u00edas de acceso para garantizar su libre paso\u201d.<\/span><\/div>\n<\/div>\n<\/div>\n<article>\n<div id=\"content-body-5851641-12522458\">\n<p><span style=\"font-size: 14pt;\">La instituci\u00f3n encabezada por la jueza Juana Fuentes Vel\u00e1zquez tambi\u00e9n inform\u00f3 que han mantenido di\u00e1logo con el personal de resguardo del Senado, e incluso un notario p\u00fablico acudir\u00e1 el d\u00eda domingo (cuando la reforma comience a discutir en Comisiones) a certificar que los accesos estar\u00e1n libres:<\/span><\/p>\n<p><span style=\"font-size: 14pt;\">\u201cQue quede claro que no seremos nosotros los que busquen impedir el trabajo de las personas legisladoras en la C\u00e1mara Alta. Reiteramos a los legisladores de todos los partidos, que aun cuando estemos en contra de la reforma judicial por sus efectos en la divisi\u00f3n de poderes, no se impedir\u00e1 que las sesiones se realicen\u201d, apunt\u00f3 la Directiva Nacional de la JUFED.<\/span><\/p>\n<p><span style=\"font-size: 14pt;\">Adem\u00e1s, pidieron a los senadores de oposici\u00f3n pol\u00edtica en el recinto (PRI, PAN y MC) \u201ca poner en su m\u00e1s alto inter\u00e9s el futuro de la Rep\u00fablica\u201d, y retireraron el llamado a los senadores Jos\u00e9 Sabino Herrera y Araceli Saucedo (que pasaron de la oposici\u00f3n a formar parte de Morena) \u201ca rectificar y votar en contra considerando el legado hist\u00f3rico que a\u00fan pueden protagonizar\u201d.<\/span><\/p>\n<\/div>\n<\/article>\n","protected":false},"excerpt":{"rendered":"<p>La\u00a0Asociaci\u00f3n Nacional de Jueces y Magistrados del Poder Judicial de la Federaci\u00f3n\u00a0(JUFED) anunci\u00f3 que trabajadores que se manten\u00edan plantados en<\/p>\n","protected":false},"author":4,"featured_media":45825,"comment_status":"closed","ping_status":"closed","sticky":false,"template":"","format":"standard","meta":{"colormag_page_container_layout":"default_layout","colormag_page_sidebar_layout":"default_layout","_jetpack_memberships_contains_paid_content":false,"footnotes":"","jetpack_publicize_message":"","jetpack_publicize_feature_enabled":true,"jetpack_social_post_already_shared":false,"jetpack_social_options":{"image_generator_settings":{"template":"highway","default_image_id":0,"font":"","enabled":false},"version":2}},"categories":[33],"tags":[],"class_list":["post-45824","post","type-post","status-publish","format-standard","has-post-thumbnail","hentry","category-nacional"],"jetpack_publicize_connections":[],"jetpack_featured_media_url":"https:\/\/i0.wp.com\/politicosaldesnudo.com.mx\/wp-content\/uploads\/2024\/09\/PJF.jpg?fit=768%2C479&ssl=1","jetpack-related-posts":[],"jetpack_sharing_enabled":true,"_links":{"self":[{"href":"https:\/\/politicosaldesnudo.com.mx\/index.php\/wp-json\/wp\/v2\/posts\/45824","targetHints":{"allow":["GET"]}}],"collection":[{"href":"https:\/\/politicosaldesnudo.com.mx\/index.php\/wp-json\/wp\/v2\/posts"}],"about":[{"href":"https:\/\/politicosaldesnudo.com.mx\/index.php\/wp-json\/wp\/v2\/types\/post"}],"author":[{"embeddable":true,"href":"https:\/\/politicosaldesnudo.com.mx\/index.php\/wp-json\/wp\/v2\/users\/4"}],"replies":[{"embeddable":true,"href":"https:\/\/politicosaldesnudo.com.mx\/index.php\/wp-json\/wp\/v2\/comments?post=45824"}],"version-history":[{"count":0,"href":"https:\/\/politicosaldesnudo.com.mx\/index.php\/wp-json\/wp\/v2\/posts\/45824\/revisions"}],"wp:featuredmedia":[{"embeddable":true,"href":"https:\/\/politicosaldesnudo.com.mx\/index.php\/wp-json\/wp\/v2\/media\/45825"}],"wp:attachment":[{"href":"https:\/\/politicosaldesnudo.com.mx\/index.php\/wp-json\/wp\/v2\/media?parent=45824"}],"wp:term":[{"taxonomy":"category","embeddable":true,"href":"https:\/\/politicosaldesnudo.com.mx\/index.php\/wp-json\/wp\/v2\/categories?post=45824"},{"taxonomy":"post_tag","embeddable":true,"href":"https:\/\/politicosaldesnudo.com.mx\/index.php\/wp-json\/wp\/v2\/tags?post=45824"}],"curies":[{"name":"wp","href":"https:\/\/api.w.org\/{rel}","templated":true}]}}