{"id":45841,"date":"2024-09-08T02:16:05","date_gmt":"2024-09-08T07:16:05","guid":{"rendered":"https:\/\/politicosaldesnudo.com.mx\/?p=45841"},"modified":"2024-09-08T02:16:05","modified_gmt":"2024-09-08T07:16:05","slug":"domingo-con-potencial-de-lluvias-en-veracruz","status":"publish","type":"post","link":"https:\/\/politicosaldesnudo.com.mx\/index.php\/2024\/09\/08\/domingo-con-potencial-de-lluvias-en-veracruz\/","title":{"rendered":"Domingo con potencial de lluvias en Veracruz"},"content":{"rendered":"<p><span style=\"font-size: 14pt;\">El Frente Fr\u00edo n\u00famero 1 se ubica en el norte del pa\u00eds y se espera que alcance el oeste del Golfo de M\u00e9xico y se combine con la onda tropical 21, que a su vez genera al disturbio tropical 91L con 40% de probabilidad de desarrollo a cicl\u00f3n tropical en el suroeste del mismo Golfo.\u00a0<\/span><\/p>\n<p><span style=\"font-size: 14pt;\">Derivado de lo anterior, se prev\u00e9 un s\u00e1bado y domingo con potencial de lluvias y tormentas dispersas, acumulados de 20 a 50 mm en general, y hasta de 70 a 150 mm en cuencas del norte, sur y monta\u00f1as, as\u00ed mismo, se prev\u00e9 un fortalecimiento de la masa de aire fr\u00edo que mover\u00e1 al frente hacia el suroeste de la regi\u00f3n durante este domingo.<\/span><\/p>\n<p><span style=\"font-size: 14pt;\">El viento ser\u00e1 del noroeste y norte de 40 a 55 km\/h, con rachas fuertes a muy fuertes de 60 a 80 km\/h en el litoral principalmente ma\u00f1ana, elevando el oleaje, las temperaturas ser\u00e1n altas, aunque se espera disminuyan.\u00a0<\/span><\/p>\n<p><span style=\"font-size: 14pt;\">Por lo tanto, se recomienda extremar las precauciones por aumento de probabilidad de deslaves, derrumbes, deslizamiento, crecida de r\u00edos y arroyos e inundaciones.\u00a0<\/span><\/p>\n","protected":false},"excerpt":{"rendered":"<p>El Frente Fr\u00edo n\u00famero 1 se ubica en el norte del pa\u00eds y se espera que alcance el oeste del<\/p>\n","protected":false},"author":4,"featured_media":45842,"comment_status":"closed","ping_status":"closed","sticky":false,"template":"","format":"standard","meta":{"colormag_page_container_layout":"default_layout","colormag_page_sidebar_layout":"default_layout","_jetpack_memberships_contains_paid_content":false,"footnotes":"","jetpack_publicize_message":"","jetpack_publicize_feature_enabled":true,"jetpack_social_post_already_shared":false,"jetpack_social_options":{"image_generator_settings":{"template":"highway","default_image_id":0,"font":"","enabled":false},"version":2}},"categories":[1082],"tags":[],"class_list":["post-45841","post","type-post","status-publish","format-standard","has-post-thumbnail","hentry","category-tuxpan"],"jetpack_publicize_connections":[],"jetpack_featured_media_url":"https:\/\/i0.wp.com\/politicosaldesnudo.com.mx\/wp-content\/uploads\/2024\/09\/sabado-y-domingo-con-potencial-de-lluvias-en-veracruz-548988.jpg?fit=800%2C600&ssl=1","jetpack-related-posts":[],"jetpack_sharing_enabled":true,"_links":{"self":[{"href":"https:\/\/politicosaldesnudo.com.mx\/index.php\/wp-json\/wp\/v2\/posts\/45841","targetHints":{"allow":["GET"]}}],"collection":[{"href":"https:\/\/politicosaldesnudo.com.mx\/index.php\/wp-json\/wp\/v2\/posts"}],"about":[{"href":"https:\/\/politicosaldesnudo.com.mx\/index.php\/wp-json\/wp\/v2\/types\/post"}],"author":[{"embeddable":true,"href":"https:\/\/politicosaldesnudo.com.mx\/index.php\/wp-json\/wp\/v2\/users\/4"}],"replies":[{"embeddable":true,"href":"https:\/\/politicosaldesnudo.com.mx\/index.php\/wp-json\/wp\/v2\/comments?post=45841"}],"version-history":[{"count":0,"href":"https:\/\/politicosaldesnudo.com.mx\/index.php\/wp-json\/wp\/v2\/posts\/45841\/revisions"}],"wp:featuredmedia":[{"embeddable":true,"href":"https:\/\/politicosaldesnudo.com.mx\/index.php\/wp-json\/wp\/v2\/media\/45842"}],"wp:attachment":[{"href":"https:\/\/politicosaldesnudo.com.mx\/index.php\/wp-json\/wp\/v2\/media?parent=45841"}],"wp:term":[{"taxonomy":"category","embeddable":true,"href":"https:\/\/politicosaldesnudo.com.mx\/index.php\/wp-json\/wp\/v2\/categories?post=45841"},{"taxonomy":"post_tag","embeddable":true,"href":"https:\/\/politicosaldesnudo.com.mx\/index.php\/wp-json\/wp\/v2\/tags?post=45841"}],"curies":[{"name":"wp","href":"https:\/\/api.w.org\/{rel}","templated":true}]}}