{"id":45947,"date":"2024-09-10T00:06:44","date_gmt":"2024-09-10T05:06:44","guid":{"rendered":"https:\/\/politicosaldesnudo.com.mx\/?p=45947"},"modified":"2024-09-09T23:20:13","modified_gmt":"2024-09-10T04:20:13","slug":"latimpacto-elige-oaxaca-para-promover-inversiones-sociales-y-ambientales","status":"publish","type":"post","link":"https:\/\/politicosaldesnudo.com.mx\/index.php\/2024\/09\/10\/latimpacto-elige-oaxaca-para-promover-inversiones-sociales-y-ambientales\/","title":{"rendered":"Latimpacto elige Oaxaca para promover inversiones sociales y ambientales"},"content":{"rendered":"<div class=\"jsx-3315747106 resumeNew\">\n<p><span style=\"font-size: 14pt;\">El evento busca resaltar las oportunidades del estado para atraer capitales que promuevan la igualdad de g\u00e9nero, la sostenibilidad y la reducci\u00f3n de la pobreza.<\/span><\/p>\n<\/div>\n<div class=\"jsx-1764542821 newsbody\">\n<div class=\"jsx-670345696 share fixed\">\n<div class=\"jsx-670345696 \"><span style=\"font-size: 14pt;\">Este lunes dio inicio en Oaxaca la tercera edici\u00f3n de la conferencia internacional de Latimpacto, que promueve inversiones con impacto social y ambiental en Am\u00e9rica Latina. Este evento, que por primera vez se celebra en M\u00e9xico, busca generar alianzas entre el sector p\u00fablico, privado y social, se\u00f1alaron, Carolina Su\u00e1rez, CEO de Latimpacto, y Olivia Vadillo, directora de Latimpacto M\u00e9xico.<\/span><\/div>\n<\/div>\n<div class=\"jsx-1764542821\">\n<div id=\"readNote\" class=\"jsx-1764542821\">\n<div class=\"jsx-537108098\">\n<p class=\"jsx-3954459878\"><span style=\"font-size: 14pt;\">La elecci\u00f3n de la sede fue detonada por las caracter\u00edsticas del estado y su compromiso con la sustentabilidad. Se espera la asistencia de 650 representantes de 25 pa\u00edses. \u201cSiempre buscamos lugares que reflejen la conexi\u00f3n con las comunidades y el entorno, Oaxaca es el coraz\u00f3n de la cultura mesoamericana, un lugar donde los actores sociales pueden realmente comprender el territorio y ver las oportunidades de generar impacto\u201d.<\/span><\/p>\n<\/div>\n<\/div>\n<\/div>\n<\/div>\n","protected":false},"excerpt":{"rendered":"<p>El evento busca resaltar las oportunidades del estado para atraer capitales que promuevan la igualdad de g\u00e9nero, la sostenibilidad y<\/p>\n","protected":false},"author":4,"featured_media":45948,"comment_status":"closed","ping_status":"closed","sticky":false,"template":"","format":"standard","meta":{"colormag_page_container_layout":"default_layout","colormag_page_sidebar_layout":"default_layout","_jetpack_memberships_contains_paid_content":false,"footnotes":"","jetpack_publicize_message":"","jetpack_publicize_feature_enabled":true,"jetpack_social_post_already_shared":false,"jetpack_social_options":{"image_generator_settings":{"template":"highway","default_image_id":0,"font":"","enabled":false},"version":2}},"categories":[30],"tags":[],"class_list":["post-45947","post","type-post","status-publish","format-standard","has-post-thumbnail","hentry","category-estados"],"jetpack_publicize_connections":[],"jetpack_featured_media_url":"https:\/\/i0.wp.com\/politicosaldesnudo.com.mx\/wp-content\/uploads\/2024\/09\/shutterstock_2260836137.jpg_270939306.jpg?fit=1200%2C750&ssl=1","jetpack-related-posts":[],"jetpack_sharing_enabled":true,"_links":{"self":[{"href":"https:\/\/politicosaldesnudo.com.mx\/index.php\/wp-json\/wp\/v2\/posts\/45947","targetHints":{"allow":["GET"]}}],"collection":[{"href":"https:\/\/politicosaldesnudo.com.mx\/index.php\/wp-json\/wp\/v2\/posts"}],"about":[{"href":"https:\/\/politicosaldesnudo.com.mx\/index.php\/wp-json\/wp\/v2\/types\/post"}],"author":[{"embeddable":true,"href":"https:\/\/politicosaldesnudo.com.mx\/index.php\/wp-json\/wp\/v2\/users\/4"}],"replies":[{"embeddable":true,"href":"https:\/\/politicosaldesnudo.com.mx\/index.php\/wp-json\/wp\/v2\/comments?post=45947"}],"version-history":[{"count":0,"href":"https:\/\/politicosaldesnudo.com.mx\/index.php\/wp-json\/wp\/v2\/posts\/45947\/revisions"}],"wp:featuredmedia":[{"embeddable":true,"href":"https:\/\/politicosaldesnudo.com.mx\/index.php\/wp-json\/wp\/v2\/media\/45948"}],"wp:attachment":[{"href":"https:\/\/politicosaldesnudo.com.mx\/index.php\/wp-json\/wp\/v2\/media?parent=45947"}],"wp:term":[{"taxonomy":"category","embeddable":true,"href":"https:\/\/politicosaldesnudo.com.mx\/index.php\/wp-json\/wp\/v2\/categories?post=45947"},{"taxonomy":"post_tag","embeddable":true,"href":"https:\/\/politicosaldesnudo.com.mx\/index.php\/wp-json\/wp\/v2\/tags?post=45947"}],"curies":[{"name":"wp","href":"https:\/\/api.w.org\/{rel}","templated":true}]}}